{"id":64673,"date":"2015-12-10T14:37:46","date_gmt":"2015-12-10T17:37:46","guid":{"rendered":"http:\/\/www.eltrabajo.cl\/portal\/?p=64673"},"modified":"2015-12-10T14:37:46","modified_gmt":"2015-12-10T17:37:46","slug":"municipalidad-de-san-felipe-reconoce-urgencia-en-realizar-un-diagnostico-de-especies-arboreas-de-alamedas","status":"publish","type":"post","link":"https:\/\/eltrabajo.cl\/portal\/municipalidad-de-san-felipe-reconoce-urgencia-en-realizar-un-diagnostico-de-especies-arboreas-de-alamedas\/","title":{"rendered":"Municipalidad de San Felipe reconoce urgencia en realizar un diagn\u00f3stico de especies arb\u00f3reas de alamedas"},"content":{"rendered":"<figure id=\"attachment_64674\" aria-describedby=\"caption-attachment-64674\" style=\"width: 300px\" class=\"wp-caption alignleft\"><img data-recalc-dims=\"1\" loading=\"lazy\" decoding=\"async\" class=\"wp-image-64674 size-medium\" src=\"https:\/\/i0.wp.com\/www.eltrabajo.cl\/portal\/wp-content\/uploads\/2015\/12\/FOTO-5-Jorge-Jara-Catal%C3%A1n-Alcalde-Subrrogante-de-San-Felipe-300x197.jpg?resize=300%2C197\" alt=\"Jorge Jara Catal\u00e1n, alcalde (s) de San Felipe.\" width=\"300\" height=\"197\" srcset=\"https:\/\/i0.wp.com\/eltrabajo.cl\/portal\/wp-content\/uploads\/2015\/12\/FOTO-5-Jorge-Jara-Catal%C3%A1n-Alcalde-Subrrogante-de-San-Felipe.jpg?resize=300%2C197&amp;ssl=1 300w, https:\/\/i0.wp.com\/eltrabajo.cl\/portal\/wp-content\/uploads\/2015\/12\/FOTO-5-Jorge-Jara-Catal%C3%A1n-Alcalde-Subrrogante-de-San-Felipe.jpg?resize=200%2C131&amp;ssl=1 200w, https:\/\/i0.wp.com\/eltrabajo.cl\/portal\/wp-content\/uploads\/2015\/12\/FOTO-5-Jorge-Jara-Catal%C3%A1n-Alcalde-Subrrogante-de-San-Felipe.jpg?resize=228%2C150&amp;ssl=1 228w, https:\/\/i0.wp.com\/eltrabajo.cl\/portal\/wp-content\/uploads\/2015\/12\/FOTO-5-Jorge-Jara-Catal%C3%A1n-Alcalde-Subrrogante-de-San-Felipe.jpg?resize=400%2C263&amp;ssl=1 400w, https:\/\/i0.wp.com\/eltrabajo.cl\/portal\/wp-content\/uploads\/2015\/12\/FOTO-5-Jorge-Jara-Catal%C3%A1n-Alcalde-Subrrogante-de-San-Felipe.jpg?w=530&amp;ssl=1 530w\" sizes=\"auto, (max-width: 300px) 100vw, 300px\" \/><figcaption id=\"caption-attachment-64674\" class=\"wp-caption-text\">Jorge Jara Catal\u00e1n, alcalde (s) de San Felipe.<\/figcaption><\/figure>\n<ul>\n<li><strong>Tras reuni\u00f3n con el conductor del taxi se determinar\u00e1 qu\u00e9 responsabilidad tiene el municipio y c\u00f3mo debe responder ante el da\u00f1o que sufri\u00f3 el veh\u00edculo. A su vez, hoy sostendr\u00e1 reuni\u00f3n con Chilquinta para coordinar plan de acci\u00f3n por los da\u00f1os que el pl\u00e1tano oriental provoc\u00f3 en el cableado y alumbrado p\u00fablico.<\/strong><\/li>\n<\/ul>\n<p>Ante la riesgosa y particular situaci\u00f3n que se vivi\u00f3 el martes pasado, cuando un a\u00f1oso pl\u00e1tano oriental de la Alameda Yungay cay\u00f3 sobre la parte trasera de un radiotaxi, afortunadamente sin v\u00edctimas que lamentar, la Municipalidad de San Felipe asumi\u00f3 que los \u00e1rboles de las distintas alamedas deben ser sometidos a un diagn\u00f3stico que permita conocer qu\u00e9 especies ya cumplieron con su ciclo de vida y hoy se transforman en una amenaza para la poblaci\u00f3n.<br \/>\nJorge Jara Catal\u00e1n, alcalde Subrogante de la ciudad de San Felipe, ratific\u00f3 que el municipio tomar\u00e1 dos medidas respecto de esta situaci\u00f3n. La primera de ellas, es que el profesional encargado del tema fue instruido para que en las pr\u00f3ximas 72 horas elabore un informe respecto de la condici\u00f3n de este \u00e1rbol en particular y de otros similares que est\u00e1n en las alamedas.<br \/>\nRespecto a esto Jara asever\u00f3 que \u201cpara todos es p\u00fablico y notorio que en las alamedas, particularmente Chacabuco y Yungay, pero tambi\u00e9n en otros puntos de la ciudad, existen \u00e1rboles de avanzada edad y de grandes dimensiones y que probablemente tengan su per\u00edodo de vida \u00fatil vencido por la condici\u00f3n en que se encuentran\u2026por lo que no cabe duda que habr\u00e1 que intervenir algunas especies que tienen su ciclo de vida completamente vencido\u201d, defini\u00f3.<br \/>\nA su vez, el abogado adelant\u00f3 que es de suma urgencia llevar a cabo un estudio m\u00e1s completo respecto de las especies arb\u00f3reas de la ciudad, por lo cual, proyect\u00f3 que \u201crealizaremos una licitaci\u00f3n p\u00fablica para contratar un servicio de informaci\u00f3n con profesionales capacitados, sin perjuicio que estamos pidiendo apoyo a Conaf en casos puntuales para de esa manera establecer un diagn\u00f3stico claro y categ\u00f3rico con el af\u00e1n de prevenir hechos similares o de mayor riesgo para la comunidad\u201d, enfatiz\u00f3.<br \/>\nSin embargo, el profesional asume que el problema no se acaba s\u00f3lo cortando los \u00e1rboles e hizo menci\u00f3n a las cr\u00edticas que ha recibido la administraci\u00f3n de Freire por la serie de especies arb\u00f3reas que se han cortado en el \u00faltimo tiempo, particularmente los \u00e1lamos que amenazaban ca\u00edda y riesgo para los vecinos de la poblaci\u00f3n Yungay espec\u00edficamente de calle Joaqu\u00edn Oliva.<br \/>\n\u201cEst\u00e1n los estudios t\u00e9cnicos y el informe del profesional del municipio y se tom\u00f3 esa decisi\u00f3n, contra la opini\u00f3n de algunos particulares. La Junta de Vecinos hab\u00eda pedido formalmente al concejo y al propio alcalde que se tomara esa decisi\u00f3n y de hecho hay muestras fidedignas de los cortes que quedaron en propiedad municipal, que los \u00e1rboles estaban en condiciones inadecuadas desde el punto de vista de su naturaleza, as\u00ed que ah\u00ed se tom\u00f3 una medida de orden preventiva\u201d, acus\u00f3 el profesional.<br \/>\nEn relaci\u00f3n a la re arborizaci\u00f3n, Jara se\u00f1al\u00f3 que debe trabajarse en la elaboraci\u00f3n de un proyecto m\u00e1s intenso y completo que requiere el apoyo de la comunidad, porque cada vez que se plantan especies arb\u00f3reas de ciertas caracter\u00edsticas, al d\u00eda siguiente se encuentran cortadas, rotas o simplemente se las roban, por tanto existe un problema cultural complejo que se debe abordar y que forma parte del problema.<\/p>\n<p><strong>RESPONSABILIDADES EN EL HECHO<\/strong><br \/>\nRespecto de la responsabilidad que le cabe al municipio en este incidente que termin\u00f3 con un radiotaxi completamente destruido y con alumbrado p\u00fablico y l\u00edneas telef\u00f3nicas cortadas, Jara asever\u00f3 que \u201ces un hecho fortuito, pero la Municipalidad como administradora de los bienes nacionales de uso p\u00fablico se hace responsable de reparar los da\u00f1os que sean de pertinencia en esta situaci\u00f3n\u201d, puntualiz\u00f3.<br \/>\nEn cuanto al autom\u00f3vil, Jara detall\u00f3 que las responsabilidades est\u00e1n por determinarse ya que \u201ca pesar de lo que se ha dicho en algunos medios y como alcalde subrogante hoy (ayer), no tengo certeza si el veh\u00edculo estaba en movimiento -entiendo que en el parte policial as\u00ed se consign\u00f3-, o si estaba estacionado frente al lugar donde cay\u00f3 el \u00e1rbol. Eso genera inmediatamente una singularidad respecto del tema de las responsabilidades, por eso no es bueno aventurar juicios y es mejor conocer primero la versi\u00f3n de esta persona de primera fuente\u201d, aclar\u00f3.<br \/>\nEn este punto el personero asegur\u00f3 que personal municipal cit\u00f3 al conductor del veh\u00edculo para conversar con \u00e9l y conocer cu\u00e1l es la condici\u00f3n y las caracter\u00edsticas puntuales del hecho y de esta forma analizar los cursos de acci\u00f3n, puesto que \u201cen el evento si hubiere alguna toma de responsabilidad del municipio tendr\u00edamos que celebrar una transacci\u00f3n extra judicial, hay un procedimiento que est\u00e1 considerado en la ley, pero esto en el evento que se establezca que hay una responsabilidad netamente municipal\u201d, sentenci\u00f3.<br \/>\nEn caso que el m\u00f3vil haya estado estacionado en el lugar, el asesor jur\u00eddico del municipio explic\u00f3 que \u201cah\u00ed est\u00e1 prohibido estacionar veh\u00edculos, por eso queremos establecer aquello con el conductor del taxi y poder determinar con mayor claridad porque las versiones que tenemos son disimiles. La municipalidad tiene la obligaci\u00f3n de asumir su responsabilidad en el evento que se establezca que as\u00ed corresponde y hay normativas jur\u00eddicas que nos obligan a aquello, pero tambi\u00e9n con la misma claridad digo que cuando el municipio no se ve obligado a indemnizar por alguna raz\u00f3n de orden jur\u00eddico obviamente no puede hacerlo por muy buenas intenciones que el administrador, en este caso el alcalde Patricio Freire, tenga frente a un particular que haya sufrido alg\u00fan perjuicio\u201d, especific\u00f3.<br \/>\nRespecto de c\u00f3mo se resolver\u00e1 el tema del alumbrado p\u00fablico con Chilquinta Jara mencion\u00f3 que ya estaba programada para hoy una reuni\u00f3n con el administrador local, con el fin de analizar el tema que le corresponde a la municipalidad en ese punto en particular.<\/p>\n","protected":false},"excerpt":{"rendered":"<p>Tras reuni\u00f3n con el conductor del taxi se determinar\u00e1 qu\u00e9 responsabilidad tiene el municipio y c\u00f3mo debe responder ante el da\u00f1o que sufri\u00f3 el veh\u00edculo. A su vez, hoy sostendr\u00e1 reuni\u00f3n con&#8230;<\/p>\n","protected":false},"author":482,"featured_media":64674,"comment_status":"open","ping_status":"open","sticky":false,"template":"","format":"standard","meta":{"advanced_seo_description":"","jetpack_seo_html_title":"","jetpack_seo_noindex":false,"_jetpack_memberships_contains_paid_content":false,"footnotes":""},"categories":[1],"tags":[],"class_list":["post-64673","post","type-post","status-publish","format-standard","has-post-thumbnail","hentry","category-cronica"],"jetpack_featured_media_url":"https:\/\/i0.wp.com\/eltrabajo.cl\/portal\/wp-content\/uploads\/2015\/12\/FOTO-5-Jorge-Jara-Catal%C3%A1n-Alcalde-Subrrogante-de-San-Felipe.jpg?fit=530%2C348&ssl=1","jetpack_sharing_enabled":true,"jetpack_likes_enabled":true,"jetpack-related-posts":[],"_links":{"self":[{"href":"https:\/\/eltrabajo.cl\/portal\/wp-json\/wp\/v2\/posts\/64673","targetHints":{"allow":["GET"]}}],"collection":[{"href":"https:\/\/eltrabajo.cl\/portal\/wp-json\/wp\/v2\/posts"}],"about":[{"href":"https:\/\/eltrabajo.cl\/portal\/wp-json\/wp\/v2\/types\/post"}],"author":[{"embeddable":true,"href":"https:\/\/eltrabajo.cl\/portal\/wp-json\/wp\/v2\/users\/482"}],"replies":[{"embeddable":true,"href":"https:\/\/eltrabajo.cl\/portal\/wp-json\/wp\/v2\/comments?post=64673"}],"version-history":[{"count":0,"href":"https:\/\/eltrabajo.cl\/portal\/wp-json\/wp\/v2\/posts\/64673\/revisions"}],"wp:featuredmedia":[{"embeddable":true,"href":"https:\/\/eltrabajo.cl\/portal\/wp-json\/wp\/v2\/media\/64674"}],"wp:attachment":[{"href":"https:\/\/eltrabajo.cl\/portal\/wp-json\/wp\/v2\/media?parent=64673"}],"wp:term":[{"taxonomy":"category","embeddable":true,"href":"https:\/\/eltrabajo.cl\/portal\/wp-json\/wp\/v2\/categories?post=64673"},{"taxonomy":"post_tag","embeddable":true,"href":"https:\/\/eltrabajo.cl\/portal\/wp-json\/wp\/v2\/tags?post=64673"}],"curies":[{"name":"wp","href":"https:\/\/api.w.org\/{rel}","templated":true}]}}