{"id":64676,"date":"2015-12-10T14:39:46","date_gmt":"2015-12-10T17:39:46","guid":{"rendered":"http:\/\/www.eltrabajo.cl\/portal\/?p=64676"},"modified":"2015-12-10T14:39:46","modified_gmt":"2015-12-10T17:39:46","slug":"tras-mala-maniobra-conductor-termino-incrustado-en-vivienda-de-calle-tocornal","status":"publish","type":"post","link":"https:\/\/eltrabajo.cl\/portal\/tras-mala-maniobra-conductor-termino-incrustado-en-vivienda-de-calle-tocornal\/","title":{"rendered":"Tras mala maniobra conductor termin\u00f3 incrustado en vivienda de calle Tocornal"},"content":{"rendered":"<figure id=\"attachment_64677\" aria-describedby=\"caption-attachment-64677\" style=\"width: 300px\" class=\"wp-caption alignleft\"><img data-recalc-dims=\"1\" loading=\"lazy\" decoding=\"async\" class=\"wp-image-64677 size-medium\" src=\"https:\/\/i0.wp.com\/www.eltrabajo.cl\/portal\/wp-content\/uploads\/2015\/12\/CHOQUE-1-300x198.jpg?resize=300%2C198\" alt=\"Da\u00f1os a la propiedad y al mismo veh\u00edculo involucrado se produjeron tras un accidente ocurrido la ma\u00f1ana de ayer mi\u00e9rcoles en calle Tocornal esquina Escuela Agr\u00edcola en San Felipe.\" width=\"300\" height=\"198\" srcset=\"https:\/\/i0.wp.com\/eltrabajo.cl\/portal\/wp-content\/uploads\/2015\/12\/CHOQUE-1.jpg?resize=300%2C198&amp;ssl=1 300w, https:\/\/i0.wp.com\/eltrabajo.cl\/portal\/wp-content\/uploads\/2015\/12\/CHOQUE-1.jpg?resize=200%2C132&amp;ssl=1 200w, https:\/\/i0.wp.com\/eltrabajo.cl\/portal\/wp-content\/uploads\/2015\/12\/CHOQUE-1.jpg?resize=227%2C150&amp;ssl=1 227w, https:\/\/i0.wp.com\/eltrabajo.cl\/portal\/wp-content\/uploads\/2015\/12\/CHOQUE-1.jpg?resize=400%2C264&amp;ssl=1 400w, https:\/\/i0.wp.com\/eltrabajo.cl\/portal\/wp-content\/uploads\/2015\/12\/CHOQUE-1.jpg?w=530&amp;ssl=1 530w\" sizes=\"auto, (max-width: 300px) 100vw, 300px\" \/><figcaption id=\"caption-attachment-64677\" class=\"wp-caption-text\">Da\u00f1os a la propiedad y al mismo veh\u00edculo involucrado se produjeron tras un accidente ocurrido la ma\u00f1ana de ayer mi\u00e9rcoles en calle Tocornal esquina Escuela Agr\u00edcola en San Felipe.<\/figcaption><\/figure>\n<p>Con contusiones de car\u00e1cter leve result\u00f3 un automovilista de 27 a\u00f1os de edad, quien aparentemente realiz\u00f3 una mala maniobra durante su conducci\u00f3n y termin\u00f3 incrustado en una vivienda ubicada es calle Tocornal 2607 esquina Escuela Agr\u00edcola de San Felipe, provocando serios da\u00f1os en una pandereta y una reja met\u00e1lica, avaluados en la suma de $400.000 por su propietaria.<br \/>\nEl accidente se produjo cerca de las 08:00 horas de la ma\u00f1ana de ayer mi\u00e9rcoles, cuando el conductor del autom\u00f3vil, marca Chevrolet de color azul placa patente DL ZS 90, individualizado con las iniciales J.A.U.C. , que se movilizaba por dicha arteria en normal estado de intemperancia alcoh\u00f3lica, perdi\u00f3 el control de su m\u00f3vil estrell\u00e1ndose violentamente contra la vivienda.<\/p>\n<figure id=\"attachment_64678\" aria-describedby=\"caption-attachment-64678\" style=\"width: 300px\" class=\"wp-caption alignright\"><img data-recalc-dims=\"1\" loading=\"lazy\" decoding=\"async\" class=\"wp-image-64678 size-medium\" src=\"https:\/\/i0.wp.com\/www.eltrabajo.cl\/portal\/wp-content\/uploads\/2015\/12\/CHOQUE-2-300x198.jpg?resize=300%2C198\" alt=\"El automovilista result\u00f3 con contusiones leves tras el accidente, debiendo ser derivado hasta el Hospital San Camilo de San Felipe.\" width=\"300\" height=\"198\" srcset=\"https:\/\/i0.wp.com\/eltrabajo.cl\/portal\/wp-content\/uploads\/2015\/12\/CHOQUE-2.jpg?resize=300%2C198&amp;ssl=1 300w, https:\/\/i0.wp.com\/eltrabajo.cl\/portal\/wp-content\/uploads\/2015\/12\/CHOQUE-2.jpg?resize=200%2C132&amp;ssl=1 200w, https:\/\/i0.wp.com\/eltrabajo.cl\/portal\/wp-content\/uploads\/2015\/12\/CHOQUE-2.jpg?resize=228%2C150&amp;ssl=1 228w, https:\/\/i0.wp.com\/eltrabajo.cl\/portal\/wp-content\/uploads\/2015\/12\/CHOQUE-2.jpg?resize=400%2C263&amp;ssl=1 400w, https:\/\/i0.wp.com\/eltrabajo.cl\/portal\/wp-content\/uploads\/2015\/12\/CHOQUE-2.jpg?w=530&amp;ssl=1 530w\" sizes=\"auto, (max-width: 300px) 100vw, 300px\" \/><figcaption id=\"caption-attachment-64678\" class=\"wp-caption-text\">El automovilista result\u00f3 con contusiones leves tras el accidente, debiendo ser derivado hasta el Hospital San Camilo de San Felipe.<\/figcaption><\/figure>\n<p>Al lugar debi\u00f3 concurrir personal de Carabineros para adoptar el procedimiento y al mismo tiempo el Samu para asistir al automovilista que result\u00f3 contuso leve, debiendo practicarle el examen de alcoholemia de rigor en el Hospital San Camilo de San Felipe.<br \/>\nCarabineros inform\u00f3 que el conductor del m\u00f3vil manten\u00eda la documentaci\u00f3n del veh\u00edculo al d\u00eda, entregando los antecedentes del caso al Juzgado de Polic\u00eda Local a la espera de citaci\u00f3n.<br \/>\n<strong>Pablo Salinas Sald\u00edas<\/strong><\/p>\n","protected":false},"excerpt":{"rendered":"<p>Con contusiones de car\u00e1cter leve result\u00f3 un automovilista de 27 a\u00f1os de edad, quien aparentemente realiz\u00f3 una mala maniobra durante su conducci\u00f3n y termin\u00f3 incrustado en una vivienda ubicada es calle Tocornal&#8230;<\/p>\n","protected":false},"author":482,"featured_media":64677,"comment_status":"open","ping_status":"open","sticky":false,"template":"","format":"standard","meta":{"advanced_seo_description":"","jetpack_seo_html_title":"","jetpack_seo_noindex":false,"_jetpack_memberships_contains_paid_content":false,"footnotes":""},"categories":[21],"tags":[],"class_list":["post-64676","post","type-post","status-publish","format-standard","has-post-thumbnail","hentry","category-policial"],"jetpack_featured_media_url":"https:\/\/i0.wp.com\/eltrabajo.cl\/portal\/wp-content\/uploads\/2015\/12\/CHOQUE-1.jpg?fit=530%2C350&ssl=1","jetpack_sharing_enabled":true,"jetpack_likes_enabled":true,"jetpack-related-posts":[],"_links":{"self":[{"href":"https:\/\/eltrabajo.cl\/portal\/wp-json\/wp\/v2\/posts\/64676","targetHints":{"allow":["GET"]}}],"collection":[{"href":"https:\/\/eltrabajo.cl\/portal\/wp-json\/wp\/v2\/posts"}],"about":[{"href":"https:\/\/eltrabajo.cl\/portal\/wp-json\/wp\/v2\/types\/post"}],"author":[{"embeddable":true,"href":"https:\/\/eltrabajo.cl\/portal\/wp-json\/wp\/v2\/users\/482"}],"replies":[{"embeddable":true,"href":"https:\/\/eltrabajo.cl\/portal\/wp-json\/wp\/v2\/comments?post=64676"}],"version-history":[{"count":0,"href":"https:\/\/eltrabajo.cl\/portal\/wp-json\/wp\/v2\/posts\/64676\/revisions"}],"wp:featuredmedia":[{"embeddable":true,"href":"https:\/\/eltrabajo.cl\/portal\/wp-json\/wp\/v2\/media\/64677"}],"wp:attachment":[{"href":"https:\/\/eltrabajo.cl\/portal\/wp-json\/wp\/v2\/media?parent=64676"}],"wp:term":[{"taxonomy":"category","embeddable":true,"href":"https:\/\/eltrabajo.cl\/portal\/wp-json\/wp\/v2\/categories?post=64676"},{"taxonomy":"post_tag","embeddable":true,"href":"https:\/\/eltrabajo.cl\/portal\/wp-json\/wp\/v2\/tags?post=64676"}],"curies":[{"name":"wp","href":"https:\/\/api.w.org\/{rel}","templated":true}]}}