{"id":64680,"date":"2015-12-10T14:41:03","date_gmt":"2015-12-10T17:41:03","guid":{"rendered":"http:\/\/www.eltrabajo.cl\/portal\/?p=64680"},"modified":"2015-12-10T14:41:03","modified_gmt":"2015-12-10T17:41:03","slug":"delincuentes-disparan-contra-carabineros-en-pleno-robo-de-caja-fuerte","status":"publish","type":"post","link":"https:\/\/eltrabajo.cl\/portal\/delincuentes-disparan-contra-carabineros-en-pleno-robo-de-caja-fuerte\/","title":{"rendered":"Delincuentes disparan contra Carabineros en pleno robo de caja fuerte"},"content":{"rendered":"<figure id=\"attachment_64681\" aria-describedby=\"caption-attachment-64681\" style=\"width: 300px\" class=\"wp-caption alignleft\"><img data-recalc-dims=\"1\" loading=\"lazy\" decoding=\"async\" class=\"wp-image-64681 size-medium\" src=\"https:\/\/i0.wp.com\/www.eltrabajo.cl\/portal\/wp-content\/uploads\/2015\/12\/DETENIDOS-AGUA-POTABLE-copia-300x198.jpg?resize=300%2C198\" alt=\"Los antisociales capturados por Carabineros pertenec\u00edan a una banda delictual que perpetr\u00f3 el robo de una caja fuerte al interior de la sede del Comit\u00e9 de Agua Potable Rural de Llay Llay.\" width=\"300\" height=\"198\" srcset=\"https:\/\/i0.wp.com\/eltrabajo.cl\/portal\/wp-content\/uploads\/2015\/12\/DETENIDOS-AGUA-POTABLE-copia.jpg?resize=300%2C198&amp;ssl=1 300w, https:\/\/i0.wp.com\/eltrabajo.cl\/portal\/wp-content\/uploads\/2015\/12\/DETENIDOS-AGUA-POTABLE-copia.jpg?resize=200%2C132&amp;ssl=1 200w, https:\/\/i0.wp.com\/eltrabajo.cl\/portal\/wp-content\/uploads\/2015\/12\/DETENIDOS-AGUA-POTABLE-copia.jpg?resize=228%2C150&amp;ssl=1 228w, https:\/\/i0.wp.com\/eltrabajo.cl\/portal\/wp-content\/uploads\/2015\/12\/DETENIDOS-AGUA-POTABLE-copia.jpg?resize=400%2C263&amp;ssl=1 400w, https:\/\/i0.wp.com\/eltrabajo.cl\/portal\/wp-content\/uploads\/2015\/12\/DETENIDOS-AGUA-POTABLE-copia.jpg?w=530&amp;ssl=1 530w\" sizes=\"auto, (max-width: 300px) 100vw, 300px\" \/><figcaption id=\"caption-attachment-64681\" class=\"wp-caption-text\">Los antisociales capturados por Carabineros pertenec\u00edan a una banda delictual que perpetr\u00f3 el robo de una caja fuerte al interior de la sede del Comit\u00e9 de Agua Potable Rural de Llay Llay.<\/figcaption><\/figure>\n<ul>\n<li><strong>Carabineros debi\u00f3 usar su armamento de servicio para su resguardo personal luego que los antisociales movilizados en un veh\u00edculo disparaban en su contra. Sin embargo se logr\u00f3 la detenci\u00f3n de dos de los cinco sujetos y la recuperaci\u00f3n de la caja fuerte que conten\u00eda dinero en efectivo y un notebook.<\/strong><\/li>\n<\/ul>\n<p>Tras un peligroso enfrentamiento a balazos entre delincuentes y el personal de Carabineros de la Subcomisar\u00eda de Llay Llay, se detuvo a dos de los cinco antisociales que perpetraron el robo de una caja fuerte que manten\u00eda $850.000 en efectivo y un notebook, desde la sede del Comit\u00e9 de Agua Potable en el sector rural de El Porvenir de esa localidad, logrando adem\u00e1s frustrar el delito.<br \/>\nUn llamado an\u00f3nimo a nivel 133 a eso de las 03:50 horas de la madrugada de ayer mi\u00e9rcoles, inform\u00f3 a Carabineros la ocurrencia de un robo en ese sector, inici\u00e1ndose un despliegue policial que sorprendi\u00f3 a cinco sujetos cargando la caja fuerte en el interior de un autom\u00f3vil marca Chevrolet Astra color burdeo, placa patente TV 3874.<br \/>\nLos delincuentes al advertir la presencia policial, habr\u00edan desenfundado un arma de fuego disparando en contra de los efectivos de Carabineros que debieron resguardarse y utilizar su armamento de servicio para su defensa personal.<br \/>\nSin embargo, tras la tenaz oposici\u00f3n de estos malhechores, Carabineros logr\u00f3 incautar el veh\u00edculo en que se movilizaban, que estaba inscrito a nombre de la esposa de uno de estos sujetos, adem\u00e1s de la recuperaci\u00f3n del dinero en efectivo y el computador port\u00e1til perteneciente al Comit\u00e9 de Agua Potable Rural de Llay Llay.<br \/>\nDe esta manera, la polic\u00eda logr\u00f3 arrestar a dos de los antisociales individualizados como Pedro Sandoval Rojas de 34 a\u00f1os de edad y Luis Orozco V\u00e9liz con tan solo 18 a\u00f1os, ambos con antecedentes penales por delito de hurto y lesiones. No obstante, el resto de la banda delictual logr\u00f3 huir escapando hacia parcelas colindantes al sector, sin lograr su captura debido a la oscuridad de la noche, seg\u00fan consign\u00f3 Carabineros.<br \/>\nFinalizado el procedimiento no se registraron personas ni funcionarios policiales lesionados. Ambos detenidos fueron derivados hasta el Juzgado de Garant\u00eda de San Felipe para ser formalizados por el delito de robo en lugar no habitado en grado de frustrado.<br \/>\nEl Tribunal asign\u00f3 cautelares para Sandoval Rojas el arresto domiciliario total y la prohibici\u00f3n de salir del pa\u00eds, mientras que para Orozco V\u00e9liz deber\u00e1 firmar mensualmente en dependencias de Carabineros de La Calera y arraigo nacional mientras culmine el per\u00edodo de investigaci\u00f3n a cargo de la Fiscal\u00eda de San Felipe.<br \/>\n<strong>Pablo Salinas Sald\u00edas<\/strong><\/p>\n","protected":false},"excerpt":{"rendered":"<p>Carabineros debi\u00f3 usar su armamento de servicio para su resguardo personal luego que los antisociales movilizados en un veh\u00edculo disparaban en su contra. Sin embargo se logr\u00f3 la detenci\u00f3n de dos de&#8230;<\/p>\n","protected":false},"author":482,"featured_media":64681,"comment_status":"open","ping_status":"open","sticky":false,"template":"","format":"standard","meta":{"advanced_seo_description":"","jetpack_seo_html_title":"","jetpack_seo_noindex":false,"_jetpack_memberships_contains_paid_content":false,"footnotes":""},"categories":[21],"tags":[],"class_list":["post-64680","post","type-post","status-publish","format-standard","has-post-thumbnail","hentry","category-policial"],"jetpack_featured_media_url":"https:\/\/i0.wp.com\/eltrabajo.cl\/portal\/wp-content\/uploads\/2015\/12\/DETENIDOS-AGUA-POTABLE-copia.jpg?fit=530%2C349&ssl=1","jetpack_sharing_enabled":true,"jetpack_likes_enabled":true,"jetpack-related-posts":[],"_links":{"self":[{"href":"https:\/\/eltrabajo.cl\/portal\/wp-json\/wp\/v2\/posts\/64680","targetHints":{"allow":["GET"]}}],"collection":[{"href":"https:\/\/eltrabajo.cl\/portal\/wp-json\/wp\/v2\/posts"}],"about":[{"href":"https:\/\/eltrabajo.cl\/portal\/wp-json\/wp\/v2\/types\/post"}],"author":[{"embeddable":true,"href":"https:\/\/eltrabajo.cl\/portal\/wp-json\/wp\/v2\/users\/482"}],"replies":[{"embeddable":true,"href":"https:\/\/eltrabajo.cl\/portal\/wp-json\/wp\/v2\/comments?post=64680"}],"version-history":[{"count":0,"href":"https:\/\/eltrabajo.cl\/portal\/wp-json\/wp\/v2\/posts\/64680\/revisions"}],"wp:featuredmedia":[{"embeddable":true,"href":"https:\/\/eltrabajo.cl\/portal\/wp-json\/wp\/v2\/media\/64681"}],"wp:attachment":[{"href":"https:\/\/eltrabajo.cl\/portal\/wp-json\/wp\/v2\/media?parent=64680"}],"wp:term":[{"taxonomy":"category","embeddable":true,"href":"https:\/\/eltrabajo.cl\/portal\/wp-json\/wp\/v2\/categories?post=64680"},{"taxonomy":"post_tag","embeddable":true,"href":"https:\/\/eltrabajo.cl\/portal\/wp-json\/wp\/v2\/tags?post=64680"}],"curies":[{"name":"wp","href":"https:\/\/api.w.org\/{rel}","templated":true}]}}