{"id":64683,"date":"2015-12-10T14:43:02","date_gmt":"2015-12-10T17:43:02","guid":{"rendered":"http:\/\/www.eltrabajo.cl\/portal\/?p=64683"},"modified":"2015-12-10T14:43:02","modified_gmt":"2015-12-10T17:43:02","slug":"condenan-pena-maxima-de-10-anos-de-carcel-para-homicida-del-rugbista","status":"publish","type":"post","link":"https:\/\/eltrabajo.cl\/portal\/condenan-pena-maxima-de-10-anos-de-carcel-para-homicida-del-rugbista\/","title":{"rendered":"Condenan pena m\u00e1xima de 10 a\u00f1os de c\u00e1rcel para homicida del rugbista"},"content":{"rendered":"<figure id=\"attachment_64684\" aria-describedby=\"caption-attachment-64684\" style=\"width: 300px\" class=\"wp-caption alignleft\"><img data-recalc-dims=\"1\" loading=\"lazy\" decoding=\"async\" class=\"wp-image-64684 size-medium\" src=\"https:\/\/i0.wp.com\/www.eltrabajo.cl\/portal\/wp-content\/uploads\/2015\/12\/Camilo-Martinez-Rata-Messi-1-300x196.jpg?resize=300%2C196\" alt=\"Camilo Mart\u00ednez Fern\u00e1ndez apodado el \u2018Rata Messi\u2019 fue condenado por homicidio simple y deber\u00e1 cumplir 10 a\u00f1os de c\u00e1rcel seg\u00fan la decisi\u00f3n del Tribunal Oral en Lo Penal de San Felipe\" width=\"300\" height=\"196\" srcset=\"https:\/\/i0.wp.com\/eltrabajo.cl\/portal\/wp-content\/uploads\/2015\/12\/Camilo-Martinez-Rata-Messi-1.jpg?resize=300%2C196&amp;ssl=1 300w, https:\/\/i0.wp.com\/eltrabajo.cl\/portal\/wp-content\/uploads\/2015\/12\/Camilo-Martinez-Rata-Messi-1.jpg?resize=200%2C131&amp;ssl=1 200w, https:\/\/i0.wp.com\/eltrabajo.cl\/portal\/wp-content\/uploads\/2015\/12\/Camilo-Martinez-Rata-Messi-1.jpg?resize=229%2C150&amp;ssl=1 229w, https:\/\/i0.wp.com\/eltrabajo.cl\/portal\/wp-content\/uploads\/2015\/12\/Camilo-Martinez-Rata-Messi-1.jpg?resize=400%2C262&amp;ssl=1 400w, https:\/\/i0.wp.com\/eltrabajo.cl\/portal\/wp-content\/uploads\/2015\/12\/Camilo-Martinez-Rata-Messi-1.jpg?w=530&amp;ssl=1 530w\" sizes=\"auto, (max-width: 300px) 100vw, 300px\" \/><figcaption id=\"caption-attachment-64684\" class=\"wp-caption-text\">Camilo Mart\u00ednez Fern\u00e1ndez apodado el \u2018Rata Messi\u2019 fue condenado por homicidio simple y deber\u00e1 cumplir 10 a\u00f1os de c\u00e1rcel seg\u00fan la decisi\u00f3n del Tribunal Oral en Lo Penal de San Felipe<\/figcaption><\/figure>\n<ul>\n<li><strong>Camilo Mart\u00ednez Fern\u00e1ndez fue enjuiciado por el Tribunal Oral en Lo Penal de San Felipe, quien consider\u00f3 su culpabilidad en el homicidio simple del rugbista Danilo Olivares Zamora, asesinado de una certera estocada en el t\u00f3rax en la comuna de Llay Llay.<\/strong><\/li>\n<\/ul>\n<p>Luego que el Tribunal declarara culpable a Camilo Mart\u00ednez Fern\u00e1ndez del delito de homicidio simple, la tarde de ayer mi\u00e9rcoles emiti\u00f3 la sentencia condenatoria de diez a\u00f1os de presidio efectivo por su autor\u00eda en el asesinato de Danilo Olivares Zamora, un joven padre, deportista, de 36 a\u00f1os de edad, que perdi\u00f3 la vida tras haber sido acuchillado en el t\u00f3rax por el actual condenado, apodado \u2018El Rata Messi\u2019, en la comuna de Llay Llay.<br \/>\nLa terna de jueces del Tribunal Oral en Lo Penal de San Felipe, acogi\u00f3 el requerimiento de la Fiscal\u00eda que persegu\u00eda precisamente esta pena de 10 a\u00f1os de c\u00e1rcel en virtud de este crimen. Sentencia que dej\u00f3 satisfecho al Fiscal Jefe de este caso, Eduardo Fajardo de La Cuba, que logr\u00f3 comprobar con pruebas contundentes la autor\u00eda del homicidio.<\/p>\n<figure id=\"attachment_64685\" aria-describedby=\"caption-attachment-64685\" style=\"width: 300px\" class=\"wp-caption alignright\"><img data-recalc-dims=\"1\" loading=\"lazy\" decoding=\"async\" class=\"wp-image-64685 size-medium\" src=\"https:\/\/i0.wp.com\/www.eltrabajo.cl\/portal\/wp-content\/uploads\/2015\/12\/Danilo-Olivares-1-300x198.jpg?resize=300%2C198\" alt=\"Danilo Olivares Zamora, ten\u00eda 36 a\u00f1os de edad, falleci\u00f3 v\u00edctima de una certera estocada en el t\u00f3rax.\" width=\"300\" height=\"198\" srcset=\"https:\/\/i0.wp.com\/eltrabajo.cl\/portal\/wp-content\/uploads\/2015\/12\/Danilo-Olivares-1.jpg?resize=300%2C198&amp;ssl=1 300w, https:\/\/i0.wp.com\/eltrabajo.cl\/portal\/wp-content\/uploads\/2015\/12\/Danilo-Olivares-1.jpg?resize=200%2C132&amp;ssl=1 200w, https:\/\/i0.wp.com\/eltrabajo.cl\/portal\/wp-content\/uploads\/2015\/12\/Danilo-Olivares-1.jpg?resize=227%2C150&amp;ssl=1 227w, https:\/\/i0.wp.com\/eltrabajo.cl\/portal\/wp-content\/uploads\/2015\/12\/Danilo-Olivares-1.jpg?resize=400%2C264&amp;ssl=1 400w, https:\/\/i0.wp.com\/eltrabajo.cl\/portal\/wp-content\/uploads\/2015\/12\/Danilo-Olivares-1.jpg?w=530&amp;ssl=1 530w\" sizes=\"auto, (max-width: 300px) 100vw, 300px\" \/><figcaption id=\"caption-attachment-64685\" class=\"wp-caption-text\">Danilo Olivares Zamora, ten\u00eda 36 a\u00f1os de edad, falleci\u00f3 v\u00edctima de una certera estocada en el t\u00f3rax.<\/figcaption><\/figure>\n<p><strong>CRUDO HOMICIDIO<\/strong><br \/>\nComo se recordar\u00e1, el crimen sucedi\u00f3 a eso de las 05:00 horas de la madrugada el 26 de julio del a\u00f1o 2014, en la intersecci\u00f3n de avenida Balmaceda con Ignacio Carrera Pinto de la comuna de Llay Llay. En circunstancias que la v\u00edctima, Danilo Olivares, se encontraba junto a un amigo en el paradero de locomoci\u00f3n colectiva, a la espera de un taxi para dirigirse hasta su domicilio luego de haber estado en un local nocturno. Seg\u00fan testigos, en dicho lugar fueron abordados por el acusado Mart\u00ednez Fern\u00e1ndez, quien se desplazaba junto a otro sujeto, quienes previamente habr\u00edan estado bebiendo alcohol a un costado de la ex estaci\u00f3n de trenes.<br \/>\nEstas cuatro personas situadas en la escena del crimen, habr\u00edan intercambiado algunas palabras que fueron dando pie a una ri\u00f1a, derivando en un enfrentamiento a golpes de pies y pu\u00f1os, desconoci\u00e9ndose el origen. La investigaci\u00f3n determin\u00f3 que \u2018El Rata Messi\u2019 extrajo de entre sus vestimentas una cuchilla tipo mariposa, la que clav\u00f3 en el t\u00f3rax de Danilo a la altura del coraz\u00f3n, con un movimiento hacia arriba de tipo criminal. La v\u00edctima se desplom\u00f3 sobre el suelo, perdiendo la vida a los pocos minutos.<br \/>\nEl homicida fue capturado en su domicilio por Carabineros con manchas de sangre en sus manos y vestuario. En tanto el arma blanca utilizada, fue hallada al interior de una vivienda a metros del lugar del crimen. El informe preliminar de la autopsia practicada al cuerpo de Olivares, indica que presenta una herida punzo-cortante de 2 cent\u00edmetros de largo, heridas de defensa en sus manos y erosiones en distintas partes de su cuerpo, producto de los golpes al caer al suelo.<br \/>\nDanilo Olivares era padre de una peque\u00f1a ni\u00f1a y ex alumno del Colegio Pumanque de San Felipe. Esta v\u00edctima fue un reconocido deportista integrante del Club de Rugby \u2018Traikanes\u2019 cuyo deceso caus\u00f3 gran conmoci\u00f3n entre sus familiares y amigos tanto en la comuna de Llay Llay como en San Felipe.<br \/>\nConocida la sentencia judicial, el abogado defensor de Camilo Mart\u00ednez posee 10 d\u00edas para revisar el fallo del Tribunal y eventualmente elevar un recurso de nulidad ante la Corte de Apelaciones de Valpara\u00edso.<br \/>\n<strong>Pablo Salinas Sald\u00edas<\/strong><\/p>\n","protected":false},"excerpt":{"rendered":"<p>Camilo Mart\u00ednez Fern\u00e1ndez fue enjuiciado por el Tribunal Oral en Lo Penal de San Felipe, quien consider\u00f3 su culpabilidad en el homicidio simple del rugbista Danilo Olivares Zamora, asesinado de una certera&#8230;<\/p>\n","protected":false},"author":482,"featured_media":64684,"comment_status":"open","ping_status":"open","sticky":false,"template":"","format":"standard","meta":{"advanced_seo_description":"","jetpack_seo_html_title":"","jetpack_seo_noindex":false,"_jetpack_memberships_contains_paid_content":false,"footnotes":""},"categories":[21],"tags":[],"class_list":["post-64683","post","type-post","status-publish","format-standard","has-post-thumbnail","hentry","category-policial"],"jetpack_featured_media_url":"https:\/\/i0.wp.com\/eltrabajo.cl\/portal\/wp-content\/uploads\/2015\/12\/Camilo-Martinez-Rata-Messi-1.jpg?fit=530%2C347&ssl=1","jetpack_sharing_enabled":true,"jetpack_likes_enabled":true,"jetpack-related-posts":[],"_links":{"self":[{"href":"https:\/\/eltrabajo.cl\/portal\/wp-json\/wp\/v2\/posts\/64683","targetHints":{"allow":["GET"]}}],"collection":[{"href":"https:\/\/eltrabajo.cl\/portal\/wp-json\/wp\/v2\/posts"}],"about":[{"href":"https:\/\/eltrabajo.cl\/portal\/wp-json\/wp\/v2\/types\/post"}],"author":[{"embeddable":true,"href":"https:\/\/eltrabajo.cl\/portal\/wp-json\/wp\/v2\/users\/482"}],"replies":[{"embeddable":true,"href":"https:\/\/eltrabajo.cl\/portal\/wp-json\/wp\/v2\/comments?post=64683"}],"version-history":[{"count":0,"href":"https:\/\/eltrabajo.cl\/portal\/wp-json\/wp\/v2\/posts\/64683\/revisions"}],"wp:featuredmedia":[{"embeddable":true,"href":"https:\/\/eltrabajo.cl\/portal\/wp-json\/wp\/v2\/media\/64684"}],"wp:attachment":[{"href":"https:\/\/eltrabajo.cl\/portal\/wp-json\/wp\/v2\/media?parent=64683"}],"wp:term":[{"taxonomy":"category","embeddable":true,"href":"https:\/\/eltrabajo.cl\/portal\/wp-json\/wp\/v2\/categories?post=64683"},{"taxonomy":"post_tag","embeddable":true,"href":"https:\/\/eltrabajo.cl\/portal\/wp-json\/wp\/v2\/tags?post=64683"}],"curies":[{"name":"wp","href":"https:\/\/api.w.org\/{rel}","templated":true}]}}