{"id":64688,"date":"2015-12-10T14:55:01","date_gmt":"2015-12-10T17:55:01","guid":{"rendered":"http:\/\/www.eltrabajo.cl\/portal\/?p=64688"},"modified":"2015-12-10T14:59:00","modified_gmt":"2015-12-10T17:59:00","slug":"max-navas-dueno-de-tienda-la-ciguena-si-seguimos-asi-la-ciudadania-va-a-tener-que-armarse-para-defender-el-esfuerzo-de-cada-uno","status":"publish","type":"post","link":"https:\/\/eltrabajo.cl\/portal\/max-navas-dueno-de-tienda-la-ciguena-si-seguimos-asi-la-ciudadania-va-a-tener-que-armarse-para-defender-el-esfuerzo-de-cada-uno\/","title":{"rendered":"Max Navas, due\u00f1o de tienda La Cig\u00fce\u00f1a:\u00a0\u201cSi seguimos as\u00ed, la ciudadan\u00eda va a tener que armarse para defender el esfuerzo de cada uno\u201d"},"content":{"rendered":"<figure id=\"attachment_64689\" aria-describedby=\"caption-attachment-64689\" style=\"width: 300px\" class=\"wp-caption alignleft\"><img data-recalc-dims=\"1\" loading=\"lazy\" decoding=\"async\" class=\"wp-image-64689 size-medium\" src=\"https:\/\/i0.wp.com\/www.eltrabajo.cl\/portal\/wp-content\/uploads\/2015\/12\/FOTO-3-Max-Navas-300x197.jpg?resize=300%2C197\" alt=\"Max Navas, presidente de la Asociaci\u00f3n de Comercio y Turismo de Aconcagua, ACTA y propietario de Tienda La Cig\u00fce\u00f1a.\" width=\"300\" height=\"197\" srcset=\"https:\/\/i0.wp.com\/eltrabajo.cl\/portal\/wp-content\/uploads\/2015\/12\/FOTO-3-Max-Navas.jpg?resize=300%2C197&amp;ssl=1 300w, https:\/\/i0.wp.com\/eltrabajo.cl\/portal\/wp-content\/uploads\/2015\/12\/FOTO-3-Max-Navas.jpg?resize=200%2C131&amp;ssl=1 200w, https:\/\/i0.wp.com\/eltrabajo.cl\/portal\/wp-content\/uploads\/2015\/12\/FOTO-3-Max-Navas.jpg?resize=228%2C150&amp;ssl=1 228w, https:\/\/i0.wp.com\/eltrabajo.cl\/portal\/wp-content\/uploads\/2015\/12\/FOTO-3-Max-Navas.jpg?resize=400%2C263&amp;ssl=1 400w, https:\/\/i0.wp.com\/eltrabajo.cl\/portal\/wp-content\/uploads\/2015\/12\/FOTO-3-Max-Navas.jpg?w=530&amp;ssl=1 530w\" sizes=\"auto, (max-width: 300px) 100vw, 300px\" \/><figcaption id=\"caption-attachment-64689\" class=\"wp-caption-text\">Max Navas, presidente de la Asociaci\u00f3n de Comercio y Turismo de Aconcagua, ACTA y propietario de Tienda La Cig\u00fce\u00f1a.<\/figcaption><\/figure>\n<ul>\n<li><strong>La madrugada del mi\u00e9rcoles, el empresario sufri\u00f3 un nuevo robo en uno de sus negocios y asegur\u00f3 estar cansado de la inoperancia de las autoridades. Por su parte, el kiosco de Luis Zelaya fue desvalijado, sufriendo su d\u00e9cimo segundo atraco, sin que existan penas efectivas sobre los responsables.<\/strong><\/li>\n<\/ul>\n<p>Frustraci\u00f3n, rabia, impotencia y desolaci\u00f3n son s\u00f3lo algunos de los sentimientos que embargan a un par de comerciantes sanfelipe\u00f1os que han visto como el mundo del hampa se apropia no s\u00f3lo de sus pertenencias y mercader\u00eda, sino que a la vez, se llevan en el bot\u00edn, su seguridad y la poca confianza que les queda en las autoridades sanfelipe\u00f1as.<br \/>\nEs el caso del comerciante Luis Zelaya y del empresario Max Navas, quienes fueron v\u00edctimas de sendos robos en sus respectivos negocios en la madrugada de ayer mi\u00e9rcoles.<br \/>\nEn el caso de Zelaya el escenario es devastador, puesto que entre el domingo y ayer mi\u00e9rcoles sufri\u00f3 dos robos en su kiosco ubicado en calle Merced casi al llegar a Salinas. En primera instancia, la madrugada del lunes el negocio de este reconocido comerciante sanfelipe\u00f1o, fue perforado en el techo, por donde un delincuente ingres\u00f3 y sustrajo alrededor de 20 cartones de cigarrillos. Sin embargo, la p\u00e9rdida no lleg\u00f3 hasta ah\u00ed y la madrugada del mi\u00e9rcoles, ante la imp\u00e1vida reacci\u00f3n de Carabineros, el mismo delincuente, seg\u00fan presume Zelaya, rompi\u00f3 los candados del local con un napole\u00f3n y rob\u00f3 el resto de cigarrillos y otros productos, con una p\u00e9rdida total cercana a los dos millones de pesos.<br \/>\nDe acuerdo a lo narrado por Zelaya, el il\u00edcito debe haberse producido cerca de las 4 de la ma\u00f1ana y seg\u00fan dijo se trata de un delincuente conocido y que ya tiene completamente identificado. \u201cNosotros los datos que tenemos ya se los hemos entregado a Carabineros y ahora va en ellos. Fui a investigaciones y ah\u00ed me dijeron que ten\u00eda que esperar hasta el viernes (ma\u00f1ana), que hablara con el Fiscal para que les entregaran la orden de investigar\u201d, detall\u00f3.<br \/>\nEn relaci\u00f3n con el actuar de las polic\u00edas y de la justicia, Zelaya dej\u00f3 entrever una sensaci\u00f3n de abandono, puesto que es la decimosegunda vez que le roban y ante esto se resign\u00f3 aludiendo queque \u201cya no voy a recuperar nada, es muy tarde, es dif\u00edcil que lo metan preso a este tipo, as\u00ed que uno ya est\u00e1 pensando en hacer ley uno mismo porque el huev\u00f3n (sic) se r\u00ede de uno, anda por aqu\u00ed suelto a la vista de todos, yo s\u00e9 de qui\u00e9n se trata, hay una c\u00e1mara que lo capt\u00f3 cuando iba arrancando con las bolsas\u201d, narr\u00f3.<br \/>\nEl relato de este comerciante no termina ah\u00ed y con la voz quebrantada no pudo dejar de expresar la impotencia de ver la inoperancia de las autoridades ante la seguidilla de robos de los cuales ha sido v\u00edctima y que nunca han arrojado como resultado la detenci\u00f3n definitiva de los hampones. \u201cMe han abierto el kiosco como 12 veces y nunca se ha sabido nada, todo queda ah\u00ed en el archivo. Es dif\u00edcil empezar de nuevo, de cero, me da pena que estos hueones (sic) siguen sueltos, estamos a media cuadra de la plaza, entonces no es posible. No le echo la culpa a la polic\u00eda, yo creo que es la justicia, no hay mano dura. Los carabineros se los llevan y a la media hora andan por aqu\u00ed dando vueltas\u201d, describi\u00f3 en medio de sollozos.<br \/>\nDe la tristeza de Zelaya, la historia delictual de los \u00faltimos d\u00edas en San Felipe, se traslada a la rabia e Impotencia de Max Navas, presidente de la Asociaci\u00f3n de Comercio y Turismo de Aconcagua, Acta, quien en la madrugada del mi\u00e9rcoles sumara un sexto robo a su negocio, la popular tienda infantil La Cig\u00fce\u00f1a.<br \/>\nSeg\u00fan el relato de Navas, en momentos que se encontraba en la parte posterior del local cerca de la 1 de la ma\u00f1ana, escuch\u00f3 ruidos que lo hicieron salir de inmediato hacia el \u00e1rea de ventas de la tienda, donde se encontr\u00f3 frente a frente con un lumpen, quien tras escalar por la reja de acceso a su local y romper el vidrio de la mampara de ingreso, sustrajo de la caja recaudadora un monto cercano a los 40 mil pesos.<br \/>\n\u201cRealmente esto te hace darte cuenta que en San Felipe y en Chile ya no hay seguridad, esta es la sexta vez que me roban, me encontr\u00e9 cara a cara con el mismo ladr\u00f3n que me ha robado anteriormente y que le ha robado a todo el comercio de San Felipe. El estado no est\u00e1 garantizando la seguridad, t\u00fa no puedes dormir, no puedes vivir, c\u00f3mo es posible. Las autoridades deben ponerse los pantalones de una vez por todas\u201d, recalc\u00f3 el empresario.<br \/>\nEn este mismo tono, Navas fue enf\u00e1tico en destacar que \u201chay una impunidad total, los tribunales no est\u00e1n haciendo su pega, los fiscales est\u00e1n dejando a los delincuentes libres, los parlamentarios tambi\u00e9n tienen que endurecer las leyes, las autoridades municipales deben contar con seguridad ciudadana, si la gente merece vivir tranquila, no hablo s\u00f3lo por m\u00ed, es por toda la gente que se ve afectada y que estamos viendo que la delincuencia se tom\u00f3 el pa\u00eds, esa es la verdad y el trabajo de las autoridades es darnos seguridad y no lo est\u00e1n haciendo\u201d, enfatiz\u00f3.<br \/>\nRespecto de cu\u00e1les son las medidas que tiene pensado tomar, Navas no dud\u00f3 en analizar tomarse la justicia con sus propias mano si vuelve a sufrir un robo y dijo que \u201csi seguimos con esto no va a quedar otra alternativa y la ciudadan\u00eda va a tener que armarse porque si las autoridades no son capaces de resguardar tu seguridad uno tiene que defender su trabajo y el esfuerzo de cada uno de los ciudadanos que nos estamos viendo afectados\u201d, asever\u00f3.<br \/>\nParad\u00f3jicamente la p\u00e9rdida en dinero para Tienda La Cig\u00fce\u00f1a fue menor y el delincuente no alcanz\u00f3 a llevarse productos, sin embargo su propietario se\u00f1al\u00f3 que los costos de reparaci\u00f3n de rejas y mampara se acercan al mill\u00f3n de pesos.<br \/>\nAl mirar la mitad llena del vaso, en sendas historias se puede rescatar que las p\u00e9rdidas s\u00f3lo fueron econ\u00f3micas y materiales y los delincuentes no atentaron contra la integridad f\u00edsica de ambos comerciantes sanfelipe\u00f1os. Sin embargo, al ponerse en los zapatos de Navas y Zelaya, la mitad vac\u00eda del vaso tambi\u00e9n toca a otros empresarios locales, de distintos rubros, que seguramente est\u00e1n sintiendo que hoy por hoy viven en medio del \u2018lejano oeste\u2019, abandonados a las pretensiones del hampa y resign\u00e1ndose a levantar una y otra vez sus negocios, mientras los antisociales se r\u00eden en la cara de la ley y las autoridades.<\/p>\n<div class=\"tiled-gallery type-rectangular tiled-gallery-unresized\" data-original-width=\"640\" data-carousel-extra='null' itemscope itemtype=\"http:\/\/schema.org\/ImageGallery\" > <div class=\"gallery-row\" style=\"width: 640px; height: 283px;\" data-original-width=\"640\" data-original-height=\"283\" > <div class=\"gallery-group images-1\" style=\"width: 427px; height: 283px;\" data-original-width=\"427\" data-original-height=\"283\" > <div class=\"tiled-gallery-item tiled-gallery-item-large\" itemprop=\"associatedMedia\" itemscope itemtype=\"http:\/\/schema.org\/ImageObject\"> <a href=\"https:\/\/eltrabajo.cl\/portal\/max-navas-dueno-de-tienda-la-ciguena-si-seguimos-asi-la-ciudadania-va-a-tener-que-armarse-para-defender-el-esfuerzo-de-cada-uno\/foto-2-luis-zelaya-comerciante-sanfelipeno\/\" border=\"0\" itemprop=\"url\"> <meta itemprop=\"width\" content=\"423\"> <meta itemprop=\"height\" content=\"279\"> <img decoding=\"async\" class=\"\" data-attachment-id=\"64691\" data-orig-file=\"https:\/\/eltrabajo.cl\/portal\/wp-content\/uploads\/2015\/12\/FOTO-2-Luis-Zelaya-comerciante-sanfelipeno.jpg\" data-orig-size=\"530,350\" data-comments-opened=\"1\" data-image-meta=\"{&quot;aperture&quot;:&quot;0&quot;,&quot;credit&quot;:&quot;&quot;,&quot;camera&quot;:&quot;&quot;,&quot;caption&quot;:&quot;&quot;,&quot;created_timestamp&quot;:&quot;0&quot;,&quot;copyright&quot;:&quot;Copyright 2012&quot;,&quot;focal_length&quot;:&quot;0&quot;,&quot;iso&quot;:&quot;0&quot;,&quot;shutter_speed&quot;:&quot;0&quot;,&quot;title&quot;:&quot;&quot;,&quot;orientation&quot;:&quot;0&quot;}\" data-image-title=\"FOTO 2 Luis Zelaya comerciante sanfelipeno\" data-image-description=\"&lt;p&gt;Luis Zelaya, comerciante sanfelipe\u00f1o que en medio de l\u00e1grimas mostr\u00f3 impotencia al no ver penas efectivas para el responsable de los robos.&lt;\/p&gt; \" data-medium-file=\"https:\/\/i0.wp.com\/eltrabajo.cl\/portal\/wp-content\/uploads\/2015\/12\/FOTO-2-Luis-Zelaya-comerciante-sanfelipeno.jpg?fit=300%2C198&#038;ssl=1\" data-large-file=\"https:\/\/i0.wp.com\/eltrabajo.cl\/portal\/wp-content\/uploads\/2015\/12\/FOTO-2-Luis-Zelaya-comerciante-sanfelipeno.jpg?fit=530%2C350&#038;ssl=1\" src=\"https:\/\/i0.wp.com\/eltrabajo.cl\/portal\/wp-content\/uploads\/2015\/12\/FOTO-2-Luis-Zelaya-comerciante-sanfelipeno.jpg?w=423&#038;h=279&#038;ssl=1\" srcset=\"https:\/\/i0.wp.com\/eltrabajo.cl\/portal\/wp-content\/uploads\/2015\/12\/FOTO-2-Luis-Zelaya-comerciante-sanfelipeno.jpg?w=530&amp;ssl=1 530w, https:\/\/i0.wp.com\/eltrabajo.cl\/portal\/wp-content\/uploads\/2015\/12\/FOTO-2-Luis-Zelaya-comerciante-sanfelipeno.jpg?resize=200%2C132&amp;ssl=1 200w, https:\/\/i0.wp.com\/eltrabajo.cl\/portal\/wp-content\/uploads\/2015\/12\/FOTO-2-Luis-Zelaya-comerciante-sanfelipeno.jpg?resize=300%2C198&amp;ssl=1 300w, https:\/\/i0.wp.com\/eltrabajo.cl\/portal\/wp-content\/uploads\/2015\/12\/FOTO-2-Luis-Zelaya-comerciante-sanfelipeno.jpg?resize=227%2C150&amp;ssl=1 227w, https:\/\/i0.wp.com\/eltrabajo.cl\/portal\/wp-content\/uploads\/2015\/12\/FOTO-2-Luis-Zelaya-comerciante-sanfelipeno.jpg?resize=400%2C264&amp;ssl=1 400w\" width=\"423\" height=\"279\" loading=\"lazy\" data-original-width=\"423\" data-original-height=\"279\" itemprop=\"http:\/\/schema.org\/image\" title=\"FOTO 2 Luis Zelaya comerciante sanfelipeno\" alt=\"Luis Zelaya, comerciante sanfelipe\u00f1o que en medio de l\u00e1grimas mostr\u00f3 impotencia al no ver penas efectivas para el responsable de los robos.\" style=\"width: 423px; height: 279px;\" \/> <\/a> <div class=\"tiled-gallery-caption\" itemprop=\"caption description\"> Luis Zelaya, comerciante sanfelipe\u00f1o que en medio de l\u00e1grimas mostr\u00f3 impotencia al no ver penas efectivas para el responsable de los robos. <\/div> <\/div> <\/div> <!-- close group --> <div class=\"gallery-group images-2\" style=\"width: 213px; height: 283px;\" data-original-width=\"213\" data-original-height=\"283\" > <div class=\"tiled-gallery-item tiled-gallery-item-small\" itemprop=\"associatedMedia\" itemscope itemtype=\"http:\/\/schema.org\/ImageObject\"> <a href=\"https:\/\/eltrabajo.cl\/portal\/max-navas-dueno-de-tienda-la-ciguena-si-seguimos-asi-la-ciudadania-va-a-tener-que-armarse-para-defender-el-esfuerzo-de-cada-uno\/foto-1-el-kiosco-de-luis-zelaya\/\" border=\"0\" itemprop=\"url\"> <meta itemprop=\"width\" content=\"209\"> <meta itemprop=\"height\" content=\"138\"> <img decoding=\"async\" class=\"\" data-attachment-id=\"64690\" data-orig-file=\"https:\/\/eltrabajo.cl\/portal\/wp-content\/uploads\/2015\/12\/FOTO-1-El-kiosco-de-Luis-Zelaya.jpg\" data-orig-size=\"530,350\" data-comments-opened=\"1\" data-image-meta=\"{&quot;aperture&quot;:&quot;0&quot;,&quot;credit&quot;:&quot;&quot;,&quot;camera&quot;:&quot;&quot;,&quot;caption&quot;:&quot;&quot;,&quot;created_timestamp&quot;:&quot;0&quot;,&quot;copyright&quot;:&quot;Copyright 2012&quot;,&quot;focal_length&quot;:&quot;0&quot;,&quot;iso&quot;:&quot;0&quot;,&quot;shutter_speed&quot;:&quot;0&quot;,&quot;title&quot;:&quot;&quot;,&quot;orientation&quot;:&quot;0&quot;}\" data-image-title=\"FOTO 1 El kiosco de Luis Zelaya\" data-image-description=\"&lt;p&gt;Este es el Kiosco de Luis Zelaya que en la madrugada del mi\u00e9rcoles fuera desvalijado por d\u00e9cima segunda vez.&lt;\/p&gt; \" data-medium-file=\"https:\/\/i0.wp.com\/eltrabajo.cl\/portal\/wp-content\/uploads\/2015\/12\/FOTO-1-El-kiosco-de-Luis-Zelaya.jpg?fit=300%2C198&#038;ssl=1\" data-large-file=\"https:\/\/i0.wp.com\/eltrabajo.cl\/portal\/wp-content\/uploads\/2015\/12\/FOTO-1-El-kiosco-de-Luis-Zelaya.jpg?fit=530%2C350&#038;ssl=1\" src=\"https:\/\/i0.wp.com\/eltrabajo.cl\/portal\/wp-content\/uploads\/2015\/12\/FOTO-1-El-kiosco-de-Luis-Zelaya.jpg?w=209&#038;h=138&#038;ssl=1\" srcset=\"https:\/\/i0.wp.com\/eltrabajo.cl\/portal\/wp-content\/uploads\/2015\/12\/FOTO-1-El-kiosco-de-Luis-Zelaya.jpg?w=530&amp;ssl=1 530w, https:\/\/i0.wp.com\/eltrabajo.cl\/portal\/wp-content\/uploads\/2015\/12\/FOTO-1-El-kiosco-de-Luis-Zelaya.jpg?resize=200%2C132&amp;ssl=1 200w, https:\/\/i0.wp.com\/eltrabajo.cl\/portal\/wp-content\/uploads\/2015\/12\/FOTO-1-El-kiosco-de-Luis-Zelaya.jpg?resize=300%2C198&amp;ssl=1 300w, https:\/\/i0.wp.com\/eltrabajo.cl\/portal\/wp-content\/uploads\/2015\/12\/FOTO-1-El-kiosco-de-Luis-Zelaya.jpg?resize=227%2C150&amp;ssl=1 227w, https:\/\/i0.wp.com\/eltrabajo.cl\/portal\/wp-content\/uploads\/2015\/12\/FOTO-1-El-kiosco-de-Luis-Zelaya.jpg?resize=400%2C264&amp;ssl=1 400w\" width=\"209\" height=\"138\" loading=\"lazy\" data-original-width=\"209\" data-original-height=\"138\" itemprop=\"http:\/\/schema.org\/image\" title=\"FOTO 1 El kiosco de Luis Zelaya\" alt=\"Este es el Kiosco de Luis Zelaya que en la madrugada del mi\u00e9rcoles fuera desvalijado por d\u00e9cima segunda vez.\" style=\"width: 209px; height: 138px;\" \/> <\/a> <div class=\"tiled-gallery-caption\" itemprop=\"caption description\"> Este es el Kiosco de Luis Zelaya que en la madrugada del mi\u00e9rcoles fuera desvalijado por d\u00e9cima segunda vez. <\/div> <\/div> <div class=\"tiled-gallery-item tiled-gallery-item-small\" itemprop=\"associatedMedia\" itemscope itemtype=\"http:\/\/schema.org\/ImageObject\"> <a href=\"https:\/\/eltrabajo.cl\/portal\/max-navas-dueno-de-tienda-la-ciguena-si-seguimos-asi-la-ciudadania-va-a-tener-que-armarse-para-defender-el-esfuerzo-de-cada-uno\/foto-4-propietario-de-tienda-la-cig\/\" border=\"0\" itemprop=\"url\"> <meta itemprop=\"width\" content=\"209\"> <meta itemprop=\"height\" content=\"137\"> <img decoding=\"async\" class=\"\" data-attachment-id=\"64692\" data-orig-file=\"https:\/\/eltrabajo.cl\/portal\/wp-content\/uploads\/2015\/12\/FOTO-4-Propietario-de-Tienda-La-Cig.jpg\" data-orig-size=\"530,349\" data-comments-opened=\"1\" data-image-meta=\"{&quot;aperture&quot;:&quot;0&quot;,&quot;credit&quot;:&quot;&quot;,&quot;camera&quot;:&quot;&quot;,&quot;caption&quot;:&quot;&quot;,&quot;created_timestamp&quot;:&quot;0&quot;,&quot;copyright&quot;:&quot;Copyright 2012&quot;,&quot;focal_length&quot;:&quot;0&quot;,&quot;iso&quot;:&quot;0&quot;,&quot;shutter_speed&quot;:&quot;0&quot;,&quot;title&quot;:&quot;&quot;,&quot;orientation&quot;:&quot;0&quot;}\" data-image-title=\"FOTO 4 Propietario de Tienda La Cig\" data-image-description=\"&lt;p&gt;Propietario de Tienda La Cig\u00fce\u00f1a muestra c\u00f3mo el ladr\u00f3n se introdujo a su negocio, saltando la reja y rompiendo el vidrio de la mampara de aluminio.&lt;\/p&gt; \" data-medium-file=\"https:\/\/i0.wp.com\/eltrabajo.cl\/portal\/wp-content\/uploads\/2015\/12\/FOTO-4-Propietario-de-Tienda-La-Cig.jpg?fit=300%2C198&#038;ssl=1\" data-large-file=\"https:\/\/i0.wp.com\/eltrabajo.cl\/portal\/wp-content\/uploads\/2015\/12\/FOTO-4-Propietario-de-Tienda-La-Cig.jpg?fit=530%2C349&#038;ssl=1\" src=\"https:\/\/i0.wp.com\/eltrabajo.cl\/portal\/wp-content\/uploads\/2015\/12\/FOTO-4-Propietario-de-Tienda-La-Cig.jpg?w=209&#038;h=137&#038;ssl=1\" srcset=\"https:\/\/i0.wp.com\/eltrabajo.cl\/portal\/wp-content\/uploads\/2015\/12\/FOTO-4-Propietario-de-Tienda-La-Cig.jpg?w=530&amp;ssl=1 530w, https:\/\/i0.wp.com\/eltrabajo.cl\/portal\/wp-content\/uploads\/2015\/12\/FOTO-4-Propietario-de-Tienda-La-Cig.jpg?resize=200%2C132&amp;ssl=1 200w, https:\/\/i0.wp.com\/eltrabajo.cl\/portal\/wp-content\/uploads\/2015\/12\/FOTO-4-Propietario-de-Tienda-La-Cig.jpg?resize=300%2C198&amp;ssl=1 300w, https:\/\/i0.wp.com\/eltrabajo.cl\/portal\/wp-content\/uploads\/2015\/12\/FOTO-4-Propietario-de-Tienda-La-Cig.jpg?resize=228%2C150&amp;ssl=1 228w, https:\/\/i0.wp.com\/eltrabajo.cl\/portal\/wp-content\/uploads\/2015\/12\/FOTO-4-Propietario-de-Tienda-La-Cig.jpg?resize=400%2C263&amp;ssl=1 400w\" width=\"209\" height=\"137\" loading=\"lazy\" data-original-width=\"209\" data-original-height=\"137\" itemprop=\"http:\/\/schema.org\/image\" title=\"FOTO 4 Propietario de Tienda La Cig\" alt=\"Propietario de Tienda La Cig\u00fce\u00f1a muestra c\u00f3mo el ladr\u00f3n se introdujo a su negocio, saltando la reja y rompiendo el vidrio de la mampara de aluminio.\" style=\"width: 209px; height: 137px;\" \/> <\/a> <div class=\"tiled-gallery-caption\" itemprop=\"caption description\"> Propietario de Tienda La Cig\u00fce\u00f1a muestra c\u00f3mo el ladr\u00f3n se introdujo a su negocio, saltando la reja y rompiendo el vidrio de la mampara de aluminio. <\/div> <\/div> <\/div> <!-- close group --> <\/div> <!-- close row --> <\/div>\n<p>&nbsp;<\/p>\n","protected":false},"excerpt":{"rendered":"<p>La madrugada del mi\u00e9rcoles, el empresario sufri\u00f3 un nuevo robo en uno de sus negocios y asegur\u00f3 estar cansado de la inoperancia de las autoridades. Por su parte, el kiosco de Luis&#8230;<\/p>\n","protected":false},"author":482,"featured_media":64689,"comment_status":"open","ping_status":"open","sticky":false,"template":"","format":"standard","meta":{"advanced_seo_description":"","jetpack_seo_html_title":"","jetpack_seo_noindex":false,"_jetpack_memberships_contains_paid_content":false,"footnotes":""},"categories":[21],"tags":[],"class_list":["post-64688","post","type-post","status-publish","format-standard","has-post-thumbnail","hentry","category-policial"],"jetpack_featured_media_url":"https:\/\/i0.wp.com\/eltrabajo.cl\/portal\/wp-content\/uploads\/2015\/12\/FOTO-3-Max-Navas.jpg?fit=530%2C348&ssl=1","jetpack_sharing_enabled":true,"jetpack_likes_enabled":true,"jetpack-related-posts":[],"_links":{"self":[{"href":"https:\/\/eltrabajo.cl\/portal\/wp-json\/wp\/v2\/posts\/64688","targetHints":{"allow":["GET"]}}],"collection":[{"href":"https:\/\/eltrabajo.cl\/portal\/wp-json\/wp\/v2\/posts"}],"about":[{"href":"https:\/\/eltrabajo.cl\/portal\/wp-json\/wp\/v2\/types\/post"}],"author":[{"embeddable":true,"href":"https:\/\/eltrabajo.cl\/portal\/wp-json\/wp\/v2\/users\/482"}],"replies":[{"embeddable":true,"href":"https:\/\/eltrabajo.cl\/portal\/wp-json\/wp\/v2\/comments?post=64688"}],"version-history":[{"count":0,"href":"https:\/\/eltrabajo.cl\/portal\/wp-json\/wp\/v2\/posts\/64688\/revisions"}],"wp:featuredmedia":[{"embeddable":true,"href":"https:\/\/eltrabajo.cl\/portal\/wp-json\/wp\/v2\/media\/64689"}],"wp:attachment":[{"href":"https:\/\/eltrabajo.cl\/portal\/wp-json\/wp\/v2\/media?parent=64688"}],"wp:term":[{"taxonomy":"category","embeddable":true,"href":"https:\/\/eltrabajo.cl\/portal\/wp-json\/wp\/v2\/categories?post=64688"},{"taxonomy":"post_tag","embeddable":true,"href":"https:\/\/eltrabajo.cl\/portal\/wp-json\/wp\/v2\/tags?post=64688"}],"curies":[{"name":"wp","href":"https:\/\/api.w.org\/{rel}","templated":true}]}}