{"id":64694,"date":"2015-12-10T14:58:18","date_gmt":"2015-12-10T17:58:18","guid":{"rendered":"http:\/\/www.eltrabajo.cl\/portal\/?p=64694"},"modified":"2015-12-10T14:58:18","modified_gmt":"2015-12-10T17:58:18","slug":"cobardes-dan-brutal-paliza-a-vecina-de-60-anos-en-villa-portal-aconcagua","status":"publish","type":"post","link":"https:\/\/eltrabajo.cl\/portal\/cobardes-dan-brutal-paliza-a-vecina-de-60-anos-en-villa-portal-aconcagua\/","title":{"rendered":"Cobardes dan brutal paliza a vecina de 60 a\u00f1os en villa Portal Aconcagua"},"content":{"rendered":"<figure id=\"attachment_64695\" aria-describedby=\"caption-attachment-64695\" style=\"width: 300px\" class=\"wp-caption alignleft\"><img data-recalc-dims=\"1\" loading=\"lazy\" decoding=\"async\" class=\"wp-image-64695 size-medium\" src=\"https:\/\/i0.wp.com\/www.eltrabajo.cl\/portal\/wp-content\/uploads\/2015\/12\/nelly-argomedo1-emerVcordillera-300x198.jpg?resize=300%2C198\" alt=\"Mientras en el San Camilo le diagnosticaron contusiones leves, en la ACHS detectaron Fisura Craneal, Fractura Nasal, M\u00faltiples Derrames y Hematomas en el Cuerpo. (Foto @emerVcordillera).\" width=\"300\" height=\"198\" srcset=\"https:\/\/i0.wp.com\/eltrabajo.cl\/portal\/wp-content\/uploads\/2015\/12\/nelly-argomedo1-emerVcordillera.jpg?resize=300%2C198&amp;ssl=1 300w, https:\/\/i0.wp.com\/eltrabajo.cl\/portal\/wp-content\/uploads\/2015\/12\/nelly-argomedo1-emerVcordillera.jpg?resize=200%2C132&amp;ssl=1 200w, https:\/\/i0.wp.com\/eltrabajo.cl\/portal\/wp-content\/uploads\/2015\/12\/nelly-argomedo1-emerVcordillera.jpg?resize=227%2C150&amp;ssl=1 227w, https:\/\/i0.wp.com\/eltrabajo.cl\/portal\/wp-content\/uploads\/2015\/12\/nelly-argomedo1-emerVcordillera.jpg?resize=400%2C264&amp;ssl=1 400w, https:\/\/i0.wp.com\/eltrabajo.cl\/portal\/wp-content\/uploads\/2015\/12\/nelly-argomedo1-emerVcordillera.jpg?w=530&amp;ssl=1 530w\" sizes=\"auto, (max-width: 300px) 100vw, 300px\" \/><figcaption id=\"caption-attachment-64695\" class=\"wp-caption-text\">Mientras en el San Camilo le diagnosticaron contusiones leves, en la ACHS detectaron Fisura Craneal, Fractura Nasal, M\u00faltiples Derrames y Hematomas en el Cuerpo. (Foto @emerVcordillera).<\/figcaption><\/figure>\n<ul>\n<li><strong>Familia anuncia querellas contra el Enjoy por no llevar a su empleada hasta la puerta de su casa, y al Hospital San Camilo por no haber advertido las graves lesiones que presentaba la v\u00edctima de este repudiable asalto.<\/strong><\/li>\n<\/ul>\n<p>Un brutal ataque a su integridad f\u00edsica es el que sufri\u00f3 una empleada de Hotel Enjoy, vecina de Villa Portal Aconcagua de San Felipe, cuando regresaba de sus labores la madrugada de este lunes. Se trata de do\u00f1a Nelly Argomedo Cornejo, de 60 a\u00f1os, quien permanece delicada en la Cl\u00ednica Universidad Los Andes de Santiago, en Apoquindo.<br \/>\nLa se\u00f1ora Nelly fue asaltada cuando llegaba a su domicilio por dos delincuentes que la abordaron para robar su cartera, quienes no satisfechos con el bot\u00edn le propinaron fuertes golpes de pies y pu\u00f1os.<br \/>\nSeg\u00fan explic\u00f3 a Diario El Trabajo el hijo de do\u00f1a Nelly, Michel Lastra, los delincuentes a ella la dieron por muerta y la dejaron abandonada en el sitio eriazo de la Villa Portal Aconcagua.<br \/>\nNo siendo suficiente esta tragedia, cuando la v\u00edctima recuper\u00f3 las fuerzas y sus familiares la llevaron al Hospital San Camilo, los profesionales que le atendieron, seg\u00fan la versi\u00f3n de Lastra, minimizaron sus heridas y la enviaron para su casa.<br \/>\nDe acuerdo a antecedentes recogidos por otras fuentes, en el Hospital San Camilo le habr\u00edan diagnosticado \u2018Contusiones de Car\u00e1cter Leve\u2019 y la enviaron con reposo a su domicilio. No obstante, en la ACHS el M\u00e9dico de turno le habr\u00eda practicado los ex\u00e1menes de rigor y habr\u00eda detectado Fisura Craneal, Fractura Nasal, M\u00faltiples Derrames y Hematomas en el Cuerpo.<\/p>\n<figure id=\"attachment_64696\" aria-describedby=\"caption-attachment-64696\" style=\"width: 300px\" class=\"wp-caption alignright\"><img data-recalc-dims=\"1\" loading=\"lazy\" decoding=\"async\" class=\"wp-image-64696 size-medium\" src=\"https:\/\/i0.wp.com\/www.eltrabajo.cl\/portal\/wp-content\/uploads\/2015\/12\/nelly-argomedo-emerVcordillera-300x197.jpg?resize=300%2C197\" alt=\"La se\u00f1ora Nelly Argomedo se recupera actualmente en la Cl\u00ednica Universidad Los Andes de Santiago, en Apoquindo. (Foto @emerVcordillera).\" width=\"300\" height=\"197\" srcset=\"https:\/\/i0.wp.com\/eltrabajo.cl\/portal\/wp-content\/uploads\/2015\/12\/nelly-argomedo-emerVcordillera.jpg?resize=300%2C197&amp;ssl=1 300w, https:\/\/i0.wp.com\/eltrabajo.cl\/portal\/wp-content\/uploads\/2015\/12\/nelly-argomedo-emerVcordillera.jpg?resize=200%2C131&amp;ssl=1 200w, https:\/\/i0.wp.com\/eltrabajo.cl\/portal\/wp-content\/uploads\/2015\/12\/nelly-argomedo-emerVcordillera.jpg?resize=228%2C150&amp;ssl=1 228w, https:\/\/i0.wp.com\/eltrabajo.cl\/portal\/wp-content\/uploads\/2015\/12\/nelly-argomedo-emerVcordillera.jpg?resize=400%2C263&amp;ssl=1 400w, https:\/\/i0.wp.com\/eltrabajo.cl\/portal\/wp-content\/uploads\/2015\/12\/nelly-argomedo-emerVcordillera.jpg?w=530&amp;ssl=1 530w\" sizes=\"auto, (max-width: 300px) 100vw, 300px\" \/><figcaption id=\"caption-attachment-64696\" class=\"wp-caption-text\">La se\u00f1ora Nelly Argomedo se recupera actualmente en la Cl\u00ednica Universidad Los Andes de Santiago, en Apoquindo. (Foto @emerVcordillera).<\/figcaption><\/figure>\n<p><strong>HAMPONES LA DAN POR MUERTA<\/strong><br \/>\nNuestro medio habl\u00f3 en Exclusiva con el hijo de la afectada.<br \/>\n<strong>&#8211; \u00bfQu\u00e9 es lo que ocurri\u00f3 a su madre?<\/strong><br \/>\n<strong>&#8211;<\/strong> Mi mam\u00e1 se llama Nelly Argomedo Cornejo y tiene 60 a\u00f1os, ella trabaja en el Enjoy, hace de todo un poco, en la cocina, en las salas y a lo que la manden. La madrugada de este lunes, a las 5:20 horas, a ella la trajo en veh\u00edculo del Enjoy, se baj\u00f3 en el sem\u00e1foro de Hermanos Carrera, por el Hospital San Camilo, camin\u00f3 por la acera del potrero para llegar a la villa Aconcagua, ya cuando hab\u00eda pasado el potrero y llegaba al pasaje R\u00edo Maule en donde vivimos nosotros, aparecieron unos tipos que la increparon.<br \/>\n<strong>&#8211; \u00bfQu\u00e9 clase de ataque es el que sufri\u00f3 do\u00f1a Nelly?<\/strong><br \/>\n<strong>&#8211;<\/strong> El ataque fue brutal, aparte de quitarle su cartera, la dieron una golpiza, ella cay\u00f3 al suelo y ah\u00ed le dieron muchas patadas, se golpe\u00f3 la cabeza con la acera, le quebraron la nariz y la dieron por muerta. Esos tipos pensaron que \u2018mi vieja\u2019 ya estaba muerta, entonces la arrastraron al potrero y la dejaron tirada por el pasaje Volc\u00e1n Llaima, algo pas\u00f3 que ellos decidieron huir del lugar.<br \/>\n<strong>&#8211; \u00bfC\u00f3mo logr\u00f3 pedir ayuda su madre?<\/strong><br \/>\n<strong>&#8211;<\/strong> Al rato, cuando mi mam\u00e1 recuper\u00f3 sus sentidos, como pudo llam\u00f3 a su hermano, la llevaron al Hospital San Camilo, le sacaron una radiograf\u00eda a la cabeza y le dijeron que \u2018eran s\u00f3lo lesiones leves\u2019, que se pod\u00eda ir para la casa.<br \/>\n<strong>&#8211; \u00bfUsted qu\u00e9 hizo despu\u00e9s de este dictamen?<\/strong><br \/>\n<strong>&#8211;<\/strong> Yo en cambio no me cre\u00ed lo que dec\u00edan en el San Camilo, la traslad\u00e9 a la cl\u00ednica de la ACHS de Calle San Mart\u00edn en San Felipe, en ese lugar le realizaron nuevos ex\u00e1menes y le encontraron que ten\u00eda fisura de cr\u00e1neo y en la nariz, m\u00e1s los hematomas en todo el cuerpo. Ella ahora est\u00e1 internada en la Cl\u00ednica Universidad Los Andes de Santiago, en Apoquindo.<br \/>\n<strong>&#8211; \u00bfC\u00f3mo quedan las cosas hasta el momento?<\/strong><br \/>\n<strong>&#8211;<\/strong> Ya nosotros sabemos m\u00e1s o menos qui\u00e9nes fueron los atacantes. En cuanto al Enjoy, ellos han llamado a preguntar por mi madre, est\u00e1n preocupados, a\u00fan as\u00ed haremos unas demandas al Enjoy y al Hospital San Camilo. La gente del Enjoy no puede dejar a sus empleados en otro lugar que no sea en la puerta de su casa, y eso no lo hicieron, y al San Camilo, porque no hicieron bien su pega.<br \/>\nDiario El Trabajo intent\u00f3 obtener la versi\u00f3n de estos hechos por parte del Hospital San Camilo, pero no respondieron a nuestras llamadas ni correo electr\u00f3nico.<br \/>\n<strong>Roberto Gonz\u00e1lez Short<\/strong><br \/>\n<strong>rgonzalez@eltrabajo.cl<\/strong><\/p>\n","protected":false},"excerpt":{"rendered":"<p>Familia anuncia querellas contra el Enjoy por no llevar a su empleada hasta la puerta de su casa, y al Hospital San Camilo por no haber advertido las graves lesiones que presentaba&#8230;<\/p>\n","protected":false},"author":482,"featured_media":64695,"comment_status":"open","ping_status":"open","sticky":false,"template":"","format":"standard","meta":{"advanced_seo_description":"","jetpack_seo_html_title":"","jetpack_seo_noindex":false,"_jetpack_memberships_contains_paid_content":false,"footnotes":""},"categories":[21],"tags":[],"class_list":["post-64694","post","type-post","status-publish","format-standard","has-post-thumbnail","hentry","category-policial"],"jetpack_featured_media_url":"https:\/\/i0.wp.com\/eltrabajo.cl\/portal\/wp-content\/uploads\/2015\/12\/nelly-argomedo1-emerVcordillera.jpg?fit=530%2C350&ssl=1","jetpack_sharing_enabled":true,"jetpack_likes_enabled":true,"jetpack-related-posts":[],"_links":{"self":[{"href":"https:\/\/eltrabajo.cl\/portal\/wp-json\/wp\/v2\/posts\/64694","targetHints":{"allow":["GET"]}}],"collection":[{"href":"https:\/\/eltrabajo.cl\/portal\/wp-json\/wp\/v2\/posts"}],"about":[{"href":"https:\/\/eltrabajo.cl\/portal\/wp-json\/wp\/v2\/types\/post"}],"author":[{"embeddable":true,"href":"https:\/\/eltrabajo.cl\/portal\/wp-json\/wp\/v2\/users\/482"}],"replies":[{"embeddable":true,"href":"https:\/\/eltrabajo.cl\/portal\/wp-json\/wp\/v2\/comments?post=64694"}],"version-history":[{"count":0,"href":"https:\/\/eltrabajo.cl\/portal\/wp-json\/wp\/v2\/posts\/64694\/revisions"}],"wp:featuredmedia":[{"embeddable":true,"href":"https:\/\/eltrabajo.cl\/portal\/wp-json\/wp\/v2\/media\/64695"}],"wp:attachment":[{"href":"https:\/\/eltrabajo.cl\/portal\/wp-json\/wp\/v2\/media?parent=64694"}],"wp:term":[{"taxonomy":"category","embeddable":true,"href":"https:\/\/eltrabajo.cl\/portal\/wp-json\/wp\/v2\/categories?post=64694"},{"taxonomy":"post_tag","embeddable":true,"href":"https:\/\/eltrabajo.cl\/portal\/wp-json\/wp\/v2\/tags?post=64694"}],"curies":[{"name":"wp","href":"https:\/\/api.w.org\/{rel}","templated":true}]}}