{"id":64698,"date":"2015-12-11T14:30:18","date_gmt":"2015-12-11T17:30:18","guid":{"rendered":"http:\/\/www.eltrabajo.cl\/portal\/?p=64698"},"modified":"2015-12-11T14:30:18","modified_gmt":"2015-12-11T17:30:18","slug":"al-uni-lo-estan-exigiendo-al-maximo-en-la-pretemporada","status":"publish","type":"post","link":"https:\/\/eltrabajo.cl\/portal\/al-uni-lo-estan-exigiendo-al-maximo-en-la-pretemporada\/","title":{"rendered":"Al Un\u00ed lo est\u00e1n exigiendo al m\u00e1ximo en la Pretemporada"},"content":{"rendered":"<figure id=\"attachment_64699\" aria-describedby=\"caption-attachment-64699\" style=\"width: 300px\" class=\"wp-caption alignleft\"><img data-recalc-dims=\"1\" loading=\"lazy\" decoding=\"async\" class=\"wp-image-64699 size-medium\" src=\"https:\/\/i0.wp.com\/www.eltrabajo.cl\/portal\/wp-content\/uploads\/2015\/12\/gabriel-romero-300x197.jpg?resize=300%2C197\" alt=\"El profesor Gabriel Romero es el encargado de exigir f\u00edsicamente al plantel albirrojo durante la Pretemporada.\" width=\"300\" height=\"197\" srcset=\"https:\/\/i0.wp.com\/eltrabajo.cl\/portal\/wp-content\/uploads\/2015\/12\/gabriel-romero.jpg?resize=300%2C197&amp;ssl=1 300w, https:\/\/i0.wp.com\/eltrabajo.cl\/portal\/wp-content\/uploads\/2015\/12\/gabriel-romero.jpg?resize=200%2C131&amp;ssl=1 200w, https:\/\/i0.wp.com\/eltrabajo.cl\/portal\/wp-content\/uploads\/2015\/12\/gabriel-romero.jpg?resize=228%2C150&amp;ssl=1 228w, https:\/\/i0.wp.com\/eltrabajo.cl\/portal\/wp-content\/uploads\/2015\/12\/gabriel-romero.jpg?resize=400%2C263&amp;ssl=1 400w, https:\/\/i0.wp.com\/eltrabajo.cl\/portal\/wp-content\/uploads\/2015\/12\/gabriel-romero.jpg?w=530&amp;ssl=1 530w\" sizes=\"auto, (max-width: 300px) 100vw, 300px\" \/><figcaption id=\"caption-attachment-64699\" class=\"wp-caption-text\">El profesor Gabriel Romero es el encargado de exigir f\u00edsicamente al plantel albirrojo durante la Pretemporada.<\/figcaption><\/figure>\n<p>Hoy Uni\u00f3n San Felipe cumple su quinto d\u00eda de Pretemporada, una labor vital y que puede marcar la diferencia respecto a sus rivales durante el desarrollo del torneo. Es por eso que tras el regreso de vacaciones, la figura del preparador f\u00edsico, Gabriel Romero adquiere mucha relevancia.<br \/>\nDe perfil m\u00e1s bien bajo, el profesional trasandino, acept\u00f3 conversar con El Trabajo Deportivo, para analizar la primera semana de una dura Pretemporada.<br \/>\n<strong>&#8211; Profesor \u00bfC\u00f3mo ha respondido el plantel a las exigencias f\u00edsicas?<\/strong><br \/>\n<strong>&#8211;<\/strong> La verdad que muy bien, esto ha sucedido durante todo el a\u00f1o; el grupo ha demostrado una gran predisposici\u00f3n al trabajo, lo que habla muy bien del profesionalismo de cada uno de sus integrantes.<br \/>\n<strong>&#8211; \u00bfSe cuidaron los jugadores durante las vacaciones?<\/strong><br \/>\n<strong>&#8211;<\/strong> Hemos notado que s\u00ed, eso hace m\u00e1s f\u00e1cil el trabajo, lo que nos tiene contentos, as\u00ed que esperamos sacar lo mejor de cada uno de ellos durante la pretemporada que dem\u00e1s est\u00e1 decir, ser\u00e1 muy intensa.<\/p>\n<figure id=\"attachment_64700\" aria-describedby=\"caption-attachment-64700\" style=\"width: 300px\" class=\"wp-caption alignright\"><img data-recalc-dims=\"1\" loading=\"lazy\" decoding=\"async\" class=\"wp-image-64700 size-medium\" src=\"https:\/\/i0.wp.com\/www.eltrabajo.cl\/portal\/wp-content\/uploads\/2015\/12\/trecco-300x197.jpg?resize=300%2C197\" alt=\"Ayer en la ma\u00f1ana se incorpor\u00f3 al plantel el delantero Nicol\u00e1s Trecco.\" width=\"300\" height=\"197\" srcset=\"https:\/\/i0.wp.com\/eltrabajo.cl\/portal\/wp-content\/uploads\/2015\/12\/trecco.jpg?resize=300%2C197&amp;ssl=1 300w, https:\/\/i0.wp.com\/eltrabajo.cl\/portal\/wp-content\/uploads\/2015\/12\/trecco.jpg?resize=200%2C131&amp;ssl=1 200w, https:\/\/i0.wp.com\/eltrabajo.cl\/portal\/wp-content\/uploads\/2015\/12\/trecco.jpg?resize=228%2C150&amp;ssl=1 228w, https:\/\/i0.wp.com\/eltrabajo.cl\/portal\/wp-content\/uploads\/2015\/12\/trecco.jpg?resize=400%2C263&amp;ssl=1 400w, https:\/\/i0.wp.com\/eltrabajo.cl\/portal\/wp-content\/uploads\/2015\/12\/trecco.jpg?w=530&amp;ssl=1 530w\" sizes=\"auto, (max-width: 300px) 100vw, 300px\" \/><figcaption id=\"caption-attachment-64700\" class=\"wp-caption-text\">Ayer en la ma\u00f1ana se incorpor\u00f3 al plantel el delantero Nicol\u00e1s Trecco.<\/figcaption><\/figure>\n<p><strong>&#8211; \u00bfCu\u00e1les son las caracter\u00edsticas de esta Pretemporada?<\/strong><br \/>\n<strong>&#8211;<\/strong> Somos un cuerpo t\u00e9cnico de trabajar mucho con el bal\u00f3n en el medio, el mi\u00e9rcoles quiz\u00e1s fue distinto, porque trabajamos la parte aer\u00f3bica y de potencia para realizar los respectivos test individuales. De a poco iremos incorporando el bal\u00f3n, para mejorar la t\u00e9cnica de los jugadores.<br \/>\n<strong>&#8211; \u00bfAlg\u00fan amistoso para estos d\u00edas?<\/strong><br \/>\n<strong>&#8211;<\/strong> El s\u00e1bado sostendremos un partido para terminar bien la semana y para que los chicos vayan solt\u00e1ndose de a poco y no tengan esa dureza que se adquiere durante la Pretemporada.<br \/>\n<strong>&#8211; \u00bfTiene plantel completo?<\/strong><br \/>\n<strong>&#8211;<\/strong> Solo Miranda (Brian) y Gonzalo Villegas, arrastran algunas molestias del torneo pasado.<\/p>\n<p><strong>Se sum\u00f3 Nicol\u00e1s Trecco<\/strong><br \/>\nLuego de firmar su contrato el mi\u00e9rcoles en la pr\u00e1ctica matinal, comenz\u00f3 a trabajar junto al resto del plantel el delantero argentino Nicol\u00e1s Trecco, el que hasta ahora asoma como el gran refuerzo para el pr\u00f3ximo semestre del equipo sanfelipe\u00f1o.<\/p>\n","protected":false},"excerpt":{"rendered":"<p>Hoy Uni\u00f3n San Felipe cumple su quinto d\u00eda de Pretemporada, una labor vital y que puede marcar la diferencia respecto a sus rivales durante el desarrollo del torneo. Es por eso que&#8230;<\/p>\n","protected":false},"author":482,"featured_media":64699,"comment_status":"open","ping_status":"open","sticky":false,"template":"","format":"standard","meta":{"advanced_seo_description":"","jetpack_seo_html_title":"","jetpack_seo_noindex":false,"_jetpack_memberships_contains_paid_content":false,"footnotes":""},"categories":[19],"tags":[],"class_list":["post-64698","post","type-post","status-publish","format-standard","has-post-thumbnail","hentry","category-deportes"],"jetpack_featured_media_url":"https:\/\/i0.wp.com\/eltrabajo.cl\/portal\/wp-content\/uploads\/2015\/12\/gabriel-romero.jpg?fit=530%2C348&ssl=1","jetpack_sharing_enabled":true,"jetpack_likes_enabled":true,"jetpack-related-posts":[],"_links":{"self":[{"href":"https:\/\/eltrabajo.cl\/portal\/wp-json\/wp\/v2\/posts\/64698","targetHints":{"allow":["GET"]}}],"collection":[{"href":"https:\/\/eltrabajo.cl\/portal\/wp-json\/wp\/v2\/posts"}],"about":[{"href":"https:\/\/eltrabajo.cl\/portal\/wp-json\/wp\/v2\/types\/post"}],"author":[{"embeddable":true,"href":"https:\/\/eltrabajo.cl\/portal\/wp-json\/wp\/v2\/users\/482"}],"replies":[{"embeddable":true,"href":"https:\/\/eltrabajo.cl\/portal\/wp-json\/wp\/v2\/comments?post=64698"}],"version-history":[{"count":0,"href":"https:\/\/eltrabajo.cl\/portal\/wp-json\/wp\/v2\/posts\/64698\/revisions"}],"wp:featuredmedia":[{"embeddable":true,"href":"https:\/\/eltrabajo.cl\/portal\/wp-json\/wp\/v2\/media\/64699"}],"wp:attachment":[{"href":"https:\/\/eltrabajo.cl\/portal\/wp-json\/wp\/v2\/media?parent=64698"}],"wp:term":[{"taxonomy":"category","embeddable":true,"href":"https:\/\/eltrabajo.cl\/portal\/wp-json\/wp\/v2\/categories?post=64698"},{"taxonomy":"post_tag","embeddable":true,"href":"https:\/\/eltrabajo.cl\/portal\/wp-json\/wp\/v2\/tags?post=64698"}],"curies":[{"name":"wp","href":"https:\/\/api.w.org\/{rel}","templated":true}]}}