{"id":64711,"date":"2015-12-11T14:37:00","date_gmt":"2015-12-11T17:37:00","guid":{"rendered":"http:\/\/www.eltrabajo.cl\/portal\/?p=64711"},"modified":"2015-12-11T14:37:00","modified_gmt":"2015-12-11T17:37:00","slug":"desde-el-15-al-19-de-diciembre-se-realizara-la-10a-version-del-festival-de-cine-y-muestra-de-santa-maria","status":"publish","type":"post","link":"https:\/\/eltrabajo.cl\/portal\/desde-el-15-al-19-de-diciembre-se-realizara-la-10a-version-del-festival-de-cine-y-muestra-de-santa-maria\/","title":{"rendered":"Desde el 15 al 19 de diciembre se realizar\u00e1 la 10\u00aa versi\u00f3n del Festival de Cine y Muestra de Santa Mar\u00eda"},"content":{"rendered":"<figure id=\"attachment_64712\" aria-describedby=\"caption-attachment-64712\" style=\"width: 300px\" class=\"wp-caption alignleft\"><img data-recalc-dims=\"1\" loading=\"lazy\" decoding=\"async\" class=\"wp-image-64712 size-medium\" src=\"https:\/\/i0.wp.com\/www.eltrabajo.cl\/portal\/wp-content\/uploads\/2015\/12\/FECIM-300x198.jpg?resize=300%2C198\" alt=\"Reconocidas pel\u00edculas nacionales ser\u00e1n parte de la 10\u00aa versi\u00f3n del Festival de Cine y Muestra de Santa Mar\u00eda que se realizar\u00e1 desde el 15 al 19 de diciembre, con entrada liberada.\" width=\"300\" height=\"198\" srcset=\"https:\/\/i0.wp.com\/eltrabajo.cl\/portal\/wp-content\/uploads\/2015\/12\/FECIM.jpg?resize=300%2C198&amp;ssl=1 300w, https:\/\/i0.wp.com\/eltrabajo.cl\/portal\/wp-content\/uploads\/2015\/12\/FECIM.jpg?resize=200%2C132&amp;ssl=1 200w, https:\/\/i0.wp.com\/eltrabajo.cl\/portal\/wp-content\/uploads\/2015\/12\/FECIM.jpg?resize=228%2C150&amp;ssl=1 228w, https:\/\/i0.wp.com\/eltrabajo.cl\/portal\/wp-content\/uploads\/2015\/12\/FECIM.jpg?resize=400%2C263&amp;ssl=1 400w, https:\/\/i0.wp.com\/eltrabajo.cl\/portal\/wp-content\/uploads\/2015\/12\/FECIM.jpg?w=530&amp;ssl=1 530w\" sizes=\"auto, (max-width: 300px) 100vw, 300px\" \/><figcaption id=\"caption-attachment-64712\" class=\"wp-caption-text\">Reconocidas pel\u00edculas nacionales ser\u00e1n parte de la 10\u00aa versi\u00f3n del Festival de Cine y Muestra de Santa Mar\u00eda que se realizar\u00e1 desde el 15 al 19 de diciembre, con entrada liberada.<\/figcaption><\/figure>\n<p>El Festival de Cine y Muestra de Santa Mar\u00eda se realizar\u00e1 desde el 15 al 19 de diciembre de 2015 en la ciudad de Santa Mar\u00eda, siendo sus actividades gratuitas y abiertas al p\u00fablico general.<br \/>\nEn la noche inaugural se presentar\u00e1 el largometraje de ficci\u00f3n \u2018Ra\u00fal\u2019, dirigida por Mat\u00edas Venables y protagonizada por Oscar Hern\u00e1ndez, Paula Zu\u00f1iga, Alejandro Sieveking, Teresa M\u00fcnchmeyer y Ram\u00f3n Gonz\u00e1lez, pel\u00edcula estrenada recientemente en las salas nacionales y que obtuvo el Premio del P\u00fablico en el Festival de Cine B.<br \/>\nEn las jornadas posteriores se presentar\u00e1n las pel\u00edculas de la Selecci\u00f3n Oficial de cortometraje documental del Fecim 2015, la cual est\u00e1 compuesta por \u2018La \u00faltima funci\u00f3n\u2019 de Daniel Miranda; \u2018Pies secos\u2019 de Joaqu\u00edn Baus; \u2018Por aqu\u00ed paso el diablo\u2019 de Carolina Jes\u00fas y \u2018Silvia\u2019 de Dianne D\u00edaz y Leonardo Cabezas. As\u00ed mismo, se exhibir\u00e1n los documentales seleccionados para la secci\u00f3n de muestra: \u2018Chewkepvllv\u2019 de Gerardo Berrocal; \u2018Dos pueblos, dos culturas, dos idiomas\u2019 de Juan D\u00edaz Cofr\u00e9; \u2018El canal\u2019 de Josefa Ruiz Caballero; y \u2018El Parra menos Parra\u2019 de Jorge Catoni, cinta que ha recibido diversos premios a nivel nacional y que fue ganadora de la reciente versi\u00f3n del Festival de Cine de Chiloe.<br \/>\nLa competencia de cortometrajes nacionales ser\u00e1 dirimida por 5 jurados, entre los que se cuentan destacados realizadores del pa\u00eds, como Carlos Lertora y Jorge Marzuca. Daniela Fuentes directora de la revista valpovisual.cl, entre otros gestores culturales de la Quinta Regi\u00f3n.<br \/>\nEl Fecim Santa Mar\u00eda es una iniciativa de gestores culturales locales, quienes crearon en el 2005 un espacio de proyecci\u00f3n con la intenci\u00f3n de acercar el cine a los vecinos de la comuna. Dicho impulso fue respaldado por la Municipalidad de Santa Mar\u00eda, encabezada por el alcalde Claudio Zurita, dando paso a\u00f1os despu\u00e9s a la construcci\u00f3n del Cine Teatro Municipal. Hoy, tras 10 a\u00f1os de trayectoria, este evento se consolida como el \u00fanico Festival de Cine de las Provincias de San Felipe y Los Andes, en una zona donde la mayor\u00eda de los cines locales han sido cerrados y\/o abandonados.<br \/>\nActualmente el Fecim cuenta con el apoyo del Fondo Nacional de Desarrollo Regional del Ministerio del Interior y Seguridad P\u00fablica y de la Municipalidad de Santa Mar\u00eda.<\/p>\n","protected":false},"excerpt":{"rendered":"<p>El Festival de Cine y Muestra de Santa Mar\u00eda se realizar\u00e1 desde el 15 al 19 de diciembre de 2015 en la ciudad de Santa Mar\u00eda, siendo sus actividades gratuitas y abiertas&#8230;<\/p>\n","protected":false},"author":482,"featured_media":64712,"comment_status":"open","ping_status":"open","sticky":false,"template":"","format":"standard","meta":{"advanced_seo_description":"","jetpack_seo_html_title":"","jetpack_seo_noindex":false,"_jetpack_memberships_contains_paid_content":false,"footnotes":""},"categories":[1],"tags":[],"class_list":["post-64711","post","type-post","status-publish","format-standard","has-post-thumbnail","hentry","category-cronica"],"jetpack_featured_media_url":"https:\/\/i0.wp.com\/eltrabajo.cl\/portal\/wp-content\/uploads\/2015\/12\/FECIM.jpg?fit=530%2C349&ssl=1","jetpack_sharing_enabled":true,"jetpack_likes_enabled":true,"jetpack-related-posts":[],"_links":{"self":[{"href":"https:\/\/eltrabajo.cl\/portal\/wp-json\/wp\/v2\/posts\/64711","targetHints":{"allow":["GET"]}}],"collection":[{"href":"https:\/\/eltrabajo.cl\/portal\/wp-json\/wp\/v2\/posts"}],"about":[{"href":"https:\/\/eltrabajo.cl\/portal\/wp-json\/wp\/v2\/types\/post"}],"author":[{"embeddable":true,"href":"https:\/\/eltrabajo.cl\/portal\/wp-json\/wp\/v2\/users\/482"}],"replies":[{"embeddable":true,"href":"https:\/\/eltrabajo.cl\/portal\/wp-json\/wp\/v2\/comments?post=64711"}],"version-history":[{"count":0,"href":"https:\/\/eltrabajo.cl\/portal\/wp-json\/wp\/v2\/posts\/64711\/revisions"}],"wp:featuredmedia":[{"embeddable":true,"href":"https:\/\/eltrabajo.cl\/portal\/wp-json\/wp\/v2\/media\/64712"}],"wp:attachment":[{"href":"https:\/\/eltrabajo.cl\/portal\/wp-json\/wp\/v2\/media?parent=64711"}],"wp:term":[{"taxonomy":"category","embeddable":true,"href":"https:\/\/eltrabajo.cl\/portal\/wp-json\/wp\/v2\/categories?post=64711"},{"taxonomy":"post_tag","embeddable":true,"href":"https:\/\/eltrabajo.cl\/portal\/wp-json\/wp\/v2\/tags?post=64711"}],"curies":[{"name":"wp","href":"https:\/\/api.w.org\/{rel}","templated":true}]}}