{"id":64714,"date":"2015-12-11T14:38:19","date_gmt":"2015-12-11T17:38:19","guid":{"rendered":"http:\/\/www.eltrabajo.cl\/portal\/?p=64714"},"modified":"2015-12-11T14:38:19","modified_gmt":"2015-12-11T17:38:19","slug":"autoridades-entregan-becas-presidente-de-la-republica-a-estudiantes-de-la-comuna","status":"publish","type":"post","link":"https:\/\/eltrabajo.cl\/portal\/autoridades-entregan-becas-presidente-de-la-republica-a-estudiantes-de-la-comuna\/","title":{"rendered":"Autoridades entregan becas Presidente de la Rep\u00fablica a estudiantes de la comuna"},"content":{"rendered":"<figure id=\"attachment_64715\" aria-describedby=\"caption-attachment-64715\" style=\"width: 300px\" class=\"wp-caption alignleft\"><img data-recalc-dims=\"1\" loading=\"lazy\" decoding=\"async\" class=\"wp-image-64715 size-medium\" src=\"https:\/\/i0.wp.com\/www.eltrabajo.cl\/portal\/wp-content\/uploads\/2015\/12\/Entrega-becas-Presidente-de-la-Republica-300x197.jpg?resize=300%2C197\" alt=\"Fueron 81 alumnos de San Felipe los beneficiados con la beca Presidente de la Rep\u00fablica.\" width=\"300\" height=\"197\" srcset=\"https:\/\/i0.wp.com\/eltrabajo.cl\/portal\/wp-content\/uploads\/2015\/12\/Entrega-becas-Presidente-de-la-Republica.jpg?resize=300%2C197&amp;ssl=1 300w, https:\/\/i0.wp.com\/eltrabajo.cl\/portal\/wp-content\/uploads\/2015\/12\/Entrega-becas-Presidente-de-la-Republica.jpg?resize=200%2C131&amp;ssl=1 200w, https:\/\/i0.wp.com\/eltrabajo.cl\/portal\/wp-content\/uploads\/2015\/12\/Entrega-becas-Presidente-de-la-Republica.jpg?resize=228%2C150&amp;ssl=1 228w, https:\/\/i0.wp.com\/eltrabajo.cl\/portal\/wp-content\/uploads\/2015\/12\/Entrega-becas-Presidente-de-la-Republica.jpg?resize=400%2C263&amp;ssl=1 400w, https:\/\/i0.wp.com\/eltrabajo.cl\/portal\/wp-content\/uploads\/2015\/12\/Entrega-becas-Presidente-de-la-Republica.jpg?w=530&amp;ssl=1 530w\" sizes=\"auto, (max-width: 300px) 100vw, 300px\" \/><figcaption id=\"caption-attachment-64715\" class=\"wp-caption-text\">Fueron 81 alumnos de San Felipe los beneficiados con la beca Presidente de la Rep\u00fablica.<\/figcaption><\/figure>\n<p>81 alumnos fueron beneficiados con esta beca, mientras que a nivel provincial la cobertura alcanz\u00f3 los 271 estudiantes.<br \/>\nEste jueves se desarroll\u00f3 la entrega de las Becas Presidente de la Rep\u00fablica en la comuna de San Felipe, instancia que cont\u00f3 con la participaci\u00f3n del Gobernador Eduardo Le\u00f3n, el Director Regional de Junaeb, Marcelo G\u00f3ngora, el Alcalde de la Municipalidad de San Felipe, Patricio Freire y escolares de diversos establecimientos.<br \/>\nEsta beca consiste en un subsidio mensual de libre disposici\u00f3n para estudiantes de escasos recursos con buen rendimiento acad\u00e9mico de educaci\u00f3n media y superior que se paga en diez cuotas durante el a\u00f1o.<br \/>\nEl beneficio corresponde a aproximadamente $24.435 para los alumnos de educaci\u00f3n secundaria y $48.871 para estudiantes de educaci\u00f3n superior.<br \/>\nEl alcalde Patricio Freire se mostr\u00f3 muy contento por el importante n\u00famero de estudiantes que fueron beneficiados con esta beca. \u201cEste es un premio a la dedicaci\u00f3n y al estudio de cada alumno. Esto es significativo para el desarrollo de ellos y para la econom\u00eda de la familia. Este es un gran aporte del Gobierno de la Presidenta Bachelet, que aporta con estos j\u00f3venes que ser\u00e1n el futuro del pa\u00eds\u201d, apunt\u00f3.<br \/>\nFinalmente, notablemente agradecido se mostr\u00f3 Bryan Celed\u00f3n, estudiante del establecimiento 21 de mayo. \u201cGracias a mi buen rendimiento he podido alcanzar este beneficio, que es un gran honor. Adem\u00e1s, est\u00e1 firmado por la presidenta, lo que me motiva a mejorar mis resultados\u201d, declar\u00f3.<br \/>\nA nivel provincial, son 271 estudiantes beneficiados, distribuy\u00e9ndose de la siguiente manera: Catemu: 13 alumnos; Llay Llay: 64 alumnos; Putaendo: 41 alumnos; San Felipe: 81 alumnos; Santa Mar\u00eda: 61 alumnos.<\/p>\n","protected":false},"excerpt":{"rendered":"<p>81 alumnos fueron beneficiados con esta beca, mientras que a nivel provincial la cobertura alcanz\u00f3 los 271 estudiantes. Este jueves se desarroll\u00f3 la entrega de las Becas Presidente de la Rep\u00fablica en&#8230;<\/p>\n","protected":false},"author":482,"featured_media":64715,"comment_status":"open","ping_status":"open","sticky":false,"template":"","format":"standard","meta":{"advanced_seo_description":"","jetpack_seo_html_title":"","jetpack_seo_noindex":false,"_jetpack_memberships_contains_paid_content":false,"footnotes":""},"categories":[1],"tags":[],"class_list":["post-64714","post","type-post","status-publish","format-standard","has-post-thumbnail","hentry","category-cronica"],"jetpack_featured_media_url":"https:\/\/i0.wp.com\/eltrabajo.cl\/portal\/wp-content\/uploads\/2015\/12\/Entrega-becas-Presidente-de-la-Republica.jpg?fit=530%2C348&ssl=1","jetpack_sharing_enabled":true,"jetpack_likes_enabled":true,"jetpack-related-posts":[],"_links":{"self":[{"href":"https:\/\/eltrabajo.cl\/portal\/wp-json\/wp\/v2\/posts\/64714","targetHints":{"allow":["GET"]}}],"collection":[{"href":"https:\/\/eltrabajo.cl\/portal\/wp-json\/wp\/v2\/posts"}],"about":[{"href":"https:\/\/eltrabajo.cl\/portal\/wp-json\/wp\/v2\/types\/post"}],"author":[{"embeddable":true,"href":"https:\/\/eltrabajo.cl\/portal\/wp-json\/wp\/v2\/users\/482"}],"replies":[{"embeddable":true,"href":"https:\/\/eltrabajo.cl\/portal\/wp-json\/wp\/v2\/comments?post=64714"}],"version-history":[{"count":0,"href":"https:\/\/eltrabajo.cl\/portal\/wp-json\/wp\/v2\/posts\/64714\/revisions"}],"wp:featuredmedia":[{"embeddable":true,"href":"https:\/\/eltrabajo.cl\/portal\/wp-json\/wp\/v2\/media\/64715"}],"wp:attachment":[{"href":"https:\/\/eltrabajo.cl\/portal\/wp-json\/wp\/v2\/media?parent=64714"}],"wp:term":[{"taxonomy":"category","embeddable":true,"href":"https:\/\/eltrabajo.cl\/portal\/wp-json\/wp\/v2\/categories?post=64714"},{"taxonomy":"post_tag","embeddable":true,"href":"https:\/\/eltrabajo.cl\/portal\/wp-json\/wp\/v2\/tags?post=64714"}],"curies":[{"name":"wp","href":"https:\/\/api.w.org\/{rel}","templated":true}]}}