{"id":64717,"date":"2015-12-11T14:42:51","date_gmt":"2015-12-11T17:42:51","guid":{"rendered":"http:\/\/www.eltrabajo.cl\/portal\/?p=64717"},"modified":"2015-12-11T14:42:51","modified_gmt":"2015-12-11T17:42:51","slug":"fosis-celebra-25-anos-con-feria-de-emprendimiento-en-plaza-de-armas","status":"publish","type":"post","link":"https:\/\/eltrabajo.cl\/portal\/fosis-celebra-25-anos-con-feria-de-emprendimiento-en-plaza-de-armas\/","title":{"rendered":"Fosis celebra 25 a\u00f1os con Feria de Emprendimiento en Plaza de Armas"},"content":{"rendered":"<figure id=\"attachment_64718\" aria-describedby=\"caption-attachment-64718\" style=\"width: 300px\" class=\"wp-caption alignleft\"><img data-recalc-dims=\"1\" loading=\"lazy\" decoding=\"async\" class=\"wp-image-64718 size-medium\" src=\"https:\/\/i0.wp.com\/www.eltrabajo.cl\/portal\/wp-content\/uploads\/2015\/12\/FOTO-1-Artesania-en-fierro-Katherine-Munoz-Olvare-La-Cruz-300x197.jpg?resize=300%2C197\" alt=\"Artesan\u00eda en fierro del puesto de Katherine Mu\u00f1oz Olivarez, proveniente de la comuna de La Cruz.\" width=\"300\" height=\"197\" srcset=\"https:\/\/i0.wp.com\/eltrabajo.cl\/portal\/wp-content\/uploads\/2015\/12\/FOTO-1-Artesania-en-fierro-Katherine-Munoz-Olvare-La-Cruz.jpg?resize=300%2C197&amp;ssl=1 300w, https:\/\/i0.wp.com\/eltrabajo.cl\/portal\/wp-content\/uploads\/2015\/12\/FOTO-1-Artesania-en-fierro-Katherine-Munoz-Olvare-La-Cruz.jpg?resize=200%2C131&amp;ssl=1 200w, https:\/\/i0.wp.com\/eltrabajo.cl\/portal\/wp-content\/uploads\/2015\/12\/FOTO-1-Artesania-en-fierro-Katherine-Munoz-Olvare-La-Cruz.jpg?resize=228%2C150&amp;ssl=1 228w, https:\/\/i0.wp.com\/eltrabajo.cl\/portal\/wp-content\/uploads\/2015\/12\/FOTO-1-Artesania-en-fierro-Katherine-Munoz-Olvare-La-Cruz.jpg?resize=400%2C263&amp;ssl=1 400w, https:\/\/i0.wp.com\/eltrabajo.cl\/portal\/wp-content\/uploads\/2015\/12\/FOTO-1-Artesania-en-fierro-Katherine-Munoz-Olvare-La-Cruz.jpg?w=530&amp;ssl=1 530w\" sizes=\"auto, (max-width: 300px) 100vw, 300px\" \/><figcaption id=\"caption-attachment-64718\" class=\"wp-caption-text\">Artesan\u00eda en fierro del puesto de Katherine Mu\u00f1oz Olivarez, proveniente de la comuna de La Cruz.<\/figcaption><\/figure>\n<ul>\n<li><strong>Autoridades valoraron instancia que sirve para que los productores locales expongan sus trabajos y experimenten un nuevo foco comercial en \u00e9poca navide\u00f1a.<\/strong><\/li>\n<\/ul>\n<p>Abriendo un nuevo espacio para los peque\u00f1os y medianos comerciantes sanfelipe\u00f1os, este jueves en la plaza de armas, se realiz\u00f3 la inauguraci\u00f3n de la Feria de Emprendimiento 25 A\u00f1os Fosis Contigo, la cual funcionar\u00e1 hasta ma\u00f1ana viernes y en donde se exponen los productos de 25 emprendedores de la Provincia de San Felipe y otras comunas invitadas como Nogales, Calera y La Cruz.<br \/>\nLa idea es conmemorar un nuevo aniversario del Fondo de Solidaridad e inversi\u00f3n Social, Fosis, y junto a esto generar una instancia para que estos incipientes empresarios puedan mostrar sus productos a la comunidad y a la vez tengan un nuevo lugar para vender sus trabajos.<br \/>\nEl Director Regional de Fosis, Marcelo Aguilar, se mostr\u00f3 feliz de poder cumplir con el mandato presidencial que los insta apoyar el emprendimiento de las personas m\u00e1s vulnerables y que adem\u00e1s \u201cviene a reforzar mucho m\u00e1s lo que es la muestra, la muestra de emprendedores que han sido exitosos dentro de la Provincia, que junto con el \u00e9xito de sus productos hoy pueden mostrar y venderlos, sobretodo en el marco de esta fecha de navidad y formalizar el conocimiento de ellos ac\u00e1 en la Provincia\u201d, apunt\u00f3.<br \/>\nSobre el proceso de postulaciones y el inter\u00e9s de la comunidad por formar parte de los proyectos Fosis, Aguilar describi\u00f3 que el p\u00fablico debe acercarse a la oficina de la entidad que est\u00e1 apostada en la Gobernaci\u00f3n Provincial los d\u00edas martes y jueves en la ma\u00f1ana y de esta forma continuar con la gran demanda que han tenido en el \u00faltimo a\u00f1o.<br \/>\n\u201cNuestras postulaciones comienzan en el mes de marzo. Hemos apoyado bastante a muchos emprendedores y de ah\u00ed que el inter\u00e9s es incre\u00edble, siempre hemos tenido mucha postulaci\u00f3n versus la oferta que reamente tenemos. Desde esa perspectiva lo que nosotros queremos es que la gente se acerque para poder acceder a toda la informaci\u00f3n y conocer el proceso de postulaci\u00f3n 2016\u201d, detall\u00f3 Aguilar.<br \/>\nEn este \u00faltimo punto, el personero hizo menci\u00f3n al cambio que se llevar\u00e1 a cabo en la Ficha de Protecci\u00f3n Social, FPS, la cual se modificar\u00e1 a un Registro Social de Hogares, lo cual permitir\u00e1 que las postulaciones a los distintos programas de Fosis, est\u00e9n regidas por una l\u00ednea m\u00e1s justa, representativa y con mayor acceso a las familias realmente vulnerables de la Provincia de San Felipe.<br \/>\nBerta Valdebenito S\u00e1nchez, emprendedora que elabora diversos productos utilizando miel como materia prima, destac\u00f3 la importancia que ha tenido Fosis para poder llevar a efectos su emprendimiento, argumentando que \u201cyo gracias a estos programas he representado a San Felipe en otras ciudades como Rancagua, tambi\u00e9n en La Moneda, gracias a esto yo tengo un peque\u00f1o negocio\u201d, enfatiz\u00f3.<br \/>\nRespecto del mensaje que puede entregar a aqu\u00e9llas personas que tienen la idea de comenzar un negocio y necesitan de un impulso, S\u00e1nchez recalc\u00f3 que \u201chay que saber aprovechar la ayuda que nos da el gobierno, hay que ser constante con lo que a uno le gusta hacer. Fosis ha estado siempre conmigo, yo he trabajado mucho con los artesanos de la zona del Valle de Aconcagua, por lo tanto, uno tiene que creer en el proyecto de uno, yo a la edad que tengo estoy feliz con lo que he logrado\u201d, remat\u00f3.<br \/>\nEl gobernador Eduardo Le\u00f3n tambi\u00e9n form\u00f3 parte de esta Jornada Inaugural de la Feria de Emprendimiento. En la ocasi\u00f3n resalt\u00f3 el potencial que muestra el Valle de Aconcagua en cada uno de sus productores y se refiri\u00f3 a la importancia que tiene este tipo de instancias para contribuir con el desarrollo econ\u00f3mico local. \u201cLa parte agr\u00edcola, artesanal, tur\u00edstica deben desarrollarse y el Fosis est\u00e1 trabajando bajo esa l\u00ednea. El fortalecimiento de nuestros peque\u00f1os agricultores y productores es esencial para nosotros y es por eso que el a\u00f1o 2016 va a ser parte de nuestra agenda y se transformar\u00e1 en un organismo relevante en este aspecto\u201d, asever\u00f3.<br \/>\nPor su parte el alcalde de San Felipe Patricio Freire, recorri\u00f3 cada uno de los puestos instalados en Plaza de Armas y tras conocer los productos que se ofrecen en ella, valor\u00f3 la contribuci\u00f3n que realiza este organismo al crecimiento de los recursos laborales de la ciudad e indic\u00f3 que \u201cfeliz de celebrar los 25 a\u00f1os de Fosis que ha sido un pilar fundamental en los emprendedores del Valle de Aconcagua, por eso estamos felices de poder ver esta linda exposici\u00f3n en donde tendremos a muchos vecinos de San Felipe\u201d, sentenci\u00f3.<\/p>\n<div class=\"tiled-gallery type-rectangular tiled-gallery-unresized\" data-original-width=\"640\" data-carousel-extra='null' itemscope itemtype=\"http:\/\/schema.org\/ImageGallery\" > <div class=\"gallery-row\" style=\"width: 640px; height: 282px;\" data-original-width=\"640\" data-original-height=\"282\" > <div class=\"gallery-group images-1\" style=\"width: 428px; height: 282px;\" data-original-width=\"428\" data-original-height=\"282\" > <div class=\"tiled-gallery-item tiled-gallery-item-large\" itemprop=\"associatedMedia\" itemscope itemtype=\"http:\/\/schema.org\/ImageObject\"> <a href=\"https:\/\/eltrabajo.cl\/portal\/fosis-celebra-25-anos-con-feria-de-emprendimiento-en-plaza-de-armas\/foto-6-alcalde-de-san-felipe-patricio-freire\/\" border=\"0\" itemprop=\"url\"> <meta itemprop=\"width\" content=\"424\"> <meta itemprop=\"height\" content=\"278\"> <img decoding=\"async\" class=\"\" data-attachment-id=\"64722\" data-orig-file=\"https:\/\/eltrabajo.cl\/portal\/wp-content\/uploads\/2015\/12\/FOTO-6-Alcalde-de-San-Felipe-Patricio-Freire.jpg\" data-orig-size=\"530,348\" data-comments-opened=\"1\" data-image-meta=\"{&quot;aperture&quot;:&quot;0&quot;,&quot;credit&quot;:&quot;&quot;,&quot;camera&quot;:&quot;&quot;,&quot;caption&quot;:&quot;&quot;,&quot;created_timestamp&quot;:&quot;0&quot;,&quot;copyright&quot;:&quot;&quot;,&quot;focal_length&quot;:&quot;0&quot;,&quot;iso&quot;:&quot;0&quot;,&quot;shutter_speed&quot;:&quot;0&quot;,&quot;title&quot;:&quot;&quot;,&quot;orientation&quot;:&quot;0&quot;}\" data-image-title=\"FOTO 6 Alcalde de San Felipe Patricio Freire\" data-image-description=\"\" data-medium-file=\"https:\/\/i0.wp.com\/eltrabajo.cl\/portal\/wp-content\/uploads\/2015\/12\/FOTO-6-Alcalde-de-San-Felipe-Patricio-Freire.jpg?fit=300%2C197&#038;ssl=1\" data-large-file=\"https:\/\/i0.wp.com\/eltrabajo.cl\/portal\/wp-content\/uploads\/2015\/12\/FOTO-6-Alcalde-de-San-Felipe-Patricio-Freire.jpg?fit=530%2C348&#038;ssl=1\" src=\"https:\/\/i0.wp.com\/eltrabajo.cl\/portal\/wp-content\/uploads\/2015\/12\/FOTO-6-Alcalde-de-San-Felipe-Patricio-Freire.jpg?w=424&#038;h=278&#038;ssl=1\" srcset=\"https:\/\/i0.wp.com\/eltrabajo.cl\/portal\/wp-content\/uploads\/2015\/12\/FOTO-6-Alcalde-de-San-Felipe-Patricio-Freire.jpg?w=530&amp;ssl=1 530w, https:\/\/i0.wp.com\/eltrabajo.cl\/portal\/wp-content\/uploads\/2015\/12\/FOTO-6-Alcalde-de-San-Felipe-Patricio-Freire.jpg?resize=200%2C131&amp;ssl=1 200w, https:\/\/i0.wp.com\/eltrabajo.cl\/portal\/wp-content\/uploads\/2015\/12\/FOTO-6-Alcalde-de-San-Felipe-Patricio-Freire.jpg?resize=300%2C197&amp;ssl=1 300w, https:\/\/i0.wp.com\/eltrabajo.cl\/portal\/wp-content\/uploads\/2015\/12\/FOTO-6-Alcalde-de-San-Felipe-Patricio-Freire.jpg?resize=228%2C150&amp;ssl=1 228w, https:\/\/i0.wp.com\/eltrabajo.cl\/portal\/wp-content\/uploads\/2015\/12\/FOTO-6-Alcalde-de-San-Felipe-Patricio-Freire.jpg?resize=400%2C263&amp;ssl=1 400w\" width=\"424\" height=\"278\" loading=\"lazy\" data-original-width=\"424\" data-original-height=\"278\" itemprop=\"http:\/\/schema.org\/image\" title=\"FOTO 6 Alcalde de San Felipe Patricio Freire\" alt=\"FOTO 6 Alcalde de San Felipe Patricio Freire\" style=\"width: 424px; height: 278px;\" \/> <\/a> <\/div> <\/div> <!-- close group --> <div class=\"gallery-group images-2\" style=\"width: 212px; height: 282px;\" data-original-width=\"212\" data-original-height=\"282\" > <div class=\"tiled-gallery-item tiled-gallery-item-small\" itemprop=\"associatedMedia\" itemscope itemtype=\"http:\/\/schema.org\/ImageObject\"> <a href=\"https:\/\/eltrabajo.cl\/portal\/fosis-celebra-25-anos-con-feria-de-emprendimiento-en-plaza-de-armas\/foto-4-marcelo-aguilar-direcor-regional-de-fosis\/\" border=\"0\" itemprop=\"url\"> <meta itemprop=\"width\" content=\"208\"> <meta itemprop=\"height\" content=\"137\"> <img decoding=\"async\" class=\"\" data-attachment-id=\"64720\" data-orig-file=\"https:\/\/eltrabajo.cl\/portal\/wp-content\/uploads\/2015\/12\/FOTO-4-MARCELO-AGUILAR-DIRECOR-REGIONAL-DE-FOSIS.jpg\" data-orig-size=\"530,350\" data-comments-opened=\"1\" data-image-meta=\"{&quot;aperture&quot;:&quot;0&quot;,&quot;credit&quot;:&quot;&quot;,&quot;camera&quot;:&quot;&quot;,&quot;caption&quot;:&quot;&quot;,&quot;created_timestamp&quot;:&quot;0&quot;,&quot;copyright&quot;:&quot;&quot;,&quot;focal_length&quot;:&quot;0&quot;,&quot;iso&quot;:&quot;0&quot;,&quot;shutter_speed&quot;:&quot;0&quot;,&quot;title&quot;:&quot;&quot;,&quot;orientation&quot;:&quot;0&quot;}\" data-image-title=\"FOTO 4 MARCELO AGUILAR DIRECOR REGIONAL DE FOSIS\" data-image-description=\"&lt;p&gt;Marcelo Aguilar, director regional de Fosis.&lt;\/p&gt; \" data-medium-file=\"https:\/\/i0.wp.com\/eltrabajo.cl\/portal\/wp-content\/uploads\/2015\/12\/FOTO-4-MARCELO-AGUILAR-DIRECOR-REGIONAL-DE-FOSIS.jpg?fit=300%2C198&#038;ssl=1\" data-large-file=\"https:\/\/i0.wp.com\/eltrabajo.cl\/portal\/wp-content\/uploads\/2015\/12\/FOTO-4-MARCELO-AGUILAR-DIRECOR-REGIONAL-DE-FOSIS.jpg?fit=530%2C350&#038;ssl=1\" src=\"https:\/\/i0.wp.com\/eltrabajo.cl\/portal\/wp-content\/uploads\/2015\/12\/FOTO-4-MARCELO-AGUILAR-DIRECOR-REGIONAL-DE-FOSIS.jpg?w=208&#038;h=137&#038;ssl=1\" srcset=\"https:\/\/i0.wp.com\/eltrabajo.cl\/portal\/wp-content\/uploads\/2015\/12\/FOTO-4-MARCELO-AGUILAR-DIRECOR-REGIONAL-DE-FOSIS.jpg?w=530&amp;ssl=1 530w, https:\/\/i0.wp.com\/eltrabajo.cl\/portal\/wp-content\/uploads\/2015\/12\/FOTO-4-MARCELO-AGUILAR-DIRECOR-REGIONAL-DE-FOSIS.jpg?resize=200%2C132&amp;ssl=1 200w, https:\/\/i0.wp.com\/eltrabajo.cl\/portal\/wp-content\/uploads\/2015\/12\/FOTO-4-MARCELO-AGUILAR-DIRECOR-REGIONAL-DE-FOSIS.jpg?resize=300%2C198&amp;ssl=1 300w, https:\/\/i0.wp.com\/eltrabajo.cl\/portal\/wp-content\/uploads\/2015\/12\/FOTO-4-MARCELO-AGUILAR-DIRECOR-REGIONAL-DE-FOSIS.jpg?resize=227%2C150&amp;ssl=1 227w, https:\/\/i0.wp.com\/eltrabajo.cl\/portal\/wp-content\/uploads\/2015\/12\/FOTO-4-MARCELO-AGUILAR-DIRECOR-REGIONAL-DE-FOSIS.jpg?resize=400%2C264&amp;ssl=1 400w\" width=\"208\" height=\"137\" loading=\"lazy\" data-original-width=\"208\" data-original-height=\"137\" itemprop=\"http:\/\/schema.org\/image\" title=\"FOTO 4 MARCELO AGUILAR DIRECOR REGIONAL DE FOSIS\" alt=\"Marcelo Aguilar, director regional de Fosis.\" style=\"width: 208px; height: 137px;\" \/> <\/a> <div class=\"tiled-gallery-caption\" itemprop=\"caption description\"> Marcelo Aguilar, director regional de Fosis. <\/div> <\/div> <div class=\"tiled-gallery-item tiled-gallery-item-small\" itemprop=\"associatedMedia\" itemscope itemtype=\"http:\/\/schema.org\/ImageObject\"> <a href=\"https:\/\/eltrabajo.cl\/portal\/fosis-celebra-25-anos-con-feria-de-emprendimiento-en-plaza-de-armas\/foto-2-gobernador-eduardo-leon\/\" border=\"0\" itemprop=\"url\"> <meta itemprop=\"width\" content=\"208\"> <meta itemprop=\"height\" content=\"137\"> <img decoding=\"async\" class=\"\" data-attachment-id=\"64719\" data-orig-file=\"https:\/\/eltrabajo.cl\/portal\/wp-content\/uploads\/2015\/12\/FOTO-2-Gobernador-Eduardo-Leon.jpg\" data-orig-size=\"530,348\" data-comments-opened=\"1\" data-image-meta=\"{&quot;aperture&quot;:&quot;0&quot;,&quot;credit&quot;:&quot;&quot;,&quot;camera&quot;:&quot;&quot;,&quot;caption&quot;:&quot;&quot;,&quot;created_timestamp&quot;:&quot;0&quot;,&quot;copyright&quot;:&quot;&quot;,&quot;focal_length&quot;:&quot;0&quot;,&quot;iso&quot;:&quot;0&quot;,&quot;shutter_speed&quot;:&quot;0&quot;,&quot;title&quot;:&quot;&quot;,&quot;orientation&quot;:&quot;0&quot;}\" data-image-title=\"FOTO 2 Gobernador Eduardo Leon\" data-image-description=\"&lt;p&gt;Gobernador de la Provincia de San Felipe, Eduardo Le\u00f3n.&lt;\/p&gt; \" data-medium-file=\"https:\/\/i0.wp.com\/eltrabajo.cl\/portal\/wp-content\/uploads\/2015\/12\/FOTO-2-Gobernador-Eduardo-Leon.jpg?fit=300%2C197&#038;ssl=1\" data-large-file=\"https:\/\/i0.wp.com\/eltrabajo.cl\/portal\/wp-content\/uploads\/2015\/12\/FOTO-2-Gobernador-Eduardo-Leon.jpg?fit=530%2C348&#038;ssl=1\" src=\"https:\/\/i0.wp.com\/eltrabajo.cl\/portal\/wp-content\/uploads\/2015\/12\/FOTO-2-Gobernador-Eduardo-Leon.jpg?w=208&#038;h=137&#038;ssl=1\" srcset=\"https:\/\/i0.wp.com\/eltrabajo.cl\/portal\/wp-content\/uploads\/2015\/12\/FOTO-2-Gobernador-Eduardo-Leon.jpg?w=530&amp;ssl=1 530w, https:\/\/i0.wp.com\/eltrabajo.cl\/portal\/wp-content\/uploads\/2015\/12\/FOTO-2-Gobernador-Eduardo-Leon.jpg?resize=200%2C131&amp;ssl=1 200w, https:\/\/i0.wp.com\/eltrabajo.cl\/portal\/wp-content\/uploads\/2015\/12\/FOTO-2-Gobernador-Eduardo-Leon.jpg?resize=300%2C197&amp;ssl=1 300w, https:\/\/i0.wp.com\/eltrabajo.cl\/portal\/wp-content\/uploads\/2015\/12\/FOTO-2-Gobernador-Eduardo-Leon.jpg?resize=228%2C150&amp;ssl=1 228w, https:\/\/i0.wp.com\/eltrabajo.cl\/portal\/wp-content\/uploads\/2015\/12\/FOTO-2-Gobernador-Eduardo-Leon.jpg?resize=400%2C263&amp;ssl=1 400w\" width=\"208\" height=\"137\" loading=\"lazy\" data-original-width=\"208\" data-original-height=\"137\" itemprop=\"http:\/\/schema.org\/image\" title=\"FOTO 2 Gobernador Eduardo Leon\" alt=\"Gobernador de la Provincia de San Felipe, Eduardo Le\u00f3n.\" style=\"width: 208px; height: 137px;\" \/> <\/a> <div class=\"tiled-gallery-caption\" itemprop=\"caption description\"> Gobernador de la Provincia de San Felipe, Eduardo Le\u00f3n. <\/div> <\/div> <\/div> <!-- close group --> <\/div> <!-- close row --> <div class=\"gallery-row\" style=\"width: 640px; height: 422px;\" data-original-width=\"640\" data-original-height=\"422\" > <div class=\"gallery-group images-1\" style=\"width: 640px; height: 422px;\" data-original-width=\"640\" data-original-height=\"422\" > <div class=\"tiled-gallery-item tiled-gallery-item-large\" itemprop=\"associatedMedia\" itemscope itemtype=\"http:\/\/schema.org\/ImageObject\"> <a href=\"https:\/\/eltrabajo.cl\/portal\/fosis-celebra-25-anos-con-feria-de-emprendimiento-en-plaza-de-armas\/foto-5-berta-valdebenito-sanchez-emprendedora-sanfelipena\/\" border=\"0\" itemprop=\"url\"> <meta itemprop=\"width\" content=\"636\"> <meta itemprop=\"height\" content=\"418\"> <img decoding=\"async\" class=\"\" data-attachment-id=\"64721\" data-orig-file=\"https:\/\/eltrabajo.cl\/portal\/wp-content\/uploads\/2015\/12\/FOTO-5-BERTA-VALDEBENITO-SANCHEz-EMPRENDEDORA-SANFELIPENA.jpg\" data-orig-size=\"530,348\" data-comments-opened=\"1\" data-image-meta=\"{&quot;aperture&quot;:&quot;0&quot;,&quot;credit&quot;:&quot;&quot;,&quot;camera&quot;:&quot;&quot;,&quot;caption&quot;:&quot;&quot;,&quot;created_timestamp&quot;:&quot;0&quot;,&quot;copyright&quot;:&quot;&quot;,&quot;focal_length&quot;:&quot;0&quot;,&quot;iso&quot;:&quot;0&quot;,&quot;shutter_speed&quot;:&quot;0&quot;,&quot;title&quot;:&quot;&quot;,&quot;orientation&quot;:&quot;0&quot;}\" data-image-title=\"FOTO 5 BERTA VALDEBENITO SANCHEz EMPRENDEDORA SANFELIPENA\" data-image-description=\"&lt;p&gt;Berta Valdebenito S\u00e1nchez, emprendedora sanfelipe\u00f1a que elabora productos en base a miel de abejas.&lt;\/p&gt; \" data-medium-file=\"https:\/\/i0.wp.com\/eltrabajo.cl\/portal\/wp-content\/uploads\/2015\/12\/FOTO-5-BERTA-VALDEBENITO-SANCHEz-EMPRENDEDORA-SANFELIPENA.jpg?fit=300%2C197&#038;ssl=1\" data-large-file=\"https:\/\/i0.wp.com\/eltrabajo.cl\/portal\/wp-content\/uploads\/2015\/12\/FOTO-5-BERTA-VALDEBENITO-SANCHEz-EMPRENDEDORA-SANFELIPENA.jpg?fit=530%2C348&#038;ssl=1\" src=\"https:\/\/i0.wp.com\/eltrabajo.cl\/portal\/wp-content\/uploads\/2015\/12\/FOTO-5-BERTA-VALDEBENITO-SANCHEz-EMPRENDEDORA-SANFELIPENA.jpg?w=636&#038;h=418&#038;ssl=1\" srcset=\"https:\/\/i0.wp.com\/eltrabajo.cl\/portal\/wp-content\/uploads\/2015\/12\/FOTO-5-BERTA-VALDEBENITO-SANCHEz-EMPRENDEDORA-SANFELIPENA.jpg?w=530&amp;ssl=1 530w, https:\/\/i0.wp.com\/eltrabajo.cl\/portal\/wp-content\/uploads\/2015\/12\/FOTO-5-BERTA-VALDEBENITO-SANCHEz-EMPRENDEDORA-SANFELIPENA.jpg?resize=200%2C131&amp;ssl=1 200w, https:\/\/i0.wp.com\/eltrabajo.cl\/portal\/wp-content\/uploads\/2015\/12\/FOTO-5-BERTA-VALDEBENITO-SANCHEz-EMPRENDEDORA-SANFELIPENA.jpg?resize=300%2C197&amp;ssl=1 300w, https:\/\/i0.wp.com\/eltrabajo.cl\/portal\/wp-content\/uploads\/2015\/12\/FOTO-5-BERTA-VALDEBENITO-SANCHEz-EMPRENDEDORA-SANFELIPENA.jpg?resize=228%2C150&amp;ssl=1 228w, https:\/\/i0.wp.com\/eltrabajo.cl\/portal\/wp-content\/uploads\/2015\/12\/FOTO-5-BERTA-VALDEBENITO-SANCHEz-EMPRENDEDORA-SANFELIPENA.jpg?resize=400%2C263&amp;ssl=1 400w\" width=\"636\" height=\"418\" loading=\"lazy\" data-original-width=\"636\" data-original-height=\"418\" itemprop=\"http:\/\/schema.org\/image\" title=\"FOTO 5 BERTA VALDEBENITO SANCHEz EMPRENDEDORA SANFELIPENA\" alt=\"Berta Valdebenito S\u00e1nchez, emprendedora sanfelipe\u00f1a que elabora productos en base a miel de abejas.\" style=\"width: 636px; height: 418px;\" \/> <\/a> <div class=\"tiled-gallery-caption\" itemprop=\"caption description\"> Berta Valdebenito S\u00e1nchez, emprendedora sanfelipe\u00f1a que elabora productos en base a miel de abejas. <\/div> <\/div> <\/div> <!-- close group --> <\/div> <!-- close row --> <\/div>\n","protected":false},"excerpt":{"rendered":"<p>Autoridades valoraron instancia que sirve para que los productores locales expongan sus trabajos y experimenten un nuevo foco comercial en \u00e9poca navide\u00f1a. Abriendo un nuevo espacio para los peque\u00f1os y medianos comerciantes&#8230;<\/p>\n","protected":false},"author":482,"featured_media":64718,"comment_status":"open","ping_status":"open","sticky":false,"template":"","format":"standard","meta":{"advanced_seo_description":"","jetpack_seo_html_title":"","jetpack_seo_noindex":false,"_jetpack_memberships_contains_paid_content":false,"footnotes":""},"categories":[15],"tags":[],"class_list":["post-64717","post","type-post","status-publish","format-standard","has-post-thumbnail","hentry","category-comunidad"],"jetpack_featured_media_url":"https:\/\/i0.wp.com\/eltrabajo.cl\/portal\/wp-content\/uploads\/2015\/12\/FOTO-1-Artesania-en-fierro-Katherine-Munoz-Olvare-La-Cruz.jpg?fit=530%2C348&ssl=1","jetpack_sharing_enabled":true,"jetpack_likes_enabled":true,"jetpack-related-posts":[],"_links":{"self":[{"href":"https:\/\/eltrabajo.cl\/portal\/wp-json\/wp\/v2\/posts\/64717","targetHints":{"allow":["GET"]}}],"collection":[{"href":"https:\/\/eltrabajo.cl\/portal\/wp-json\/wp\/v2\/posts"}],"about":[{"href":"https:\/\/eltrabajo.cl\/portal\/wp-json\/wp\/v2\/types\/post"}],"author":[{"embeddable":true,"href":"https:\/\/eltrabajo.cl\/portal\/wp-json\/wp\/v2\/users\/482"}],"replies":[{"embeddable":true,"href":"https:\/\/eltrabajo.cl\/portal\/wp-json\/wp\/v2\/comments?post=64717"}],"version-history":[{"count":0,"href":"https:\/\/eltrabajo.cl\/portal\/wp-json\/wp\/v2\/posts\/64717\/revisions"}],"wp:featuredmedia":[{"embeddable":true,"href":"https:\/\/eltrabajo.cl\/portal\/wp-json\/wp\/v2\/media\/64718"}],"wp:attachment":[{"href":"https:\/\/eltrabajo.cl\/portal\/wp-json\/wp\/v2\/media?parent=64717"}],"wp:term":[{"taxonomy":"category","embeddable":true,"href":"https:\/\/eltrabajo.cl\/portal\/wp-json\/wp\/v2\/categories?post=64717"},{"taxonomy":"post_tag","embeddable":true,"href":"https:\/\/eltrabajo.cl\/portal\/wp-json\/wp\/v2\/tags?post=64717"}],"curies":[{"name":"wp","href":"https:\/\/api.w.org\/{rel}","templated":true}]}}