{"id":64724,"date":"2015-12-11T14:45:45","date_gmt":"2015-12-11T17:45:45","guid":{"rendered":"http:\/\/www.eltrabajo.cl\/portal\/?p=64724"},"modified":"2015-12-11T14:45:45","modified_gmt":"2015-12-11T17:45:45","slug":"la-navidad-comienza-a-vivirse-en-la-ciudad-de-san-felipe","status":"publish","type":"post","link":"https:\/\/eltrabajo.cl\/portal\/la-navidad-comienza-a-vivirse-en-la-ciudad-de-san-felipe\/","title":{"rendered":"La navidad comienza a vivirse en la ciudad de San Felipe"},"content":{"rendered":"<figure id=\"attachment_64725\" aria-describedby=\"caption-attachment-64725\" style=\"width: 300px\" class=\"wp-caption alignleft\"><img data-recalc-dims=\"1\" loading=\"lazy\" decoding=\"async\" class=\"wp-image-64725 size-medium\" src=\"https:\/\/i0.wp.com\/www.eltrabajo.cl\/portal\/wp-content\/uploads\/2015\/12\/FOTO-10-Alcalde-Freire-junto-a-las-distintas-Unidades-Vecinales-beneficiadas-con-regalos-para-ninos-y-ninas-de-distintos-sectores-de-la-comuna-300x198.jpg?resize=300%2C198\" alt=\"Alcalde Freire junto a las distintas Unidades Vecinales beneficiadas con regalos para ni\u00f1os y ni\u00f1as de distintos sectores de la comuna.\" width=\"300\" height=\"198\" srcset=\"https:\/\/i0.wp.com\/eltrabajo.cl\/portal\/wp-content\/uploads\/2015\/12\/FOTO-10-Alcalde-Freire-junto-a-las-distintas-Unidades-Vecinales-beneficiadas-con-regalos-para-ninos-y-ninas-de-distintos-sectores-de-la-comuna.jpg?resize=300%2C198&amp;ssl=1 300w, https:\/\/i0.wp.com\/eltrabajo.cl\/portal\/wp-content\/uploads\/2015\/12\/FOTO-10-Alcalde-Freire-junto-a-las-distintas-Unidades-Vecinales-beneficiadas-con-regalos-para-ninos-y-ninas-de-distintos-sectores-de-la-comuna.jpg?resize=200%2C132&amp;ssl=1 200w, https:\/\/i0.wp.com\/eltrabajo.cl\/portal\/wp-content\/uploads\/2015\/12\/FOTO-10-Alcalde-Freire-junto-a-las-distintas-Unidades-Vecinales-beneficiadas-con-regalos-para-ninos-y-ninas-de-distintos-sectores-de-la-comuna.jpg?resize=228%2C150&amp;ssl=1 228w, https:\/\/i0.wp.com\/eltrabajo.cl\/portal\/wp-content\/uploads\/2015\/12\/FOTO-10-Alcalde-Freire-junto-a-las-distintas-Unidades-Vecinales-beneficiadas-con-regalos-para-ninos-y-ninas-de-distintos-sectores-de-la-comuna.jpg?resize=400%2C263&amp;ssl=1 400w, https:\/\/i0.wp.com\/eltrabajo.cl\/portal\/wp-content\/uploads\/2015\/12\/FOTO-10-Alcalde-Freire-junto-a-las-distintas-Unidades-Vecinales-beneficiadas-con-regalos-para-ninos-y-ninas-de-distintos-sectores-de-la-comuna.jpg?w=530&amp;ssl=1 530w\" sizes=\"auto, (max-width: 300px) 100vw, 300px\" \/><figcaption id=\"caption-attachment-64725\" class=\"wp-caption-text\">Alcalde Freire junto a las distintas Unidades Vecinales beneficiadas con regalos para ni\u00f1os y ni\u00f1as de distintos sectores de la comuna.<\/figcaption><\/figure>\n<ul>\n<li><strong>Iniciativa busca que ni\u00f1os de distintos sectores tengan la posibilidad de recibir un presente y de esta forma proporcionar cierta tranquilidad a las familias con menos recursos.<\/strong><\/li>\n<\/ul>\n<p>\u201cLa Sonrisa de un ni\u00f1o no se paga con nada\u201d. Con esta frase el presidente de la Junta de Vecinos de la Poblaci\u00f3n Luis Gajardo Guerrero, Juan Torrej\u00f3n, agradeci\u00f3 la gesti\u00f3n del alcalde de San Felipe Patricio Freire, luego que el municipio hiciera entrega de 6.500 regalos, los cuales fueron entregados a cada una de las directivas de las 113 unidades vecinales, que posteriormente de forma particular, repartir\u00e1n los presentes en los infantes de su sector.<br \/>\nLa iniciativa se ha transformado en toda una tradici\u00f3n navide\u00f1a para las juntas de vecinos sanfelipe\u00f1as, las cuales, inscriben en sus vecindarios a ni\u00f1os entre los 0 a\u00f1os y 6 a\u00f1os 11 meses, para luego entregar sus antecedentes en el departamento de organizaciones comunitarias, donde finalmente se realiza el catastro total de juguetes que deben ser entregados, inversi\u00f3n que en esta oportunidad alcanz\u00f3 los 17.811.623 pesos.<br \/>\nEn este punto fue que Torrej\u00f3n agradeci\u00f3 la oportunidad que se le entrega a las familias con menos recursos de poder entregarle un presente a sus hijos y asegur\u00f3 que \u201cesta ayuda es muy importante ya que muchos a lo mejor no cuentan con los dineros adecuados como para tener un regalo y con esta instancia se les asegura darles una alegr\u00eda inmensa a los ni\u00f1os en esta navidad\u201d, destac\u00f3.<br \/>\nEn referencia a que el municipio haya privilegiado la compra de juguetes, por sobre otros productos disponibles en el comercio, el dirigente fue enf\u00e1tico en recordar que \u201cesto nos sirve para cambiar el chip, como est\u00e1 hoy en d\u00eda la juventud, algunos se olvidaron del verdadero significado de los juguetes, del avioncito de papel y todas las cosas con las que uno jugaba en anta\u00f1o. Es una muy buena iniciativa regalar juguetes para que los ni\u00f1os puedan estar con algo tangible lejos del peligro que significa tener armas o cosas as\u00ed\u201d, valor\u00f3.<br \/>\nPor su parte Erika \u00c1lvarez, presidenta de Junta de Vecinos el Se\u00f1orial destac\u00f3 que en esta oportunidad la ayuda del municipio les haya permiti\u00f3 ampliar la cobertura de 49 a 64 ni\u00f1os en su sector. \u201cEsta ayuda que nos brinda el municipio es muy bonita para los ni\u00f1os en \u00e9poca de Navidad. Nosotros generalmente todos los a\u00f1os les preparamos una actividad, les llevamos al viejito pascuero, juegos inflables, dulces y quedan s\u00faper contentos\u201d, asever\u00f3.<br \/>\nJunto con lo anterior, \u00c1lvarez mencion\u00f3 que para la directiva de su Junta de Vecinos es un proceso de mucho sacrificio, pero que \u00e9ste encuentra recompensa en la alegr\u00eda de los ni\u00f1os y ni\u00f1as, aludiendo que \u201cEs un arduo trabajo con ellos, coordinar todo, citar a los ni\u00f1os, preparar al viejito pascuero, envolver los regalos, es sacrificado pero una actividad muy preciosa\u201d, adujo.<br \/>\nAs\u00ed mismo, Rosa P\u00e9rez, presidenta de la JJVV Juan Pablo II, uno de los sectores con mayor cantidad de ni\u00f1os beneficiados sostuvo que \u201ceste a\u00f1o tomamos la iniciativa de hacer un puerta a puerta para inscribir a los ni\u00f1os, porque el a\u00f1o pasado nos quedaron muchos ni\u00f1os fuera, as\u00ed que ahora buscamos personalmente y pedimos los rut para pedir los certificados e inscribirlos y que puedan recibir su regalo en una fiesta que haremos el 20 de diciembre en nuestra multicancha\u201d, record\u00f3.<br \/>\nEl an\u00e1lisis final de esta iniciativa corri\u00f3 por cuenta del mismo alcalde Patricio Freire Canto, quien dej\u00f3 en claro que esta opci\u00f3n que se les entrega a los vecinos se realiza con la sola finalidad de \u201cver contentos a nuestros ni\u00f1os, es por eso que el municipio todos los a\u00f1os hace un esfuerzo para contribuir con un granito de arena con la felicidad de todos ellos\u2026 queremos llegar con este peque\u00f1o presente a todas las Juntas de Vecinos que necesitan tanta felicidad\u201d, esgrimi\u00f3.<br \/>\nPor \u00faltimo Freire destac\u00f3 c\u00f3mo en estas instancias las unidades vecinales demuestran el enorme compromiso que tienen con cada uno de los sanfelipe\u00f1os y manifest\u00f3 que \u201cesto no podr\u00eda hacerse sin el tremendo trabajo de las directivas de las JJVV, que hacen un trabajo de hormiguita en cada sector donde ellos conocen a su gente y van haciendo comunidad y eso es lo que pretendemos hacer comunidad\u201d, finaliz\u00f3.<\/p>\n<div class=\"tiled-gallery type-rectangular tiled-gallery-unresized\" data-original-width=\"640\" data-carousel-extra='null' itemscope itemtype=\"http:\/\/schema.org\/ImageGallery\" > <div class=\"gallery-row\" style=\"width: 640px; height: 283px;\" data-original-width=\"640\" data-original-height=\"283\" > <div class=\"gallery-group images-1\" style=\"width: 427px; height: 283px;\" data-original-width=\"427\" data-original-height=\"283\" > <div class=\"tiled-gallery-item tiled-gallery-item-large\" itemprop=\"associatedMedia\" itemscope itemtype=\"http:\/\/schema.org\/ImageObject\"> <a href=\"https:\/\/eltrabajo.cl\/portal\/la-navidad-comienza-a-vivirse-en-la-ciudad-de-san-felipe\/foto-7-rosa-perez-presidenta-de-la-junta-de-vecinos-juan-pablo-ii\/\" border=\"0\" itemprop=\"url\"> <meta itemprop=\"width\" content=\"423\"> <meta itemprop=\"height\" content=\"279\"> <img decoding=\"async\" class=\"\" data-attachment-id=\"64726\" data-orig-file=\"https:\/\/eltrabajo.cl\/portal\/wp-content\/uploads\/2015\/12\/FOTO-7-Rosa-Perez-presidenta-de-la-Junta-de-Vecinos-Juan-Pablo-II.jpg\" data-orig-size=\"530,350\" data-comments-opened=\"1\" data-image-meta=\"{&quot;aperture&quot;:&quot;0&quot;,&quot;credit&quot;:&quot;&quot;,&quot;camera&quot;:&quot;&quot;,&quot;caption&quot;:&quot;&quot;,&quot;created_timestamp&quot;:&quot;0&quot;,&quot;copyright&quot;:&quot;&quot;,&quot;focal_length&quot;:&quot;0&quot;,&quot;iso&quot;:&quot;0&quot;,&quot;shutter_speed&quot;:&quot;0&quot;,&quot;title&quot;:&quot;&quot;,&quot;orientation&quot;:&quot;0&quot;}\" data-image-title=\"FOTO 7 Rosa Perez presidenta de la Junta de Vecinos Juan Pablo II\" data-image-description=\"&lt;p&gt;Rosa P\u00e9rez, presidenta de la Junta de Vecinos Juan Pablo II.&lt;\/p&gt; \" data-medium-file=\"https:\/\/i0.wp.com\/eltrabajo.cl\/portal\/wp-content\/uploads\/2015\/12\/FOTO-7-Rosa-Perez-presidenta-de-la-Junta-de-Vecinos-Juan-Pablo-II.jpg?fit=300%2C198&#038;ssl=1\" data-large-file=\"https:\/\/i0.wp.com\/eltrabajo.cl\/portal\/wp-content\/uploads\/2015\/12\/FOTO-7-Rosa-Perez-presidenta-de-la-Junta-de-Vecinos-Juan-Pablo-II.jpg?fit=530%2C350&#038;ssl=1\" src=\"https:\/\/i0.wp.com\/eltrabajo.cl\/portal\/wp-content\/uploads\/2015\/12\/FOTO-7-Rosa-Perez-presidenta-de-la-Junta-de-Vecinos-Juan-Pablo-II.jpg?w=423&#038;h=279&#038;ssl=1\" srcset=\"https:\/\/i0.wp.com\/eltrabajo.cl\/portal\/wp-content\/uploads\/2015\/12\/FOTO-7-Rosa-Perez-presidenta-de-la-Junta-de-Vecinos-Juan-Pablo-II.jpg?w=530&amp;ssl=1 530w, https:\/\/i0.wp.com\/eltrabajo.cl\/portal\/wp-content\/uploads\/2015\/12\/FOTO-7-Rosa-Perez-presidenta-de-la-Junta-de-Vecinos-Juan-Pablo-II.jpg?resize=200%2C132&amp;ssl=1 200w, https:\/\/i0.wp.com\/eltrabajo.cl\/portal\/wp-content\/uploads\/2015\/12\/FOTO-7-Rosa-Perez-presidenta-de-la-Junta-de-Vecinos-Juan-Pablo-II.jpg?resize=300%2C198&amp;ssl=1 300w, https:\/\/i0.wp.com\/eltrabajo.cl\/portal\/wp-content\/uploads\/2015\/12\/FOTO-7-Rosa-Perez-presidenta-de-la-Junta-de-Vecinos-Juan-Pablo-II.jpg?resize=227%2C150&amp;ssl=1 227w, https:\/\/i0.wp.com\/eltrabajo.cl\/portal\/wp-content\/uploads\/2015\/12\/FOTO-7-Rosa-Perez-presidenta-de-la-Junta-de-Vecinos-Juan-Pablo-II.jpg?resize=400%2C264&amp;ssl=1 400w\" width=\"423\" height=\"279\" loading=\"lazy\" data-original-width=\"423\" data-original-height=\"279\" itemprop=\"http:\/\/schema.org\/image\" title=\"FOTO 7 Rosa Perez presidenta de la Junta de Vecinos Juan Pablo II\" alt=\"Rosa P\u00e9rez, presidenta de la Junta de Vecinos Juan Pablo II.\" style=\"width: 423px; height: 279px;\" \/> <\/a> <div class=\"tiled-gallery-caption\" itemprop=\"caption description\"> Rosa P\u00e9rez, presidenta de la Junta de Vecinos Juan Pablo II. <\/div> <\/div> <\/div> <!-- close group --> <div class=\"gallery-group images-2\" style=\"width: 213px; height: 283px;\" data-original-width=\"213\" data-original-height=\"283\" > <div class=\"tiled-gallery-item tiled-gallery-item-small\" itemprop=\"associatedMedia\" itemscope itemtype=\"http:\/\/schema.org\/ImageObject\"> <a href=\"https:\/\/eltrabajo.cl\/portal\/la-navidad-comienza-a-vivirse-en-la-ciudad-de-san-felipe\/foto-8-erika-alvarez-presidenta-junta-de-vecinos-el-senorial\/\" border=\"0\" itemprop=\"url\"> <meta itemprop=\"width\" content=\"209\"> <meta itemprop=\"height\" content=\"138\"> <img decoding=\"async\" class=\"\" data-attachment-id=\"64727\" data-orig-file=\"https:\/\/eltrabajo.cl\/portal\/wp-content\/uploads\/2015\/12\/FOTO-8-Erika-Alvarez-presidenta-Junta-de-Vecinos-El-Senorial.jpg\" data-orig-size=\"530,348\" data-comments-opened=\"1\" data-image-meta=\"{&quot;aperture&quot;:&quot;0&quot;,&quot;credit&quot;:&quot;&quot;,&quot;camera&quot;:&quot;&quot;,&quot;caption&quot;:&quot;&quot;,&quot;created_timestamp&quot;:&quot;0&quot;,&quot;copyright&quot;:&quot;&quot;,&quot;focal_length&quot;:&quot;0&quot;,&quot;iso&quot;:&quot;0&quot;,&quot;shutter_speed&quot;:&quot;0&quot;,&quot;title&quot;:&quot;&quot;,&quot;orientation&quot;:&quot;0&quot;}\" data-image-title=\"FOTO 8 Erika Alvarez presidenta Junta de Vecinos El Senorial\" data-image-description=\"&lt;p&gt;Erika \u00c1lvarez, presidenta Junta de Vecinos El Se\u00f1orial.&lt;\/p&gt; \" data-medium-file=\"https:\/\/i0.wp.com\/eltrabajo.cl\/portal\/wp-content\/uploads\/2015\/12\/FOTO-8-Erika-Alvarez-presidenta-Junta-de-Vecinos-El-Senorial.jpg?fit=300%2C197&#038;ssl=1\" data-large-file=\"https:\/\/i0.wp.com\/eltrabajo.cl\/portal\/wp-content\/uploads\/2015\/12\/FOTO-8-Erika-Alvarez-presidenta-Junta-de-Vecinos-El-Senorial.jpg?fit=530%2C348&#038;ssl=1\" src=\"https:\/\/i0.wp.com\/eltrabajo.cl\/portal\/wp-content\/uploads\/2015\/12\/FOTO-8-Erika-Alvarez-presidenta-Junta-de-Vecinos-El-Senorial.jpg?w=209&#038;h=138&#038;ssl=1\" srcset=\"https:\/\/i0.wp.com\/eltrabajo.cl\/portal\/wp-content\/uploads\/2015\/12\/FOTO-8-Erika-Alvarez-presidenta-Junta-de-Vecinos-El-Senorial.jpg?w=530&amp;ssl=1 530w, https:\/\/i0.wp.com\/eltrabajo.cl\/portal\/wp-content\/uploads\/2015\/12\/FOTO-8-Erika-Alvarez-presidenta-Junta-de-Vecinos-El-Senorial.jpg?resize=200%2C131&amp;ssl=1 200w, https:\/\/i0.wp.com\/eltrabajo.cl\/portal\/wp-content\/uploads\/2015\/12\/FOTO-8-Erika-Alvarez-presidenta-Junta-de-Vecinos-El-Senorial.jpg?resize=300%2C197&amp;ssl=1 300w, https:\/\/i0.wp.com\/eltrabajo.cl\/portal\/wp-content\/uploads\/2015\/12\/FOTO-8-Erika-Alvarez-presidenta-Junta-de-Vecinos-El-Senorial.jpg?resize=228%2C150&amp;ssl=1 228w, https:\/\/i0.wp.com\/eltrabajo.cl\/portal\/wp-content\/uploads\/2015\/12\/FOTO-8-Erika-Alvarez-presidenta-Junta-de-Vecinos-El-Senorial.jpg?resize=400%2C263&amp;ssl=1 400w\" width=\"209\" height=\"138\" loading=\"lazy\" data-original-width=\"209\" data-original-height=\"138\" itemprop=\"http:\/\/schema.org\/image\" title=\"FOTO 8 Erika Alvarez presidenta Junta de Vecinos El Senorial\" alt=\"Erika \u00c1lvarez, presidenta Junta de Vecinos El Se\u00f1orial.\" style=\"width: 209px; height: 138px;\" \/> <\/a> <div class=\"tiled-gallery-caption\" itemprop=\"caption description\"> Erika \u00c1lvarez, presidenta Junta de Vecinos El Se\u00f1orial. <\/div> <\/div> <div class=\"tiled-gallery-item tiled-gallery-item-small\" itemprop=\"associatedMedia\" itemscope itemtype=\"http:\/\/schema.org\/ImageObject\"> <a href=\"https:\/\/eltrabajo.cl\/portal\/la-navidad-comienza-a-vivirse-en-la-ciudad-de-san-felipe\/foto-9-juan-torrejon-presidente-junta-de-vecinos-luis-gajardo-guerrero\/\" border=\"0\" itemprop=\"url\"> <meta itemprop=\"width\" content=\"209\"> <meta itemprop=\"height\" content=\"137\"> <img decoding=\"async\" class=\"\" data-attachment-id=\"64728\" data-orig-file=\"https:\/\/eltrabajo.cl\/portal\/wp-content\/uploads\/2015\/12\/FOTO-9-Juan-Torrejon-presidente-Junta-de-Vecinos-Luis-Gajardo-Guerrero.jpg\" data-orig-size=\"530,348\" data-comments-opened=\"1\" data-image-meta=\"{&quot;aperture&quot;:&quot;0&quot;,&quot;credit&quot;:&quot;&quot;,&quot;camera&quot;:&quot;&quot;,&quot;caption&quot;:&quot;&quot;,&quot;created_timestamp&quot;:&quot;0&quot;,&quot;copyright&quot;:&quot;&quot;,&quot;focal_length&quot;:&quot;0&quot;,&quot;iso&quot;:&quot;0&quot;,&quot;shutter_speed&quot;:&quot;0&quot;,&quot;title&quot;:&quot;&quot;,&quot;orientation&quot;:&quot;0&quot;}\" data-image-title=\"FOTO 9 Juan Torrejon presidente Junta de Vecinos Luis Gajardo Guerrero\" data-image-description=\"&lt;p&gt;Juan Torrej\u00f3n, presidente Junta de Vecinos Luis Gajardo Guerrero.&lt;\/p&gt; \" data-medium-file=\"https:\/\/i0.wp.com\/eltrabajo.cl\/portal\/wp-content\/uploads\/2015\/12\/FOTO-9-Juan-Torrejon-presidente-Junta-de-Vecinos-Luis-Gajardo-Guerrero.jpg?fit=300%2C197&#038;ssl=1\" data-large-file=\"https:\/\/i0.wp.com\/eltrabajo.cl\/portal\/wp-content\/uploads\/2015\/12\/FOTO-9-Juan-Torrejon-presidente-Junta-de-Vecinos-Luis-Gajardo-Guerrero.jpg?fit=530%2C348&#038;ssl=1\" src=\"https:\/\/i0.wp.com\/eltrabajo.cl\/portal\/wp-content\/uploads\/2015\/12\/FOTO-9-Juan-Torrejon-presidente-Junta-de-Vecinos-Luis-Gajardo-Guerrero.jpg?w=209&#038;h=137&#038;ssl=1\" srcset=\"https:\/\/i0.wp.com\/eltrabajo.cl\/portal\/wp-content\/uploads\/2015\/12\/FOTO-9-Juan-Torrejon-presidente-Junta-de-Vecinos-Luis-Gajardo-Guerrero.jpg?w=530&amp;ssl=1 530w, https:\/\/i0.wp.com\/eltrabajo.cl\/portal\/wp-content\/uploads\/2015\/12\/FOTO-9-Juan-Torrejon-presidente-Junta-de-Vecinos-Luis-Gajardo-Guerrero.jpg?resize=200%2C131&amp;ssl=1 200w, https:\/\/i0.wp.com\/eltrabajo.cl\/portal\/wp-content\/uploads\/2015\/12\/FOTO-9-Juan-Torrejon-presidente-Junta-de-Vecinos-Luis-Gajardo-Guerrero.jpg?resize=300%2C197&amp;ssl=1 300w, https:\/\/i0.wp.com\/eltrabajo.cl\/portal\/wp-content\/uploads\/2015\/12\/FOTO-9-Juan-Torrejon-presidente-Junta-de-Vecinos-Luis-Gajardo-Guerrero.jpg?resize=228%2C150&amp;ssl=1 228w, https:\/\/i0.wp.com\/eltrabajo.cl\/portal\/wp-content\/uploads\/2015\/12\/FOTO-9-Juan-Torrejon-presidente-Junta-de-Vecinos-Luis-Gajardo-Guerrero.jpg?resize=400%2C263&amp;ssl=1 400w\" width=\"209\" height=\"137\" loading=\"lazy\" data-original-width=\"209\" data-original-height=\"137\" itemprop=\"http:\/\/schema.org\/image\" title=\"FOTO 9 Juan Torrejon presidente Junta de Vecinos Luis Gajardo Guerrero\" alt=\"Juan Torrej\u00f3n, presidente Junta de Vecinos Luis Gajardo Guerrero.\" style=\"width: 209px; height: 137px;\" \/> <\/a> <div class=\"tiled-gallery-caption\" itemprop=\"caption description\"> Juan Torrej\u00f3n, presidente Junta de Vecinos Luis Gajardo Guerrero. <\/div> <\/div> <\/div> <!-- close group --> <\/div> <!-- close row --> <\/div>\n","protected":false},"excerpt":{"rendered":"<p>Iniciativa busca que ni\u00f1os de distintos sectores tengan la posibilidad de recibir un presente y de esta forma proporcionar cierta tranquilidad a las familias con menos recursos. \u201cLa Sonrisa de un ni\u00f1o&#8230;<\/p>\n","protected":false},"author":482,"featured_media":64725,"comment_status":"open","ping_status":"open","sticky":false,"template":"","format":"standard","meta":{"advanced_seo_description":"","jetpack_seo_html_title":"","jetpack_seo_noindex":false,"_jetpack_memberships_contains_paid_content":false,"footnotes":""},"categories":[15],"tags":[],"class_list":["post-64724","post","type-post","status-publish","format-standard","has-post-thumbnail","hentry","category-comunidad"],"jetpack_featured_media_url":"https:\/\/i0.wp.com\/eltrabajo.cl\/portal\/wp-content\/uploads\/2015\/12\/FOTO-10-Alcalde-Freire-junto-a-las-distintas-Unidades-Vecinales-beneficiadas-con-regalos-para-ninos-y-ninas-de-distintos-sectores-de-la-comuna.jpg?fit=530%2C349&ssl=1","jetpack_sharing_enabled":true,"jetpack_likes_enabled":true,"jetpack-related-posts":[],"_links":{"self":[{"href":"https:\/\/eltrabajo.cl\/portal\/wp-json\/wp\/v2\/posts\/64724","targetHints":{"allow":["GET"]}}],"collection":[{"href":"https:\/\/eltrabajo.cl\/portal\/wp-json\/wp\/v2\/posts"}],"about":[{"href":"https:\/\/eltrabajo.cl\/portal\/wp-json\/wp\/v2\/types\/post"}],"author":[{"embeddable":true,"href":"https:\/\/eltrabajo.cl\/portal\/wp-json\/wp\/v2\/users\/482"}],"replies":[{"embeddable":true,"href":"https:\/\/eltrabajo.cl\/portal\/wp-json\/wp\/v2\/comments?post=64724"}],"version-history":[{"count":0,"href":"https:\/\/eltrabajo.cl\/portal\/wp-json\/wp\/v2\/posts\/64724\/revisions"}],"wp:featuredmedia":[{"embeddable":true,"href":"https:\/\/eltrabajo.cl\/portal\/wp-json\/wp\/v2\/media\/64725"}],"wp:attachment":[{"href":"https:\/\/eltrabajo.cl\/portal\/wp-json\/wp\/v2\/media?parent=64724"}],"wp:term":[{"taxonomy":"category","embeddable":true,"href":"https:\/\/eltrabajo.cl\/portal\/wp-json\/wp\/v2\/categories?post=64724"},{"taxonomy":"post_tag","embeddable":true,"href":"https:\/\/eltrabajo.cl\/portal\/wp-json\/wp\/v2\/tags?post=64724"}],"curies":[{"name":"wp","href":"https:\/\/api.w.org\/{rel}","templated":true}]}}