{"id":64730,"date":"2015-12-11T14:48:19","date_gmt":"2015-12-11T17:48:19","guid":{"rendered":"http:\/\/www.eltrabajo.cl\/portal\/?p=64730"},"modified":"2015-12-11T14:48:19","modified_gmt":"2015-12-11T17:48:19","slug":"autoridades-visitan-trabajos-de-reconstruccion-por-incendio-en-escuela-buen-pastor","status":"publish","type":"post","link":"https:\/\/eltrabajo.cl\/portal\/autoridades-visitan-trabajos-de-reconstruccion-por-incendio-en-escuela-buen-pastor\/","title":{"rendered":"Autoridades visitan trabajos de reconstrucci\u00f3n por incendio en escuela Buen Pastor"},"content":{"rendered":"<figure id=\"attachment_64731\" aria-describedby=\"caption-attachment-64731\" style=\"width: 300px\" class=\"wp-caption alignleft\"><img data-recalc-dims=\"1\" loading=\"lazy\" decoding=\"async\" class=\"wp-image-64731 size-medium\" src=\"https:\/\/i0.wp.com\/www.eltrabajo.cl\/portal\/wp-content\/uploads\/2015\/12\/trabajos-de-reconstrucci%C3%B3n-1-300x197.jpg?resize=300%2C197\" alt=\"El alcalde Patricio Freire visit\u00f3 las obras de reconstrucci\u00f3n que se llevan a cabo en las salas afectadas por el incendio de la Escuela Buen Pastor.\" width=\"300\" height=\"197\" srcset=\"https:\/\/i0.wp.com\/eltrabajo.cl\/portal\/wp-content\/uploads\/2015\/12\/trabajos-de-reconstrucci%C3%B3n-1.jpg?resize=300%2C197&amp;ssl=1 300w, https:\/\/i0.wp.com\/eltrabajo.cl\/portal\/wp-content\/uploads\/2015\/12\/trabajos-de-reconstrucci%C3%B3n-1.jpg?resize=200%2C131&amp;ssl=1 200w, https:\/\/i0.wp.com\/eltrabajo.cl\/portal\/wp-content\/uploads\/2015\/12\/trabajos-de-reconstrucci%C3%B3n-1.jpg?resize=228%2C150&amp;ssl=1 228w, https:\/\/i0.wp.com\/eltrabajo.cl\/portal\/wp-content\/uploads\/2015\/12\/trabajos-de-reconstrucci%C3%B3n-1.jpg?resize=400%2C263&amp;ssl=1 400w, https:\/\/i0.wp.com\/eltrabajo.cl\/portal\/wp-content\/uploads\/2015\/12\/trabajos-de-reconstrucci%C3%B3n-1.jpg?w=530&amp;ssl=1 530w\" sizes=\"auto, (max-width: 300px) 100vw, 300px\" \/><figcaption id=\"caption-attachment-64731\" class=\"wp-caption-text\">El alcalde Patricio Freire visit\u00f3 las obras de reconstrucci\u00f3n que se llevan a cabo en las salas afectadas por el incendio de la Escuela Buen Pastor.<\/figcaption><\/figure>\n<p>Un intenso trabajo de reconstrucci\u00f3n se est\u00e1 efectuando en la Escuela Buen Pastor, luego que una parte de la estructura fuera afectada por un incendio hace unos meses atr\u00e1s.<br \/>\nEl incendio destruy\u00f3 algunas salas de clases las que hace algunos d\u00edas comenzaron a ser reconstruidas, gracias a recursos provenientes del Faep y que llegan a los 25 millones de pesos, a los que se suman aportes municipales.<br \/>\n\u201cEstamos contentos de comenzar estos trabajos y esperamos para el mes de marzo del pr\u00f3ximo a\u00f1o contar nuevamente con estas salas en buenas condiciones para ser utilizadas por los alumnos de la escuela Buen Pastor\u201d, dijo el alcalde Patricio Freire.<br \/>\nEn ese sentido, la directora del establecimiento Cecilia Cornejo explic\u00f3 que en el sector afectado se atienden unos cien ni\u00f1os que son parte del proyecto de integraci\u00f3n, quienes tuvieron que trabajar al t\u00e9rmino del a\u00f1o escolar bastante hacinados, debido a que sumadas las salas de clases que fueron destruidas exist\u00edan un par de salas que no se pod\u00edan utilizar, incluso se debi\u00f3 desmantelar la sala de computaci\u00f3n para utilizarla con dos cursos y por un mes y medio los docentes no contaron con sala de profesores.<br \/>\nSeg\u00fan explic\u00f3 Rodrigo salinas, arquitecto de la Daem, los trabajos de reposici\u00f3n que se est\u00e1n realizando plantean el recambio de toda la estructura afectada, as\u00ed como tambi\u00e9n de la cubierta, su aislaci\u00f3n y el encielado. Producto de la acci\u00f3n de bomberos adem\u00e1s, se vieron afectados los muros y pisos, los que tambi\u00e9n ser\u00e1n repuestos en su totalidad. La instalaci\u00f3n el\u00e9ctrica tambi\u00e9n fue gravemente afectada con el siniestro, la que ser\u00e1 completamente reintegrada y normalizada ante la Secretar\u00eda de Electricidad y combustibles.<\/p>\n<figure id=\"attachment_64732\" aria-describedby=\"caption-attachment-64732\" style=\"width: 300px\" class=\"wp-caption alignright\"><img data-recalc-dims=\"1\" loading=\"lazy\" decoding=\"async\" class=\"wp-image-64732 size-medium\" src=\"https:\/\/i0.wp.com\/www.eltrabajo.cl\/portal\/wp-content\/uploads\/2015\/12\/trabajos-de-reconstrucci%C3%B3n-2-300x198.jpg?resize=300%2C198\" alt=\"Se espera que la reconstrucci\u00f3n est\u00e9 terminada en marzo del pr\u00f3ximo a\u00f1o.\" width=\"300\" height=\"198\" srcset=\"https:\/\/i0.wp.com\/eltrabajo.cl\/portal\/wp-content\/uploads\/2015\/12\/trabajos-de-reconstrucci%C3%B3n-2.jpg?resize=300%2C198&amp;ssl=1 300w, https:\/\/i0.wp.com\/eltrabajo.cl\/portal\/wp-content\/uploads\/2015\/12\/trabajos-de-reconstrucci%C3%B3n-2.jpg?resize=200%2C132&amp;ssl=1 200w, https:\/\/i0.wp.com\/eltrabajo.cl\/portal\/wp-content\/uploads\/2015\/12\/trabajos-de-reconstrucci%C3%B3n-2.jpg?resize=227%2C150&amp;ssl=1 227w, https:\/\/i0.wp.com\/eltrabajo.cl\/portal\/wp-content\/uploads\/2015\/12\/trabajos-de-reconstrucci%C3%B3n-2.jpg?resize=400%2C264&amp;ssl=1 400w, https:\/\/i0.wp.com\/eltrabajo.cl\/portal\/wp-content\/uploads\/2015\/12\/trabajos-de-reconstrucci%C3%B3n-2.jpg?w=530&amp;ssl=1 530w\" sizes=\"auto, (max-width: 300px) 100vw, 300px\" \/><figcaption id=\"caption-attachment-64732\" class=\"wp-caption-text\">Se espera que la reconstrucci\u00f3n est\u00e9 terminada en marzo del pr\u00f3ximo a\u00f1o.<\/figcaption><\/figure>\n<p>Asimismo durante esta visita se anunci\u00f3 la construcci\u00f3n del techo del patio del establecimiento, un proyecto muy esperado por la comunidad escolar desde hace mucho tiempo.<br \/>\n\u201cEs maravilloso, porque ten\u00edamos la idea de levantar el techo en el patio principal del colegio con recursos Sep y el Alcalde nos dio su aprobaci\u00f3n y se va a comenzar a trabajar en ese proyecto, estamos muy contentos, esta es una gran noticia para toda la comunidad\u201d, dijo la directora.<br \/>\nEl proyecto significa una inversi\u00f3n de alrededor de 45 millones de pesos y los equipos t\u00e9cnicos del municipio comenzar\u00e1n a trabajar en la iniciativa, que busca mejorar las condiciones de infraestructura con que cuentan los alumnos del sistema municipal, uno de los temas fundamentales en la gesti\u00f3n del alcalde Patricio Freire.<\/p>\n","protected":false},"excerpt":{"rendered":"<p>Un intenso trabajo de reconstrucci\u00f3n se est\u00e1 efectuando en la Escuela Buen Pastor, luego que una parte de la estructura fuera afectada por un incendio hace unos meses atr\u00e1s. El incendio destruy\u00f3&#8230;<\/p>\n","protected":false},"author":482,"featured_media":64731,"comment_status":"open","ping_status":"open","sticky":false,"template":"","format":"standard","meta":{"advanced_seo_description":"","jetpack_seo_html_title":"","jetpack_seo_noindex":false,"_jetpack_memberships_contains_paid_content":false,"footnotes":""},"categories":[1],"tags":[],"class_list":["post-64730","post","type-post","status-publish","format-standard","has-post-thumbnail","hentry","category-cronica"],"jetpack_featured_media_url":"https:\/\/i0.wp.com\/eltrabajo.cl\/portal\/wp-content\/uploads\/2015\/12\/trabajos-de-reconstrucci%C3%B3n-1.jpg?fit=530%2C348&ssl=1","jetpack_sharing_enabled":true,"jetpack_likes_enabled":true,"jetpack-related-posts":[],"_links":{"self":[{"href":"https:\/\/eltrabajo.cl\/portal\/wp-json\/wp\/v2\/posts\/64730","targetHints":{"allow":["GET"]}}],"collection":[{"href":"https:\/\/eltrabajo.cl\/portal\/wp-json\/wp\/v2\/posts"}],"about":[{"href":"https:\/\/eltrabajo.cl\/portal\/wp-json\/wp\/v2\/types\/post"}],"author":[{"embeddable":true,"href":"https:\/\/eltrabajo.cl\/portal\/wp-json\/wp\/v2\/users\/482"}],"replies":[{"embeddable":true,"href":"https:\/\/eltrabajo.cl\/portal\/wp-json\/wp\/v2\/comments?post=64730"}],"version-history":[{"count":0,"href":"https:\/\/eltrabajo.cl\/portal\/wp-json\/wp\/v2\/posts\/64730\/revisions"}],"wp:featuredmedia":[{"embeddable":true,"href":"https:\/\/eltrabajo.cl\/portal\/wp-json\/wp\/v2\/media\/64731"}],"wp:attachment":[{"href":"https:\/\/eltrabajo.cl\/portal\/wp-json\/wp\/v2\/media?parent=64730"}],"wp:term":[{"taxonomy":"category","embeddable":true,"href":"https:\/\/eltrabajo.cl\/portal\/wp-json\/wp\/v2\/categories?post=64730"},{"taxonomy":"post_tag","embeddable":true,"href":"https:\/\/eltrabajo.cl\/portal\/wp-json\/wp\/v2\/tags?post=64730"}],"curies":[{"name":"wp","href":"https:\/\/api.w.org\/{rel}","templated":true}]}}