{"id":64737,"date":"2015-12-11T14:52:15","date_gmt":"2015-12-11T17:52:15","guid":{"rendered":"http:\/\/www.eltrabajo.cl\/portal\/?p=64737"},"modified":"2015-12-11T14:52:15","modified_gmt":"2015-12-11T17:52:15","slug":"tras-las-rejas-quedo-delincuente-que-habria-robado-en-tienda-la-ciguena","status":"publish","type":"post","link":"https:\/\/eltrabajo.cl\/portal\/tras-las-rejas-quedo-delincuente-que-habria-robado-en-tienda-la-ciguena\/","title":{"rendered":"Tras las rejas qued\u00f3 delincuente que habr\u00eda robado en tienda \u2018La Cig\u00fce\u00f1a\u2019"},"content":{"rendered":"<figure id=\"attachment_64738\" aria-describedby=\"caption-attachment-64738\" style=\"width: 300px\" class=\"wp-caption alignleft\"><img data-recalc-dims=\"1\" loading=\"lazy\" decoding=\"async\" class=\"wp-image-64738 size-medium\" src=\"https:\/\/i0.wp.com\/www.eltrabajo.cl\/portal\/wp-content\/uploads\/2015\/12\/MANUEL-ALVARADO-ALVARADO-300x197.jpg?resize=300%2C197\" alt=\"Manuel Alvarado Alvarado de 54 a\u00f1os de edad, mantiene un nutrido prontuario entre condenas y causas vigentes por diversos hechos delictuales cometidos en San Felipe. Esta vez fue sindicado como el autor del robo de dinero al interior del local comercial \u2018La Cig\u00fce\u00f1a\u2019 quedando bajo cautelar de prisi\u00f3n preventiva.\" width=\"300\" height=\"197\" srcset=\"https:\/\/i0.wp.com\/eltrabajo.cl\/portal\/wp-content\/uploads\/2015\/12\/MANUEL-ALVARADO-ALVARADO.jpg?resize=300%2C197&amp;ssl=1 300w, https:\/\/i0.wp.com\/eltrabajo.cl\/portal\/wp-content\/uploads\/2015\/12\/MANUEL-ALVARADO-ALVARADO.jpg?resize=200%2C131&amp;ssl=1 200w, https:\/\/i0.wp.com\/eltrabajo.cl\/portal\/wp-content\/uploads\/2015\/12\/MANUEL-ALVARADO-ALVARADO.jpg?resize=228%2C150&amp;ssl=1 228w, https:\/\/i0.wp.com\/eltrabajo.cl\/portal\/wp-content\/uploads\/2015\/12\/MANUEL-ALVARADO-ALVARADO.jpg?resize=400%2C263&amp;ssl=1 400w, https:\/\/i0.wp.com\/eltrabajo.cl\/portal\/wp-content\/uploads\/2015\/12\/MANUEL-ALVARADO-ALVARADO.jpg?w=530&amp;ssl=1 530w\" sizes=\"auto, (max-width: 300px) 100vw, 300px\" \/><figcaption id=\"caption-attachment-64738\" class=\"wp-caption-text\">Manuel Alvarado Alvarado de 54 a\u00f1os de edad, mantiene un nutrido prontuario entre condenas y causas vigentes por diversos hechos delictuales cometidos en San Felipe. Esta vez fue sindicado como el autor del robo de dinero al interior del local comercial \u2018La Cig\u00fce\u00f1a\u2019 quedando bajo cautelar de prisi\u00f3n preventiva.<\/figcaption><\/figure>\n<ul>\n<li><strong>Pese a que el Juzgado de Garant\u00eda de San Felipe declar\u00f3 ilegal la detenci\u00f3n de este peligroso antisocial, la Fiscal\u00eda debi\u00f3 apelar verbalmente ante la Corte de Valpara\u00edso para que se decretara la m\u00e1xima cautelar de prisi\u00f3n preventiva en contra de este sujeto ya formalizado por robo en lugar habitado.<\/strong><\/li>\n<\/ul>\n<p>A eso de las 02:05 horas de la madrugada de ayer mi\u00e9rcoles, personal de la Secci\u00f3n de Investigaci\u00f3n Policial SIP de Carabineros detuvo a un sujeto identificado como Manuel Alvarado Alvarado de 54 a\u00f1os de edad, ampliamente conocido por cometer robos a innumerables locales comerciales del centro de la comuna de San Felipe, siendo esta vez reconocido por el propietario de la tienda \u2018La Cig\u00fce\u00f1a\u2019, sindic\u00e1ndolo como el autor del robo de dinero tras sorprenderlo al interior de local.<br \/>\nSin embargo, luego que Carabineros detuvo al antisocial que cuenta amplio prontuario delictivo y ha sido condenado a penas de c\u00e1rcel por diversas causas, el Juzgado de Garant\u00eda de San Felipe declar\u00f3 ilegal dicha detenci\u00f3n, desestimando el requerimiento de la Fiscal\u00eda, la cual consideraba que tras los hechos, el delincuente representa un serio peligro para la sociedad.<br \/>\nFue as\u00ed que el Fiscal del Ministerio P\u00fablico de San Felipe, Julio Palacios Bobadilla debi\u00f3 apelar verbalmente ante la Corte de Apelaciones de Valpara\u00edso, proporcionando todos los antecedentes obtenidos tras las diligencias concretadas por Carabineros cuando detuvo al imputado Alvarado Alvarado en la intersecci\u00f3n de calles Arturo Prat esquina Portus, tras la denuncia de robo efectuada por el propietario de la tienda \u2018La Cig\u00fce\u00f1a\u2019 en horas de la madrugada del mi\u00e9rcoles, encontr\u00e1ndose cara a cara con el delincuente que le sustrajo alrededor de $40.000 desde la caja registradora.<br \/>\nLa polic\u00eda uniformada, tras realizar patrullajes por el sector, observ\u00f3 a un sujeto que coincid\u00eda con las caracter\u00edsticas f\u00edsicas y de vestimentas que circulaba por la v\u00eda p\u00fablica, por lo que le practicaron un control de identidad. Al verificar que se trataba de un delincuente habitual, Manuel Alvarado Alvarado fue detenido por Carabineros, requiri\u00e9ndose la presencia del locatario afectado quien reconoci\u00f3 a este sujeto como el autor del robo a su local comercial.<br \/>\nEl Fiscal Julio Palacios precis\u00f3 a Diario El Trabajo que tras decretarse la m\u00e1xima cautelar, se iniciar\u00e1 la correspondiente investigaci\u00f3n del caso para llegar a juicio oral. El persecutor explic\u00f3 que en este caso se formaliz\u00f3 por robo en lugar habitado toda vez por la residencia que posee el afectado dentro del establecimiento comercial y la penalidad es m\u00e1s alta.<br \/>\n\u201cLa Corte revoc\u00f3 la resoluci\u00f3n del Tribunal de Garant\u00eda ordenado que se aplique la cautelar de prisi\u00f3n preventiva hasta someter a juicio a este individuo, fue formalizado por el delito de robo en lugar habitado y las penas asignadas por este delito parten de los 5 a\u00f1os y un d\u00eda de c\u00e1rcel\u201d.<br \/>\nAlvarado mantiene causas vigentes por dos robos en lugar no habitado, dos por receptaci\u00f3n, dos robos con fuerza, un robo en lugar habitado y uno por porte de arma blanca.<br \/>\n<strong>Pablo Salinas Sald\u00edas<\/strong><\/p>\n","protected":false},"excerpt":{"rendered":"<p>Pese a que el Juzgado de Garant\u00eda de San Felipe declar\u00f3 ilegal la detenci\u00f3n de este peligroso antisocial, la Fiscal\u00eda debi\u00f3 apelar verbalmente ante la Corte de Valpara\u00edso para que se decretara&#8230;<\/p>\n","protected":false},"author":482,"featured_media":64738,"comment_status":"open","ping_status":"open","sticky":false,"template":"","format":"standard","meta":{"advanced_seo_description":"","jetpack_seo_html_title":"","jetpack_seo_noindex":false,"_jetpack_memberships_contains_paid_content":false,"footnotes":""},"categories":[21],"tags":[],"class_list":["post-64737","post","type-post","status-publish","format-standard","has-post-thumbnail","hentry","category-policial"],"jetpack_featured_media_url":"https:\/\/i0.wp.com\/eltrabajo.cl\/portal\/wp-content\/uploads\/2015\/12\/MANUEL-ALVARADO-ALVARADO.jpg?fit=530%2C348&ssl=1","jetpack_sharing_enabled":true,"jetpack_likes_enabled":true,"jetpack-related-posts":[],"_links":{"self":[{"href":"https:\/\/eltrabajo.cl\/portal\/wp-json\/wp\/v2\/posts\/64737","targetHints":{"allow":["GET"]}}],"collection":[{"href":"https:\/\/eltrabajo.cl\/portal\/wp-json\/wp\/v2\/posts"}],"about":[{"href":"https:\/\/eltrabajo.cl\/portal\/wp-json\/wp\/v2\/types\/post"}],"author":[{"embeddable":true,"href":"https:\/\/eltrabajo.cl\/portal\/wp-json\/wp\/v2\/users\/482"}],"replies":[{"embeddable":true,"href":"https:\/\/eltrabajo.cl\/portal\/wp-json\/wp\/v2\/comments?post=64737"}],"version-history":[{"count":0,"href":"https:\/\/eltrabajo.cl\/portal\/wp-json\/wp\/v2\/posts\/64737\/revisions"}],"wp:featuredmedia":[{"embeddable":true,"href":"https:\/\/eltrabajo.cl\/portal\/wp-json\/wp\/v2\/media\/64738"}],"wp:attachment":[{"href":"https:\/\/eltrabajo.cl\/portal\/wp-json\/wp\/v2\/media?parent=64737"}],"wp:term":[{"taxonomy":"category","embeddable":true,"href":"https:\/\/eltrabajo.cl\/portal\/wp-json\/wp\/v2\/categories?post=64737"},{"taxonomy":"post_tag","embeddable":true,"href":"https:\/\/eltrabajo.cl\/portal\/wp-json\/wp\/v2\/tags?post=64737"}],"curies":[{"name":"wp","href":"https:\/\/api.w.org\/{rel}","templated":true}]}}