{"id":64740,"date":"2015-12-11T14:59:26","date_gmt":"2015-12-11T17:59:26","guid":{"rendered":"http:\/\/www.eltrabajo.cl\/portal\/?p=64740"},"modified":"2015-12-11T14:59:26","modified_gmt":"2015-12-11T17:59:26","slug":"muere-a-sus-85-anos-ricardo-montenegro-el-rey-del-mote-con-huesillo","status":"publish","type":"post","link":"https:\/\/eltrabajo.cl\/portal\/muere-a-sus-85-anos-ricardo-montenegro-el-rey-del-mote-con-huesillo\/","title":{"rendered":"Muere a sus 85 a\u00f1os Ricardo Montenegro \u2018El Rey del Mote con Huesillo\u2019"},"content":{"rendered":"<figure id=\"attachment_64741\" aria-describedby=\"caption-attachment-64741\" style=\"width: 300px\" class=\"wp-caption alignleft\"><img data-recalc-dims=\"1\" loading=\"lazy\" decoding=\"async\" class=\"wp-image-64741 size-medium\" src=\"https:\/\/i0.wp.com\/www.eltrabajo.cl\/portal\/wp-content\/uploads\/2015\/12\/Reyes33-300x198.jpg?resize=300%2C198\" alt=\"SE FUERON.- Ellos son el se\u00f1or Alfredo Ricardo Montenegro Pulgar e Inelda Rosa Montenegro. Ambos ya fallecidos.\" width=\"300\" height=\"198\" srcset=\"https:\/\/i0.wp.com\/eltrabajo.cl\/portal\/wp-content\/uploads\/2015\/12\/Reyes33.jpg?resize=300%2C198&amp;ssl=1 300w, https:\/\/i0.wp.com\/eltrabajo.cl\/portal\/wp-content\/uploads\/2015\/12\/Reyes33.jpg?resize=200%2C132&amp;ssl=1 200w, https:\/\/i0.wp.com\/eltrabajo.cl\/portal\/wp-content\/uploads\/2015\/12\/Reyes33.jpg?resize=228%2C150&amp;ssl=1 228w, https:\/\/i0.wp.com\/eltrabajo.cl\/portal\/wp-content\/uploads\/2015\/12\/Reyes33.jpg?resize=400%2C263&amp;ssl=1 400w, https:\/\/i0.wp.com\/eltrabajo.cl\/portal\/wp-content\/uploads\/2015\/12\/Reyes33.jpg?w=530&amp;ssl=1 530w\" sizes=\"auto, (max-width: 300px) 100vw, 300px\" \/><figcaption id=\"caption-attachment-64741\" class=\"wp-caption-text\">SE FUERON.- Ellos son el se\u00f1or Alfredo Ricardo Montenegro Pulgar e Inelda Rosa Montenegro. Ambos ya fallecidos.<\/figcaption><\/figure>\n<p>\u2018El Rey ha muerto\u2019. Propiamente dicho, esta c\u00e9lebre frase es la que debemos aplicar en nuestra comuna, porque el conocido comerciante aconcag\u00fcino, \u2018El Rey del Mote con Huesillos\u2019, falleci\u00f3 la ma\u00f1ana de este mi\u00e9rcoles en el Hospital San Camilo, a ra\u00edz de complicaciones de la edad y falla multisist\u00e9mica. Ten\u00eda 85 a\u00f1os.<br \/>\nEra vecino de poblaci\u00f3n Duncan Fox y su verdadero nombre fue Alfredo Ricardo Montenegro Pulgar, y naci\u00f3 el martes 14 de octubre de 1930 y fue obrero del c\u00e1\u00f1amo por muchos a\u00f1os, pues aunque naci\u00f3 en Los Andes, desde muy joven se vino a vivir a San Felipe.<br \/>\n\u2018El Rey\u2019 ten\u00eda su puesto en la alameda O&#8217;Higgins con Salinas. Tuvo ocho hijos (quedan seis vivos), dej\u00f3 con su partida a catorce nietos y doce biznietos. Era casado con do\u00f1a Inelda Rosa Montenegro, quien falleciera el 26 de junio de 2014.<\/p>\n<p><strong>MUY TRABAJADOR<\/strong><br \/>\nDiario El Trabajo habl\u00f3 ayer jueves con el hijo mayor, don Alfredo Montenegro.<br \/>\n<strong>&#8211; \u00bfC\u00f3mo describir\u00edas a tu padre?<\/strong><br \/>\n<strong>&#8211;<\/strong> Pap\u00e1 era un hombre muy trabajador. Era creativo y con buenas iniciativas para el mundo de los peque\u00f1os negocios, no era una persona con gran preparaci\u00f3n acad\u00e9mica, pero era genial trabajar con \u00e9l.<br \/>\n<strong>&#8211; \u00bfDur\u00f3 muchos a\u00f1os en el c\u00e1\u00f1amo?<\/strong><br \/>\n<strong>&#8211;<\/strong> A los a\u00f1os, pap\u00e1 fue combinando su trabajo en el c\u00e1\u00f1amo, con la venta de frutos secos; mote con huesillo y s\u00e1ndwiches, as\u00ed se fue ganando un nombre y las puertas se le fueron abriendo poco a poco.<br \/>\n<strong>&#8211; \u00bf\u00c9l trabajaba solo o le ayudaban ustedes?<\/strong><br \/>\n<strong>&#8211;<\/strong> Pap\u00e1 no trabajaba solo. Los cuatro hijos mayores y mam\u00e1, todos le ayud\u00e1bamos, cuando trabajamos en el estadio, al final de los sesentas y a principios de los setentas, nos pon\u00edan unas bateas en el estadio para vender nuestros productos, que eran naturales y sin ingredientes artificiales.<br \/>\n<strong>&#8211; \u00bfEra tan bueno el mote con huesillo que su pap\u00e1 preparaba?<\/strong><br \/>\n<strong>&#8211;<\/strong> El mote que pap\u00e1 nos ense\u00f1\u00f3 a preparar era con la receta original que sus abuelos le ense\u00f1aron, cocinados con ceniza, trigo, lej\u00eda y candeal. Podemos Decir que pap\u00e1 arranc\u00f3 con esto desde 1965, desde que trabajaba en Helader\u00eda El Cop\u00edn.<\/p>\n<p><strong>HIJA HEREDERA<\/strong><br \/>\nUna de las hijas de este rey popular sanfelipe\u00f1o, do\u00f1a Inelda Montenegro, explic\u00f3 a nuestro medio que \u00abestoy muy agradecida con pap\u00e1, porque me hered\u00f3 su kiosco y la receta de su mote con huesillo, agradezco tambi\u00e9n todo el apoyo de tantos miles de sanfelipe\u00f1os, quienes en estos a\u00f1os han dado preferencia a nuestro trabajo\u00bb.<br \/>\nLos funerales de don Andr\u00e9s Ricardo se realizaron a las 17:30 horas en la parroquia del Esp\u00edritu Santo, y sus restos mortales fueron sepultados en el Cementerio Parroquial de Los Andes. Es por ello que quienes laboramos en Diario El Trabajo hoy hacemos p\u00fablico nuestro sincero P\u00e9same a la familia de don Alfredo Montenegro, quien supo conservar la tradici\u00f3n y luchar por su felicidad y la de los suyos de honrada manera. Descanse en Paz, Majestad del Mote con Huesillos.<br \/>\n<strong>Roberto Gonz\u00e1lez Short<\/strong><br \/>\n<strong>rgonzalez@eltrabajo.cl<\/strong><\/p>\n<div class=\"tiled-gallery type-rectangular tiled-gallery-unresized\" data-original-width=\"640\" data-carousel-extra='null' itemscope itemtype=\"http:\/\/schema.org\/ImageGallery\" > <div class=\"gallery-row\" style=\"width: 640px; height: 282px;\" data-original-width=\"640\" data-original-height=\"282\" > <div class=\"gallery-group images-1\" style=\"width: 427px; height: 282px;\" data-original-width=\"427\" data-original-height=\"282\" > <div class=\"tiled-gallery-item tiled-gallery-item-large\" itemprop=\"associatedMedia\" itemscope itemtype=\"http:\/\/schema.org\/ImageObject\"> <a href=\"https:\/\/eltrabajo.cl\/portal\/muere-a-sus-85-anos-ricardo-montenegro-el-rey-del-mote-con-huesillo\/alfredo-montenegro\/\" border=\"0\" itemprop=\"url\"> <meta itemprop=\"width\" content=\"423\"> <meta itemprop=\"height\" content=\"278\"> <img decoding=\"async\" class=\"\" data-attachment-id=\"64742\" data-orig-file=\"https:\/\/eltrabajo.cl\/portal\/wp-content\/uploads\/2015\/12\/Alfredo-Montenegro.jpg\" data-orig-size=\"530,348\" data-comments-opened=\"1\" data-image-meta=\"{&quot;aperture&quot;:&quot;0&quot;,&quot;credit&quot;:&quot;&quot;,&quot;camera&quot;:&quot;&quot;,&quot;caption&quot;:&quot;&quot;,&quot;created_timestamp&quot;:&quot;0&quot;,&quot;copyright&quot;:&quot;&quot;,&quot;focal_length&quot;:&quot;0&quot;,&quot;iso&quot;:&quot;0&quot;,&quot;shutter_speed&quot;:&quot;0&quot;,&quot;title&quot;:&quot;&quot;,&quot;orientation&quot;:&quot;0&quot;}\" data-image-title=\"Alfredo Montenegro\" data-image-description=\"&lt;p&gt;Alfredo Montenegro, hijo del ilustre comerciante.&lt;\/p&gt; \" data-medium-file=\"https:\/\/i0.wp.com\/eltrabajo.cl\/portal\/wp-content\/uploads\/2015\/12\/Alfredo-Montenegro.jpg?fit=300%2C197&#038;ssl=1\" data-large-file=\"https:\/\/i0.wp.com\/eltrabajo.cl\/portal\/wp-content\/uploads\/2015\/12\/Alfredo-Montenegro.jpg?fit=530%2C348&#038;ssl=1\" src=\"https:\/\/i0.wp.com\/eltrabajo.cl\/portal\/wp-content\/uploads\/2015\/12\/Alfredo-Montenegro.jpg?w=423&#038;h=278&#038;ssl=1\" srcset=\"https:\/\/i0.wp.com\/eltrabajo.cl\/portal\/wp-content\/uploads\/2015\/12\/Alfredo-Montenegro.jpg?w=530&amp;ssl=1 530w, https:\/\/i0.wp.com\/eltrabajo.cl\/portal\/wp-content\/uploads\/2015\/12\/Alfredo-Montenegro.jpg?resize=200%2C131&amp;ssl=1 200w, https:\/\/i0.wp.com\/eltrabajo.cl\/portal\/wp-content\/uploads\/2015\/12\/Alfredo-Montenegro.jpg?resize=300%2C197&amp;ssl=1 300w, https:\/\/i0.wp.com\/eltrabajo.cl\/portal\/wp-content\/uploads\/2015\/12\/Alfredo-Montenegro.jpg?resize=228%2C150&amp;ssl=1 228w, https:\/\/i0.wp.com\/eltrabajo.cl\/portal\/wp-content\/uploads\/2015\/12\/Alfredo-Montenegro.jpg?resize=400%2C263&amp;ssl=1 400w\" width=\"423\" height=\"278\" loading=\"lazy\" data-original-width=\"423\" data-original-height=\"278\" itemprop=\"http:\/\/schema.org\/image\" title=\"Alfredo Montenegro\" alt=\"Alfredo Montenegro, hijo del ilustre comerciante.\" style=\"width: 423px; height: 278px;\" \/> <\/a> <div class=\"tiled-gallery-caption\" itemprop=\"caption description\"> Alfredo Montenegro, hijo del ilustre comerciante. <\/div> <\/div> <\/div> <!-- close group --> <div class=\"gallery-group images-2\" style=\"width: 213px; height: 282px;\" data-original-width=\"213\" data-original-height=\"282\" > <div class=\"tiled-gallery-item tiled-gallery-item-small\" itemprop=\"associatedMedia\" itemscope itemtype=\"http:\/\/schema.org\/ImageObject\"> <a href=\"https:\/\/eltrabajo.cl\/portal\/muere-a-sus-85-anos-ricardo-montenegro-el-rey-del-mote-con-huesillo\/inelda33\/\" border=\"0\" itemprop=\"url\"> <meta itemprop=\"width\" content=\"209\"> <meta itemprop=\"height\" content=\"137\"> <img decoding=\"async\" class=\"\" data-attachment-id=\"64743\" data-orig-file=\"https:\/\/eltrabajo.cl\/portal\/wp-content\/uploads\/2015\/12\/Inelda33.jpg\" data-orig-size=\"530,348\" data-comments-opened=\"1\" data-image-meta=\"{&quot;aperture&quot;:&quot;0&quot;,&quot;credit&quot;:&quot;&quot;,&quot;camera&quot;:&quot;&quot;,&quot;caption&quot;:&quot;&quot;,&quot;created_timestamp&quot;:&quot;0&quot;,&quot;copyright&quot;:&quot;&quot;,&quot;focal_length&quot;:&quot;0&quot;,&quot;iso&quot;:&quot;0&quot;,&quot;shutter_speed&quot;:&quot;0&quot;,&quot;title&quot;:&quot;&quot;,&quot;orientation&quot;:&quot;0&quot;}\" data-image-title=\"Inelda33\" data-image-description=\"&lt;p&gt;Una de las hijas de este rey popular sanfelipe\u00f1o, do\u00f1a Inelda Montenegro.&lt;\/p&gt; \" data-medium-file=\"https:\/\/i0.wp.com\/eltrabajo.cl\/portal\/wp-content\/uploads\/2015\/12\/Inelda33.jpg?fit=300%2C197&#038;ssl=1\" data-large-file=\"https:\/\/i0.wp.com\/eltrabajo.cl\/portal\/wp-content\/uploads\/2015\/12\/Inelda33.jpg?fit=530%2C348&#038;ssl=1\" src=\"https:\/\/i0.wp.com\/eltrabajo.cl\/portal\/wp-content\/uploads\/2015\/12\/Inelda33.jpg?w=209&#038;h=137&#038;ssl=1\" srcset=\"https:\/\/i0.wp.com\/eltrabajo.cl\/portal\/wp-content\/uploads\/2015\/12\/Inelda33.jpg?w=530&amp;ssl=1 530w, https:\/\/i0.wp.com\/eltrabajo.cl\/portal\/wp-content\/uploads\/2015\/12\/Inelda33.jpg?resize=200%2C131&amp;ssl=1 200w, https:\/\/i0.wp.com\/eltrabajo.cl\/portal\/wp-content\/uploads\/2015\/12\/Inelda33.jpg?resize=300%2C197&amp;ssl=1 300w, https:\/\/i0.wp.com\/eltrabajo.cl\/portal\/wp-content\/uploads\/2015\/12\/Inelda33.jpg?resize=228%2C150&amp;ssl=1 228w, https:\/\/i0.wp.com\/eltrabajo.cl\/portal\/wp-content\/uploads\/2015\/12\/Inelda33.jpg?resize=400%2C263&amp;ssl=1 400w\" width=\"209\" height=\"137\" loading=\"lazy\" data-original-width=\"209\" data-original-height=\"137\" itemprop=\"http:\/\/schema.org\/image\" title=\"Inelda33\" alt=\"Una de las hijas de este rey popular sanfelipe\u00f1o, do\u00f1a Inelda Montenegro.\" style=\"width: 209px; height: 137px;\" \/> <\/a> <div class=\"tiled-gallery-caption\" itemprop=\"caption description\"> Una de las hijas de este rey popular sanfelipe\u00f1o, do\u00f1a Inelda Montenegro. <\/div> <\/div> <div class=\"tiled-gallery-item tiled-gallery-item-small\" itemprop=\"associatedMedia\" itemscope itemtype=\"http:\/\/schema.org\/ImageObject\"> <a href=\"https:\/\/eltrabajo.cl\/portal\/muere-a-sus-85-anos-ricardo-montenegro-el-rey-del-mote-con-huesillo\/reyjoven\/\" border=\"0\" itemprop=\"url\"> <meta itemprop=\"width\" content=\"209\"> <meta itemprop=\"height\" content=\"137\"> <img decoding=\"async\" class=\"\" data-attachment-id=\"64744\" data-orig-file=\"https:\/\/eltrabajo.cl\/portal\/wp-content\/uploads\/2015\/12\/ReyJoven.jpg\" data-orig-size=\"530,348\" data-comments-opened=\"1\" data-image-meta=\"{&quot;aperture&quot;:&quot;0&quot;,&quot;credit&quot;:&quot;&quot;,&quot;camera&quot;:&quot;&quot;,&quot;caption&quot;:&quot;&quot;,&quot;created_timestamp&quot;:&quot;0&quot;,&quot;copyright&quot;:&quot;&quot;,&quot;focal_length&quot;:&quot;0&quot;,&quot;iso&quot;:&quot;0&quot;,&quot;shutter_speed&quot;:&quot;0&quot;,&quot;title&quot;:&quot;&quot;,&quot;orientation&quot;:&quot;0&quot;}\" data-image-title=\"ReyJoven\" data-image-description=\"&lt;p&gt;As\u00ed luc\u00eda \u2018El Rey del Mote con Huesillo\u2019 de nuestra comuna en sus a\u00f1os de juventud. Nada mal \u00bfeh?&lt;\/p&gt; \" data-medium-file=\"https:\/\/i0.wp.com\/eltrabajo.cl\/portal\/wp-content\/uploads\/2015\/12\/ReyJoven.jpg?fit=300%2C197&#038;ssl=1\" data-large-file=\"https:\/\/i0.wp.com\/eltrabajo.cl\/portal\/wp-content\/uploads\/2015\/12\/ReyJoven.jpg?fit=530%2C348&#038;ssl=1\" src=\"https:\/\/i0.wp.com\/eltrabajo.cl\/portal\/wp-content\/uploads\/2015\/12\/ReyJoven.jpg?w=209&#038;h=137&#038;ssl=1\" srcset=\"https:\/\/i0.wp.com\/eltrabajo.cl\/portal\/wp-content\/uploads\/2015\/12\/ReyJoven.jpg?w=530&amp;ssl=1 530w, https:\/\/i0.wp.com\/eltrabajo.cl\/portal\/wp-content\/uploads\/2015\/12\/ReyJoven.jpg?resize=200%2C131&amp;ssl=1 200w, https:\/\/i0.wp.com\/eltrabajo.cl\/portal\/wp-content\/uploads\/2015\/12\/ReyJoven.jpg?resize=300%2C197&amp;ssl=1 300w, https:\/\/i0.wp.com\/eltrabajo.cl\/portal\/wp-content\/uploads\/2015\/12\/ReyJoven.jpg?resize=228%2C150&amp;ssl=1 228w, https:\/\/i0.wp.com\/eltrabajo.cl\/portal\/wp-content\/uploads\/2015\/12\/ReyJoven.jpg?resize=400%2C263&amp;ssl=1 400w\" width=\"209\" height=\"137\" loading=\"lazy\" data-original-width=\"209\" data-original-height=\"137\" itemprop=\"http:\/\/schema.org\/image\" title=\"ReyJoven\" alt=\"As\u00ed luc\u00eda \u2018El Rey del Mote con Huesillo\u2019 de nuestra comuna en sus a\u00f1os de juventud. Nada mal \u00bfeh?\" style=\"width: 209px; height: 137px;\" \/> <\/a> <div class=\"tiled-gallery-caption\" itemprop=\"caption description\"> As\u00ed luc\u00eda \u2018El Rey del Mote con Huesillo\u2019 de nuestra comuna en sus a\u00f1os de juventud. Nada mal \u00bfeh? <\/div> <\/div> <\/div> <!-- close group --> <\/div> <!-- close row --> <\/div>\n<p>&nbsp;<\/p>\n","protected":false},"excerpt":{"rendered":"<p>\u2018El Rey ha muerto\u2019. Propiamente dicho, esta c\u00e9lebre frase es la que debemos aplicar en nuestra comuna, porque el conocido comerciante aconcag\u00fcino, \u2018El Rey del Mote con Huesillos\u2019, falleci\u00f3 la ma\u00f1ana de&#8230;<\/p>\n","protected":false},"author":482,"featured_media":64741,"comment_status":"open","ping_status":"open","sticky":false,"template":"","format":"standard","meta":{"advanced_seo_description":"","jetpack_seo_html_title":"","jetpack_seo_noindex":false,"_jetpack_memberships_contains_paid_content":false,"footnotes":""},"categories":[15],"tags":[],"class_list":["post-64740","post","type-post","status-publish","format-standard","has-post-thumbnail","hentry","category-comunidad"],"jetpack_featured_media_url":"https:\/\/i0.wp.com\/eltrabajo.cl\/portal\/wp-content\/uploads\/2015\/12\/Reyes33.jpg?fit=530%2C349&ssl=1","jetpack_sharing_enabled":true,"jetpack_likes_enabled":true,"jetpack-related-posts":[],"_links":{"self":[{"href":"https:\/\/eltrabajo.cl\/portal\/wp-json\/wp\/v2\/posts\/64740","targetHints":{"allow":["GET"]}}],"collection":[{"href":"https:\/\/eltrabajo.cl\/portal\/wp-json\/wp\/v2\/posts"}],"about":[{"href":"https:\/\/eltrabajo.cl\/portal\/wp-json\/wp\/v2\/types\/post"}],"author":[{"embeddable":true,"href":"https:\/\/eltrabajo.cl\/portal\/wp-json\/wp\/v2\/users\/482"}],"replies":[{"embeddable":true,"href":"https:\/\/eltrabajo.cl\/portal\/wp-json\/wp\/v2\/comments?post=64740"}],"version-history":[{"count":0,"href":"https:\/\/eltrabajo.cl\/portal\/wp-json\/wp\/v2\/posts\/64740\/revisions"}],"wp:featuredmedia":[{"embeddable":true,"href":"https:\/\/eltrabajo.cl\/portal\/wp-json\/wp\/v2\/media\/64741"}],"wp:attachment":[{"href":"https:\/\/eltrabajo.cl\/portal\/wp-json\/wp\/v2\/media?parent=64740"}],"wp:term":[{"taxonomy":"category","embeddable":true,"href":"https:\/\/eltrabajo.cl\/portal\/wp-json\/wp\/v2\/categories?post=64740"},{"taxonomy":"post_tag","embeddable":true,"href":"https:\/\/eltrabajo.cl\/portal\/wp-json\/wp\/v2\/tags?post=64740"}],"curies":[{"name":"wp","href":"https:\/\/api.w.org\/{rel}","templated":true}]}}