{"id":64749,"date":"2015-12-14T14:47:19","date_gmt":"2015-12-14T17:47:19","guid":{"rendered":"http:\/\/www.eltrabajo.cl\/portal\/?p=64749"},"modified":"2015-12-14T14:47:19","modified_gmt":"2015-12-14T17:47:19","slug":"el-uni-se-impone-a-curacavi-en-su-primer-amistoso-de-la-pretemporada","status":"publish","type":"post","link":"https:\/\/eltrabajo.cl\/portal\/el-uni-se-impone-a-curacavi-en-su-primer-amistoso-de-la-pretemporada\/","title":{"rendered":"El Un\u00ed se impone a Curacav\u00ed en su primer amistoso de la Pretemporada"},"content":{"rendered":"<figure id=\"attachment_64750\" aria-describedby=\"caption-attachment-64750\" style=\"width: 300px\" class=\"wp-caption alignleft\"><img data-recalc-dims=\"1\" loading=\"lazy\" decoding=\"async\" class=\"wp-image-64750 size-medium\" src=\"https:\/\/i0.wp.com\/www.eltrabajo.cl\/portal\/wp-content\/uploads\/2015\/12\/san-felipe-curacavi-300x198.jpg?resize=300%2C198\" alt=\"En un ensayo futbol\u00edstico realizado la ma\u00f1ana del s\u00e1bado, el Un\u00ed venci\u00f3 a Curacav\u00ed por 2 goles 0 (Foto: Jaime G\u00f3mez).\" width=\"300\" height=\"198\" srcset=\"https:\/\/i0.wp.com\/eltrabajo.cl\/portal\/wp-content\/uploads\/2015\/12\/san-felipe-curacavi.jpg?resize=300%2C198&amp;ssl=1 300w, https:\/\/i0.wp.com\/eltrabajo.cl\/portal\/wp-content\/uploads\/2015\/12\/san-felipe-curacavi.jpg?resize=200%2C132&amp;ssl=1 200w, https:\/\/i0.wp.com\/eltrabajo.cl\/portal\/wp-content\/uploads\/2015\/12\/san-felipe-curacavi.jpg?resize=228%2C150&amp;ssl=1 228w, https:\/\/i0.wp.com\/eltrabajo.cl\/portal\/wp-content\/uploads\/2015\/12\/san-felipe-curacavi.jpg?resize=400%2C263&amp;ssl=1 400w, https:\/\/i0.wp.com\/eltrabajo.cl\/portal\/wp-content\/uploads\/2015\/12\/san-felipe-curacavi.jpg?w=530&amp;ssl=1 530w\" sizes=\"auto, (max-width: 300px) 100vw, 300px\" \/><figcaption id=\"caption-attachment-64750\" class=\"wp-caption-text\">En un ensayo futbol\u00edstico realizado la ma\u00f1ana del s\u00e1bado, el Un\u00ed venci\u00f3 a Curacav\u00ed por 2 goles 0 (Foto: Jaime G\u00f3mez).<\/figcaption><\/figure>\n<p>A la espera de su tercer refuerzo, el que deber\u00eda llegar durante esta semana, Uni\u00f3n San Felipe contin\u00faa con su trabajo de Pretemporada, la que el s\u00e1bado pasado estuvo marcada por un ensayo futbol\u00edstico frente Curacav\u00ed, al que los albirrojos derrotaron por 2 goles a 0 gracias a las anotaciones de Brayan Valdivia y Nicol\u00e1s Trecco.<br \/>\nSi bien es cierto, no se trat\u00f3 de un partido amistoso propiamente tal, debido a que el plantel albirrojo est\u00e1 en plena fase de hacer las respectivas cargas f\u00edsicas, el entrenador Germ\u00e1n Corengia no le rest\u00f3 importancia al desempe\u00f1o de sus dirigidos frente al joven conjunto de la Tercera Divisi\u00f3n chilena. \u201cRespecto a los amistosos que se armaron, la idea es de ir de menos a m\u00e1s por eso se ir\u00e1 subiendo el nivel de exigencias; todav\u00eda estamos en un proceso donde debemos superar lo hecho en el torneo pasado, tenemos muy claro donde somos s\u00f3lidos y donde hay que arriesgar, en este amistoso hubo destellos de lo que queremos\u201d, dijo a El Trabajo Deportivo, el estratego albirrojo.<\/p>\n","protected":false},"excerpt":{"rendered":"<p>A la espera de su tercer refuerzo, el que deber\u00eda llegar durante esta semana, Uni\u00f3n San Felipe contin\u00faa con su trabajo de Pretemporada, la que el s\u00e1bado pasado estuvo marcada por un&#8230;<\/p>\n","protected":false},"author":482,"featured_media":64750,"comment_status":"open","ping_status":"open","sticky":false,"template":"","format":"standard","meta":{"advanced_seo_description":"","jetpack_seo_html_title":"","jetpack_seo_noindex":false,"_jetpack_memberships_contains_paid_content":false,"footnotes":""},"categories":[19],"tags":[],"class_list":["post-64749","post","type-post","status-publish","format-standard","has-post-thumbnail","hentry","category-deportes"],"jetpack_featured_media_url":"https:\/\/i0.wp.com\/eltrabajo.cl\/portal\/wp-content\/uploads\/2015\/12\/san-felipe-curacavi.jpg?fit=530%2C349&ssl=1","jetpack_sharing_enabled":true,"jetpack_likes_enabled":true,"jetpack-related-posts":[],"_links":{"self":[{"href":"https:\/\/eltrabajo.cl\/portal\/wp-json\/wp\/v2\/posts\/64749","targetHints":{"allow":["GET"]}}],"collection":[{"href":"https:\/\/eltrabajo.cl\/portal\/wp-json\/wp\/v2\/posts"}],"about":[{"href":"https:\/\/eltrabajo.cl\/portal\/wp-json\/wp\/v2\/types\/post"}],"author":[{"embeddable":true,"href":"https:\/\/eltrabajo.cl\/portal\/wp-json\/wp\/v2\/users\/482"}],"replies":[{"embeddable":true,"href":"https:\/\/eltrabajo.cl\/portal\/wp-json\/wp\/v2\/comments?post=64749"}],"version-history":[{"count":0,"href":"https:\/\/eltrabajo.cl\/portal\/wp-json\/wp\/v2\/posts\/64749\/revisions"}],"wp:featuredmedia":[{"embeddable":true,"href":"https:\/\/eltrabajo.cl\/portal\/wp-json\/wp\/v2\/media\/64750"}],"wp:attachment":[{"href":"https:\/\/eltrabajo.cl\/portal\/wp-json\/wp\/v2\/media?parent=64749"}],"wp:term":[{"taxonomy":"category","embeddable":true,"href":"https:\/\/eltrabajo.cl\/portal\/wp-json\/wp\/v2\/categories?post=64749"},{"taxonomy":"post_tag","embeddable":true,"href":"https:\/\/eltrabajo.cl\/portal\/wp-json\/wp\/v2\/tags?post=64749"}],"curies":[{"name":"wp","href":"https:\/\/api.w.org\/{rel}","templated":true}]}}