{"id":64752,"date":"2015-12-14T14:51:28","date_gmt":"2015-12-14T17:51:28","guid":{"rendered":"http:\/\/www.eltrabajo.cl\/portal\/?p=64752"},"modified":"2015-12-14T14:51:28","modified_gmt":"2015-12-14T17:51:28","slug":"con-diversas-actividades-celebran-el-dia-de-personas-con-capacidades-diferentes","status":"publish","type":"post","link":"https:\/\/eltrabajo.cl\/portal\/con-diversas-actividades-celebran-el-dia-de-personas-con-capacidades-diferentes\/","title":{"rendered":"Con diversas actividades celebran el d\u00eda de personas con capacidades diferentes"},"content":{"rendered":"<figure id=\"attachment_64753\" aria-describedby=\"caption-attachment-64753\" style=\"width: 300px\" class=\"wp-caption alignleft\"><img data-recalc-dims=\"1\" loading=\"lazy\" decoding=\"async\" class=\"wp-image-64753 size-medium\" src=\"https:\/\/i0.wp.com\/www.eltrabajo.cl\/portal\/wp-content\/uploads\/2015\/12\/ACTIVIDAD-DE-LA-DISCACIDAD-300x198.jpg?resize=300%2C198\" alt=\"Diversas organizaciones llaylla\u00ednas participaron de esta celebraci\u00f3n que congreg\u00f3 a gran cantidad de p\u00fablico.\" width=\"300\" height=\"198\" srcset=\"https:\/\/i0.wp.com\/eltrabajo.cl\/portal\/wp-content\/uploads\/2015\/12\/ACTIVIDAD-DE-LA-DISCACIDAD.jpg?resize=300%2C198&amp;ssl=1 300w, https:\/\/i0.wp.com\/eltrabajo.cl\/portal\/wp-content\/uploads\/2015\/12\/ACTIVIDAD-DE-LA-DISCACIDAD.jpg?resize=200%2C132&amp;ssl=1 200w, https:\/\/i0.wp.com\/eltrabajo.cl\/portal\/wp-content\/uploads\/2015\/12\/ACTIVIDAD-DE-LA-DISCACIDAD.jpg?resize=228%2C150&amp;ssl=1 228w, https:\/\/i0.wp.com\/eltrabajo.cl\/portal\/wp-content\/uploads\/2015\/12\/ACTIVIDAD-DE-LA-DISCACIDAD.jpg?resize=400%2C263&amp;ssl=1 400w, https:\/\/i0.wp.com\/eltrabajo.cl\/portal\/wp-content\/uploads\/2015\/12\/ACTIVIDAD-DE-LA-DISCACIDAD.jpg?w=530&amp;ssl=1 530w\" sizes=\"auto, (max-width: 300px) 100vw, 300px\" \/><figcaption id=\"caption-attachment-64753\" class=\"wp-caption-text\">Diversas organizaciones llaylla\u00ednas participaron de esta celebraci\u00f3n que congreg\u00f3 a gran cantidad de p\u00fablico.<\/figcaption><\/figure>\n<p><strong>LLAY LLAY.<\/strong>&#8211; El municipio, a trav\u00e9s de la oficina de apoyo a las personas con capacidades diferentes, celebr\u00f3 el D\u00eda Internacional de la Discapacidad. El objetivo principal, es visibilizar los derechos de personas con necesidades especiales.<br \/>\nLa actividad fue presidida por el alcalde Mario Marillanca, estuvo en representaci\u00f3n del Gobernador de San Felipe, Eduardo L\u00e9on, el jefe territorial Juan Carlos Rojas; los concejales: Margarita Puebla y Mesala Gonz\u00e1lez. La actividad tuvo un gran marco de p\u00fablico. Los protagonistas de la jornada fueron las organizaciones: Los Querubines, que re\u00fane a ni\u00f1os y ni\u00f1as con s\u00edndrome de down, Agrupaci\u00f3n Renacer, colegio especial Brillo de Luna y Agrupaci\u00f3n de personas con artrosis.<br \/>\nEl alcalde Mario Marillanca, tiene una sensibilidad muy especial sobre el tema de la discapicidad, por ello pone \u00e9nfasis en el trabajo social en esta \u00e1rea de su labor \u201cla discapacidad significa integraci\u00f3n, y no discriminaci\u00f3n\u201d, expres\u00f3 el Alcalde, \u201ccreo que nuestro trabajo es sensibilizar a la comunidad, y enfocarnos a entregar oportunidades de desarrollo y crecimiento a las personas con capacidades diferentes, para ello estamos trabajando\u201d.<br \/>\nLa encargada del programa de la Discapacidad de la Oficina Municipal, Patricia Mart\u00ednez, indic\u00f3 que dentro de los logros importantes \u201cest\u00e1n los emprendimientos a trav\u00e9s del Fosis y los proyectos para realizar talleres y apoyo sicol\u00f3gico\u201d.<br \/>\n<strong>Marianela Quevedo<\/strong><\/p>\n<div class=\"tiled-gallery type-rectangular tiled-gallery-unresized\" data-original-width=\"640\" data-carousel-extra='null' itemscope itemtype=\"http:\/\/schema.org\/ImageGallery\" > <div class=\"gallery-row\" style=\"width: 640px; height: 211px;\" data-original-width=\"640\" data-original-height=\"211\" > <div class=\"gallery-group images-1\" style=\"width: 320px; height: 211px;\" data-original-width=\"320\" data-original-height=\"211\" > <div class=\"tiled-gallery-item tiled-gallery-item-large\" itemprop=\"associatedMedia\" itemscope itemtype=\"http:\/\/schema.org\/ImageObject\"> <a href=\"https:\/\/eltrabajo.cl\/portal\/con-diversas-actividades-celebran-el-dia-de-personas-con-capacidades-diferentes\/patricia-y-organizaciones\/\" border=\"0\" itemprop=\"url\"> <meta itemprop=\"width\" content=\"316\"> <meta itemprop=\"height\" content=\"207\"> <img decoding=\"async\" class=\"\" data-attachment-id=\"64754\" data-orig-file=\"https:\/\/eltrabajo.cl\/portal\/wp-content\/uploads\/2015\/12\/PATRICIA-Y-ORGANIZACIONES.jpg\" data-orig-size=\"530,348\" data-comments-opened=\"1\" data-image-meta=\"{&quot;aperture&quot;:&quot;0&quot;,&quot;credit&quot;:&quot;&quot;,&quot;camera&quot;:&quot;&quot;,&quot;caption&quot;:&quot;&quot;,&quot;created_timestamp&quot;:&quot;0&quot;,&quot;copyright&quot;:&quot;&quot;,&quot;focal_length&quot;:&quot;0&quot;,&quot;iso&quot;:&quot;0&quot;,&quot;shutter_speed&quot;:&quot;0&quot;,&quot;title&quot;:&quot;&quot;,&quot;orientation&quot;:&quot;0&quot;}\" data-image-title=\"PATRICIA Y ORGANIZACIONES\" data-image-description=\"&lt;p&gt;De esta celebraci\u00f3n participaron autoridades junto a las organizaciones: Los Querubines, Agrupaci\u00f3n Renacer, colegio especial Brillo de Luna y Agrupaci\u00f3n de personas con artrosis.&lt;\/p&gt; \" data-medium-file=\"https:\/\/i0.wp.com\/eltrabajo.cl\/portal\/wp-content\/uploads\/2015\/12\/PATRICIA-Y-ORGANIZACIONES.jpg?fit=300%2C197&#038;ssl=1\" data-large-file=\"https:\/\/i0.wp.com\/eltrabajo.cl\/portal\/wp-content\/uploads\/2015\/12\/PATRICIA-Y-ORGANIZACIONES.jpg?fit=530%2C348&#038;ssl=1\" src=\"https:\/\/i0.wp.com\/eltrabajo.cl\/portal\/wp-content\/uploads\/2015\/12\/PATRICIA-Y-ORGANIZACIONES.jpg?w=316&#038;h=207&#038;ssl=1\" srcset=\"https:\/\/i0.wp.com\/eltrabajo.cl\/portal\/wp-content\/uploads\/2015\/12\/PATRICIA-Y-ORGANIZACIONES.jpg?w=530&amp;ssl=1 530w, https:\/\/i0.wp.com\/eltrabajo.cl\/portal\/wp-content\/uploads\/2015\/12\/PATRICIA-Y-ORGANIZACIONES.jpg?resize=200%2C131&amp;ssl=1 200w, https:\/\/i0.wp.com\/eltrabajo.cl\/portal\/wp-content\/uploads\/2015\/12\/PATRICIA-Y-ORGANIZACIONES.jpg?resize=300%2C197&amp;ssl=1 300w, https:\/\/i0.wp.com\/eltrabajo.cl\/portal\/wp-content\/uploads\/2015\/12\/PATRICIA-Y-ORGANIZACIONES.jpg?resize=228%2C150&amp;ssl=1 228w, https:\/\/i0.wp.com\/eltrabajo.cl\/portal\/wp-content\/uploads\/2015\/12\/PATRICIA-Y-ORGANIZACIONES.jpg?resize=400%2C263&amp;ssl=1 400w\" width=\"316\" height=\"207\" loading=\"lazy\" data-original-width=\"316\" data-original-height=\"207\" itemprop=\"http:\/\/schema.org\/image\" title=\"PATRICIA Y ORGANIZACIONES\" alt=\"De esta celebraci\u00f3n participaron autoridades junto a las organizaciones: Los Querubines, Agrupaci\u00f3n Renacer, colegio especial Brillo de Luna y Agrupaci\u00f3n de personas con artrosis.\" style=\"width: 316px; height: 207px;\" \/> <\/a> <div class=\"tiled-gallery-caption\" itemprop=\"caption description\"> De esta celebraci\u00f3n participaron autoridades junto a las organizaciones: Los Querubines, Agrupaci\u00f3n Renacer, colegio especial Brillo de Luna y Agrupaci\u00f3n de personas con artrosis. <\/div> <\/div> <\/div> <!-- close group --> <div class=\"gallery-group images-1\" style=\"width: 320px; height: 211px;\" data-original-width=\"320\" data-original-height=\"211\" > <div class=\"tiled-gallery-item tiled-gallery-item-large\" itemprop=\"associatedMedia\" itemscope itemtype=\"http:\/\/schema.org\/ImageObject\"> <a href=\"https:\/\/eltrabajo.cl\/portal\/con-diversas-actividades-celebran-el-dia-de-personas-con-capacidades-diferentes\/querubines\/\" border=\"0\" itemprop=\"url\"> <meta itemprop=\"width\" content=\"316\"> <meta itemprop=\"height\" content=\"207\"> <img decoding=\"async\" class=\"\" data-attachment-id=\"64755\" data-orig-file=\"https:\/\/eltrabajo.cl\/portal\/wp-content\/uploads\/2015\/12\/QUERUBINES.jpg\" data-orig-size=\"530,348\" data-comments-opened=\"1\" data-image-meta=\"{&quot;aperture&quot;:&quot;0&quot;,&quot;credit&quot;:&quot;&quot;,&quot;camera&quot;:&quot;&quot;,&quot;caption&quot;:&quot;&quot;,&quot;created_timestamp&quot;:&quot;0&quot;,&quot;copyright&quot;:&quot;&quot;,&quot;focal_length&quot;:&quot;0&quot;,&quot;iso&quot;:&quot;0&quot;,&quot;shutter_speed&quot;:&quot;0&quot;,&quot;title&quot;:&quot;&quot;,&quot;orientation&quot;:&quot;0&quot;}\" data-image-title=\"QUERUBINES\" data-image-description=\"&lt;p&gt;La organizaci\u00f3n Los Querubines, tambi\u00e9n particip\u00f3 de las celebraciones del d\u00eda de la discapacidad.&lt;\/p&gt; \" data-medium-file=\"https:\/\/i0.wp.com\/eltrabajo.cl\/portal\/wp-content\/uploads\/2015\/12\/QUERUBINES.jpg?fit=300%2C197&#038;ssl=1\" data-large-file=\"https:\/\/i0.wp.com\/eltrabajo.cl\/portal\/wp-content\/uploads\/2015\/12\/QUERUBINES.jpg?fit=530%2C348&#038;ssl=1\" src=\"https:\/\/i0.wp.com\/eltrabajo.cl\/portal\/wp-content\/uploads\/2015\/12\/QUERUBINES.jpg?w=316&#038;h=207&#038;ssl=1\" srcset=\"https:\/\/i0.wp.com\/eltrabajo.cl\/portal\/wp-content\/uploads\/2015\/12\/QUERUBINES.jpg?w=530&amp;ssl=1 530w, https:\/\/i0.wp.com\/eltrabajo.cl\/portal\/wp-content\/uploads\/2015\/12\/QUERUBINES.jpg?resize=200%2C131&amp;ssl=1 200w, https:\/\/i0.wp.com\/eltrabajo.cl\/portal\/wp-content\/uploads\/2015\/12\/QUERUBINES.jpg?resize=300%2C197&amp;ssl=1 300w, https:\/\/i0.wp.com\/eltrabajo.cl\/portal\/wp-content\/uploads\/2015\/12\/QUERUBINES.jpg?resize=228%2C150&amp;ssl=1 228w, https:\/\/i0.wp.com\/eltrabajo.cl\/portal\/wp-content\/uploads\/2015\/12\/QUERUBINES.jpg?resize=400%2C263&amp;ssl=1 400w\" width=\"316\" height=\"207\" loading=\"lazy\" data-original-width=\"316\" data-original-height=\"207\" itemprop=\"http:\/\/schema.org\/image\" title=\"QUERUBINES\" alt=\"La organizaci\u00f3n Los Querubines, tambi\u00e9n particip\u00f3 de las celebraciones del d\u00eda de la discapacidad.\" style=\"width: 316px; height: 207px;\" \/> <\/a> <div class=\"tiled-gallery-caption\" itemprop=\"caption description\"> La organizaci\u00f3n Los Querubines, tambi\u00e9n particip\u00f3 de las celebraciones del d\u00eda de la discapacidad. <\/div> <\/div> <\/div> <!-- close group --> <\/div> <!-- close row --> <\/div>\n","protected":false},"excerpt":{"rendered":"<p>LLAY LLAY.&#8211; El municipio, a trav\u00e9s de la oficina de apoyo a las personas con capacidades diferentes, celebr\u00f3 el D\u00eda Internacional de la Discapacidad. El objetivo principal, es visibilizar los derechos de&#8230;<\/p>\n","protected":false},"author":482,"featured_media":64753,"comment_status":"open","ping_status":"open","sticky":false,"template":"","format":"standard","meta":{"advanced_seo_description":"","jetpack_seo_html_title":"","jetpack_seo_noindex":false,"_jetpack_memberships_contains_paid_content":false,"footnotes":""},"categories":[15],"tags":[],"class_list":["post-64752","post","type-post","status-publish","format-standard","has-post-thumbnail","hentry","category-comunidad"],"jetpack_featured_media_url":"https:\/\/i0.wp.com\/eltrabajo.cl\/portal\/wp-content\/uploads\/2015\/12\/ACTIVIDAD-DE-LA-DISCACIDAD.jpg?fit=530%2C349&ssl=1","jetpack_sharing_enabled":true,"jetpack_likes_enabled":true,"jetpack-related-posts":[],"_links":{"self":[{"href":"https:\/\/eltrabajo.cl\/portal\/wp-json\/wp\/v2\/posts\/64752","targetHints":{"allow":["GET"]}}],"collection":[{"href":"https:\/\/eltrabajo.cl\/portal\/wp-json\/wp\/v2\/posts"}],"about":[{"href":"https:\/\/eltrabajo.cl\/portal\/wp-json\/wp\/v2\/types\/post"}],"author":[{"embeddable":true,"href":"https:\/\/eltrabajo.cl\/portal\/wp-json\/wp\/v2\/users\/482"}],"replies":[{"embeddable":true,"href":"https:\/\/eltrabajo.cl\/portal\/wp-json\/wp\/v2\/comments?post=64752"}],"version-history":[{"count":0,"href":"https:\/\/eltrabajo.cl\/portal\/wp-json\/wp\/v2\/posts\/64752\/revisions"}],"wp:featuredmedia":[{"embeddable":true,"href":"https:\/\/eltrabajo.cl\/portal\/wp-json\/wp\/v2\/media\/64753"}],"wp:attachment":[{"href":"https:\/\/eltrabajo.cl\/portal\/wp-json\/wp\/v2\/media?parent=64752"}],"wp:term":[{"taxonomy":"category","embeddable":true,"href":"https:\/\/eltrabajo.cl\/portal\/wp-json\/wp\/v2\/categories?post=64752"},{"taxonomy":"post_tag","embeddable":true,"href":"https:\/\/eltrabajo.cl\/portal\/wp-json\/wp\/v2\/tags?post=64752"}],"curies":[{"name":"wp","href":"https:\/\/api.w.org\/{rel}","templated":true}]}}