{"id":64761,"date":"2015-12-14T14:58:26","date_gmt":"2015-12-14T17:58:26","guid":{"rendered":"http:\/\/www.eltrabajo.cl\/portal\/?p=64761"},"modified":"2015-12-14T14:58:26","modified_gmt":"2015-12-14T17:58:26","slug":"proyecto-parque-estero-culmina-sus-2-primeras-etapas-de-ejecucion-en-villa-las-acacias","status":"publish","type":"post","link":"https:\/\/eltrabajo.cl\/portal\/proyecto-parque-estero-culmina-sus-2-primeras-etapas-de-ejecucion-en-villa-las-acacias\/","title":{"rendered":"Proyecto Parque Estero culmina sus 2 primeras etapas de ejecuci\u00f3n en Villa Las Acacias"},"content":{"rendered":"<figure id=\"attachment_64762\" aria-describedby=\"caption-attachment-64762\" style=\"width: 300px\" class=\"wp-caption alignleft\"><img data-recalc-dims=\"1\" loading=\"lazy\" decoding=\"async\" class=\"wp-image-64762 size-medium\" src=\"https:\/\/i0.wp.com\/www.eltrabajo.cl\/portal\/wp-content\/uploads\/2015\/12\/FOTO-2-Alcalde-de-San-Felipe-Patricio-Freire-junto-algunas-vecinas-del-sector-300x199.jpg?resize=300%2C199\" alt=\"Alcalde de San Felipe Patricio Freire junto algunas vecinas del sector.\" width=\"300\" height=\"199\" srcset=\"https:\/\/i0.wp.com\/eltrabajo.cl\/portal\/wp-content\/uploads\/2015\/12\/FOTO-2-Alcalde-de-San-Felipe-Patricio-Freire-junto-algunas-vecinas-del-sector.jpg?resize=300%2C199&amp;ssl=1 300w, https:\/\/i0.wp.com\/eltrabajo.cl\/portal\/wp-content\/uploads\/2015\/12\/FOTO-2-Alcalde-de-San-Felipe-Patricio-Freire-junto-algunas-vecinas-del-sector.jpg?resize=200%2C133&amp;ssl=1 200w, https:\/\/i0.wp.com\/eltrabajo.cl\/portal\/wp-content\/uploads\/2015\/12\/FOTO-2-Alcalde-de-San-Felipe-Patricio-Freire-junto-algunas-vecinas-del-sector.jpg?resize=226%2C150&amp;ssl=1 226w, https:\/\/i0.wp.com\/eltrabajo.cl\/portal\/wp-content\/uploads\/2015\/12\/FOTO-2-Alcalde-de-San-Felipe-Patricio-Freire-junto-algunas-vecinas-del-sector.jpg?resize=400%2C265&amp;ssl=1 400w, https:\/\/i0.wp.com\/eltrabajo.cl\/portal\/wp-content\/uploads\/2015\/12\/FOTO-2-Alcalde-de-San-Felipe-Patricio-Freire-junto-algunas-vecinas-del-sector.jpg?w=528&amp;ssl=1 528w\" sizes=\"auto, (max-width: 300px) 100vw, 300px\" \/><figcaption id=\"caption-attachment-64762\" class=\"wp-caption-text\">Alcalde de San Felipe Patricio Freire junto algunas vecinas del sector.<\/figcaption><\/figure>\n<ul>\n<li><strong>Autoridades locales y vecinos mostraron completa satisfacci\u00f3n al ver transformado un espacio que hace unos a\u00f1os funcionaba como basural clandestino, en un lugar de encuentro familiar y recreaci\u00f3n.<\/strong><\/li>\n<\/ul>\n<p>Satisfacci\u00f3n y felicidad se dibujaba en cada uno de los rostros de los vecinos de villa Las Acacias durante la visita del Subsecretario de Vivienda y Urbanismo, Jaime Romero \u00c1lvarez, quien el pasado s\u00e1bado lleg\u00f3 a ese sector para verificar la concreci\u00f3n de las 2 primeras etapas del proyecto Parque Borde Estero Quilpu\u00e9, el cual transform\u00f3 toda la ribera del afluente, desde calle Uno hasta Abd\u00f3n Cifuentes.<br \/>\nLas obras ejecutadas, con una inversi\u00f3n cercana a los mil millones de pesos, en sus dos primeras fases, contemplaron: arborizaci\u00f3n, construcci\u00f3n de veredas, iluminaci\u00f3n, bancas y sectores de sombra y descanso. La tercera etapa, que est\u00e1 en desarrollo, ya presentada a Serviu, comenzar\u00eda a implementarse el a\u00f1o 2016 y considera la pavimentaci\u00f3n de la calzada y la culminaci\u00f3n del Parque desde Calle uno hasta avenida Enc\u00f3n, lo que constituir\u00e1 un circuito que le dar\u00e1 salida a Avenida Costanera hacia calle Santa Teresa.<br \/>\nRespecto de estos trabajos, El subsecretario Romero, se present\u00f3 en el lugar como Ministro subrogante de la cartera, le otorg\u00f3 suma relevancia a la fluida comunicaci\u00f3n que se logr\u00f3 con los vecinos del sector y destac\u00f3 que \u201ccon la inversi\u00f3n que est\u00e1 haciendo el gobierno, no s\u00f3lo estamos cambiando el rostro de este sector, sino que de la mano de los vecinos y de las autoridades locales estamos logrando una transformaci\u00f3n a largo plazo, de un sector que estaba postergado y deteriorado\u201d, apunt\u00f3.<br \/>\nEn ese mismo punto el personero destac\u00f3 el compromiso del municipio con sus vecinos y manifest\u00f3 que \u201cel ministerio siempre va a estar apoyando con un mayor nivel de inversi\u00f3n este tipo de iniciativas sobre todo si esto est\u00e1 directamente relacionado con el bienestar de cada una de las personas que viven en la regi\u00f3n en espec\u00edfico en este momento en la comuna de San Felipe\u201d, puntualiz\u00f3<br \/>\nRespecto de las trascendencia social que poseen este tipo de proyectos Romero describi\u00f3 que \u201ccuando hablamos de que hay que fortalecer los niveles de equidad en Chile estamos hablando de esto, que hay que llevar justicia a las personas, esto es llevar justicia, mejorar el barrio es llevar justicia y hacerlo a trav\u00e9s del programa Quiero Mi Barrio es fortalecer la participaci\u00f3n ciudadana. Cuando uno logra eso, est\u00e1 superando la desigualdad, corriendo el cerco y est\u00e1 haciendo que Chile se transforme en un pa\u00eds mucho mejor\u201d, enfatiz\u00f3.<br \/>\nJunto con afirmar que el 100 % de las obras deben estar finalizadas antes del t\u00e9rmino del mandato de Bachelet, el personero de Gobierno detall\u00f3 que \u201ctenemos varias etapas, estamos ac\u00e1 en un tercio de lo que es el parque completo que est\u00e1 en la meta presidencial, estamos evaluando ya lo que ser\u00e1 la tercera etapa en donde esperamos iniciar prontamente una inversi\u00f3n y enterar los m\u00e1s de 2 kil\u00f3metros que est\u00e1n considerados\u201d, describi\u00f3.<\/p>\n<p><strong>AUTORIDAD LOCAL<\/strong><br \/>\nEl alcalde Patricio Freire se mostr\u00f3 muy contento de los avances que se lograron y concretaron en el sector. El edil agradeci\u00f3 al Gobierno y tambi\u00e9n el trabajo y compromiso de los vecinos de Las Acacias alabando que \u201cellos se han juntado y se han reunido en dise\u00f1o para todo el proyecto del barrio, la participaci\u00f3n ciudadana es fundamental, la uni\u00f3n entre el municipio, los vecinos y el gobierno de la Presidenta Bachelet, que nos ha entregado todo lo que nos ha prometido en campa\u00f1a y con muchos proyectos ha contribuido al despertar de San Felipe, despu\u00e9s de muchos a\u00f1os que no ten\u00edamos esa posibilidad\u201d, asever\u00f3.<br \/>\nPor su parte el gobernador Eduardo Le\u00f3n adem\u00e1s de destacar el cumplimento de las promesas realizadas por el Gobierno, valor\u00f3 la organizaci\u00f3n de los vecinos aludiendo que \u201ctodo esto se ha hecho sobre la base del trabajo de los vecinos, hoy con ellos organizados y fortalecidos es mucho m\u00e1s f\u00e1cil enfrentar problem\u00e1ticas como por ejemplo de seguridad ciudadana, tenemos el compromiso de Chile \u00c1rea verde, el programa Quiero mi Barrio, pavimentos participativos as\u00ed que con orgullo en terreno vemos como se concretan nuestros compromisos\u201d.<\/p>\n<p><strong>LOS VECINOS<\/strong><br \/>\nMario Pe\u00f1a, presidente de la Junta de Vecinos Las Acacias Primera y segunda etapa, mostr\u00f3 total satisfacci\u00f3n al ver concretado un sue\u00f1o de muchos a\u00f1os y declar\u00f3 que \u201chace mucho tiempo que esto viene y ha sido realmente impactante ver los logros que se han obtenido\u201d, apunt\u00f3.<br \/>\nPe\u00f1a record\u00f3 que el borde estero, adem\u00e1s de ser un basural, era un foco de delincuencia constante y que la transformaci\u00f3n del espacio se logr\u00f3 gracias a un trabajo mancomunado de todas las etapas que componen villa Las Acacias. Junto con esto recomend\u00f3 al resto de las unidades vecinales considerar como un ejemplo la forma en que se trabaja en este n\u00facleo vecinal, donde asevera la participaci\u00f3n de los vecinos es fundamental a la hora de concretar proyectos.<br \/>\n\u201cNosotros tenemos ahora una peque\u00f1a joya, que no es s\u00f3lo para nosotros, sino que es un Parque Comunal, todo lo que hemos logrado, plazuelas, plazas hermosas. Pero todos estos logros se obtuvieron en base a qu\u00e9, esto es gracias a c\u00f3mo nos organizamos desde un comienzo y as\u00ed fuimos consiguiendo la unidad de la poblaci\u00f3n. Porqu\u00e9 Las Acacias ha ganado tantos proyectos, cuando no es tan vulnerable como otras poblaciones, es por la enorme participaci\u00f3n de los vecinos\u2026en otros sector las reuniones se hacen con 7 u 8 personas, mientras que nosotros convocamos a los vecinos y tenemos 60 o 70 personas, llegamos a tener 115 vecinos, contabilizados y que no cab\u00edan en nuestra sede y eso hace que se puedan conseguir estas cosas\u201d.<br \/>\nAs\u00ed mismo, Ingrid Lazo, presidente del Consejo Vecinal de Desarrollo, CVD, del Barrio Las Acacias dijo sentirse privilegiada junto a sus vecinos de ser el chiche (sic) de la quinta regi\u00f3n cordillera ya que \u201ccon nosotros se hizo el primer Quiero Mi Barrio para el sector interior de la Regi\u00f3n de Valpara\u00edso y al pasar el tiempo y al ir viendo la materializaci\u00f3n de las obras los vecinos se han empoderado y est\u00e1n muy contentos con los que se ha realizado, tanto de nosotros como vecindad como a nivel de municipio que tambi\u00e9n nos ha apoyado en todo\u201d, detall\u00f3.<br \/>\nLa dirigente aconsej\u00f3 al resto de los vecinos de San Felipe a aprender a trabajar en equipo para lograr este tipo de avances y asegur\u00f3 que \u201cuno aprende a trabajar en comunidad y hacerlo para todos y eso es lo m\u00e1s importante, nosotros como dirigentes trabajamos con los vecinos, pero tambi\u00e9n con el municipio, con Gobernaci\u00f3n, Minvu con el equipo de Quiero mi Barrio y es muy importante ese apoyo\u201d, recalc\u00f3.<br \/>\nRespecto de c\u00f3mo la transformaci\u00f3n del sector ha mejorado la calidad de vida de los vecinos Lazo asegur\u00f3 que \u201cel cambio es impresionante, ver a los vecinos recorrer las obras de confianza, darse una vuelta por el parque borde. Los vecinos en general est\u00e1n muy contentos porque antes esto era un basural, nuestros vecinos y gente de otros lugares ven\u00edan ac\u00e1 a depositar sus residuos y nosotros ahora nos sentimos muy orgullos al ver concretada esta intervenci\u00f3n, que los vecinos puedan aprovechar este espacio, eso es muy gratificante porque al ver un ni\u00f1o jugando en una de las plazas o a los vecinos paseando, uno se da cuenta que el trabajo de tantos a\u00f1os ha tenido sus frutos\u201d.<br \/>\nLazo, aprovech\u00f3 la instancia adem\u00e1s para recordar el cuidado que deben otorgarle los vecinos a este nuevo espacio porque tras la materializaci\u00f3n de las obras \u201cla responsabilidad le cabe a toda la comunidad que debe aprender a querer un lugar que les pertenece\u201d, se\u00f1al\u00f3.<br \/>\nCabe destacar que en este proyecto intervinieron los programas Yo Quiero Mi Barrio, pavimentos participativos y otras l\u00edneas de acci\u00f3n del Ministerio de Vivienda y Urbanismo. Adem\u00e1s est\u00e1 considerado para finales del 2016 comenzar a ejecutar obras en el siguiente sector de la Ribera del Estero Quilpu\u00e9, trabajos que consideran la continuaci\u00f3n del parque hacia el oriente, Desde la Intersecci\u00f3n de avenida Costanera con Abd\u00f3n Cifuentes hasta la cabecera del Aer\u00f3dromo.<\/p>\n<div class=\"tiled-gallery type-rectangular tiled-gallery-unresized\" data-original-width=\"640\" data-carousel-extra='null' itemscope itemtype=\"http:\/\/schema.org\/ImageGallery\" > <div class=\"gallery-row\" style=\"width: 640px; height: 284px;\" data-original-width=\"640\" data-original-height=\"284\" > <div class=\"gallery-group images-1\" style=\"width: 427px; height: 284px;\" data-original-width=\"427\" data-original-height=\"284\" > <div class=\"tiled-gallery-item tiled-gallery-item-large\" itemprop=\"associatedMedia\" itemscope itemtype=\"http:\/\/schema.org\/ImageObject\"> <a href=\"https:\/\/eltrabajo.cl\/portal\/proyecto-parque-estero-culmina-sus-2-primeras-etapas-de-ejecucion-en-villa-las-acacias\/foto-6-gobernador-eduardo-leon\/\" border=\"0\" itemprop=\"url\"> <meta itemprop=\"width\" content=\"423\"> <meta itemprop=\"height\" content=\"280\"> <img decoding=\"async\" class=\"\" data-attachment-id=\"64767\" data-orig-file=\"https:\/\/eltrabajo.cl\/portal\/wp-content\/uploads\/2015\/12\/FOTO-6-Gobernador-Eduardo-Leon.jpg\" data-orig-size=\"530,350\" data-comments-opened=\"1\" data-image-meta=\"{&quot;aperture&quot;:&quot;0&quot;,&quot;credit&quot;:&quot;&quot;,&quot;camera&quot;:&quot;&quot;,&quot;caption&quot;:&quot;&quot;,&quot;created_timestamp&quot;:&quot;0&quot;,&quot;copyright&quot;:&quot;Copyright 2012&quot;,&quot;focal_length&quot;:&quot;0&quot;,&quot;iso&quot;:&quot;0&quot;,&quot;shutter_speed&quot;:&quot;0&quot;,&quot;title&quot;:&quot;&quot;,&quot;orientation&quot;:&quot;0&quot;}\" data-image-title=\"FOTO 6 Gobernador Eduardo Leon\" data-image-description=\"&lt;p&gt;Gobernador Eduardo Le\u00f3n, recorri\u00f3 Junto a vecinos y el subsecretario el Parque Borde Estero.&lt;\/p&gt; \" data-medium-file=\"https:\/\/i0.wp.com\/eltrabajo.cl\/portal\/wp-content\/uploads\/2015\/12\/FOTO-6-Gobernador-Eduardo-Leon.jpg?fit=300%2C198&#038;ssl=1\" data-large-file=\"https:\/\/i0.wp.com\/eltrabajo.cl\/portal\/wp-content\/uploads\/2015\/12\/FOTO-6-Gobernador-Eduardo-Leon.jpg?fit=530%2C350&#038;ssl=1\" src=\"https:\/\/i0.wp.com\/eltrabajo.cl\/portal\/wp-content\/uploads\/2015\/12\/FOTO-6-Gobernador-Eduardo-Leon.jpg?w=423&#038;h=280&#038;ssl=1\" srcset=\"https:\/\/i0.wp.com\/eltrabajo.cl\/portal\/wp-content\/uploads\/2015\/12\/FOTO-6-Gobernador-Eduardo-Leon.jpg?w=530&amp;ssl=1 530w, https:\/\/i0.wp.com\/eltrabajo.cl\/portal\/wp-content\/uploads\/2015\/12\/FOTO-6-Gobernador-Eduardo-Leon.jpg?resize=200%2C132&amp;ssl=1 200w, https:\/\/i0.wp.com\/eltrabajo.cl\/portal\/wp-content\/uploads\/2015\/12\/FOTO-6-Gobernador-Eduardo-Leon.jpg?resize=300%2C198&amp;ssl=1 300w, https:\/\/i0.wp.com\/eltrabajo.cl\/portal\/wp-content\/uploads\/2015\/12\/FOTO-6-Gobernador-Eduardo-Leon.jpg?resize=227%2C150&amp;ssl=1 227w, https:\/\/i0.wp.com\/eltrabajo.cl\/portal\/wp-content\/uploads\/2015\/12\/FOTO-6-Gobernador-Eduardo-Leon.jpg?resize=400%2C264&amp;ssl=1 400w\" width=\"423\" height=\"280\" loading=\"lazy\" data-original-width=\"423\" data-original-height=\"280\" itemprop=\"http:\/\/schema.org\/image\" title=\"FOTO 6 Gobernador Eduardo Leon\" alt=\"Gobernador Eduardo Le\u00f3n, recorri\u00f3 Junto a vecinos y el subsecretario el Parque Borde Estero.\" style=\"width: 423px; height: 280px;\" \/> <\/a> <div class=\"tiled-gallery-caption\" itemprop=\"caption description\"> Gobernador Eduardo Le\u00f3n, recorri\u00f3 Junto a vecinos y el subsecretario el Parque Borde Estero. <\/div> <\/div> <\/div> <!-- close group --> <div class=\"gallery-group images-2\" style=\"width: 213px; height: 284px;\" data-original-width=\"213\" data-original-height=\"284\" > <div class=\"tiled-gallery-item tiled-gallery-item-small\" itemprop=\"associatedMedia\" itemscope itemtype=\"http:\/\/schema.org\/ImageObject\"> <a href=\"https:\/\/eltrabajo.cl\/portal\/proyecto-parque-estero-culmina-sus-2-primeras-etapas-de-ejecucion-en-villa-las-acacias\/foto-4-subsecretario-de-vivienda-y-urbanismo-jaime-romero-alvarez\/\" border=\"0\" itemprop=\"url\"> <meta itemprop=\"width\" content=\"209\"> <meta itemprop=\"height\" content=\"138\"> <img decoding=\"async\" class=\"\" data-attachment-id=\"64765\" data-orig-file=\"https:\/\/eltrabajo.cl\/portal\/wp-content\/uploads\/2015\/12\/FOTO-4-Subsecretario-de-Vivienda-y-Urbanismo-Jaime-Romero-Alvarez.jpg\" data-orig-size=\"530,350\" data-comments-opened=\"1\" data-image-meta=\"{&quot;aperture&quot;:&quot;0&quot;,&quot;credit&quot;:&quot;&quot;,&quot;camera&quot;:&quot;&quot;,&quot;caption&quot;:&quot;&quot;,&quot;created_timestamp&quot;:&quot;0&quot;,&quot;copyright&quot;:&quot;Copyright 2012&quot;,&quot;focal_length&quot;:&quot;0&quot;,&quot;iso&quot;:&quot;0&quot;,&quot;shutter_speed&quot;:&quot;0&quot;,&quot;title&quot;:&quot;&quot;,&quot;orientation&quot;:&quot;0&quot;}\" data-image-title=\"FOTO 4 Subsecretario de Vivienda y Urbanismo Jaime Romero Alvarez\" data-image-description=\"&lt;p&gt;Subsecretario de Vivienda y Urbanismo Jaime Romero \u00c1lvarez.&lt;\/p&gt; \" data-medium-file=\"https:\/\/i0.wp.com\/eltrabajo.cl\/portal\/wp-content\/uploads\/2015\/12\/FOTO-4-Subsecretario-de-Vivienda-y-Urbanismo-Jaime-Romero-Alvarez.jpg?fit=300%2C198&#038;ssl=1\" data-large-file=\"https:\/\/i0.wp.com\/eltrabajo.cl\/portal\/wp-content\/uploads\/2015\/12\/FOTO-4-Subsecretario-de-Vivienda-y-Urbanismo-Jaime-Romero-Alvarez.jpg?fit=530%2C350&#038;ssl=1\" src=\"https:\/\/i0.wp.com\/eltrabajo.cl\/portal\/wp-content\/uploads\/2015\/12\/FOTO-4-Subsecretario-de-Vivienda-y-Urbanismo-Jaime-Romero-Alvarez.jpg?w=209&#038;h=138&#038;ssl=1\" srcset=\"https:\/\/i0.wp.com\/eltrabajo.cl\/portal\/wp-content\/uploads\/2015\/12\/FOTO-4-Subsecretario-de-Vivienda-y-Urbanismo-Jaime-Romero-Alvarez.jpg?w=530&amp;ssl=1 530w, https:\/\/i0.wp.com\/eltrabajo.cl\/portal\/wp-content\/uploads\/2015\/12\/FOTO-4-Subsecretario-de-Vivienda-y-Urbanismo-Jaime-Romero-Alvarez.jpg?resize=200%2C132&amp;ssl=1 200w, https:\/\/i0.wp.com\/eltrabajo.cl\/portal\/wp-content\/uploads\/2015\/12\/FOTO-4-Subsecretario-de-Vivienda-y-Urbanismo-Jaime-Romero-Alvarez.jpg?resize=300%2C198&amp;ssl=1 300w, https:\/\/i0.wp.com\/eltrabajo.cl\/portal\/wp-content\/uploads\/2015\/12\/FOTO-4-Subsecretario-de-Vivienda-y-Urbanismo-Jaime-Romero-Alvarez.jpg?resize=227%2C150&amp;ssl=1 227w, https:\/\/i0.wp.com\/eltrabajo.cl\/portal\/wp-content\/uploads\/2015\/12\/FOTO-4-Subsecretario-de-Vivienda-y-Urbanismo-Jaime-Romero-Alvarez.jpg?resize=400%2C264&amp;ssl=1 400w\" width=\"209\" height=\"138\" loading=\"lazy\" data-original-width=\"209\" data-original-height=\"138\" itemprop=\"http:\/\/schema.org\/image\" title=\"FOTO 4 Subsecretario de Vivienda y Urbanismo Jaime Romero Alvarez\" alt=\"Subsecretario de Vivienda y Urbanismo Jaime Romero \u00c1lvarez.\" style=\"width: 209px; height: 138px;\" \/> <\/a> <div class=\"tiled-gallery-caption\" itemprop=\"caption description\"> Subsecretario de Vivienda y Urbanismo Jaime Romero \u00c1lvarez. <\/div> <\/div> <div class=\"tiled-gallery-item tiled-gallery-item-small\" itemprop=\"associatedMedia\" itemscope itemtype=\"http:\/\/schema.org\/ImageObject\"> <a href=\"https:\/\/eltrabajo.cl\/portal\/proyecto-parque-estero-culmina-sus-2-primeras-etapas-de-ejecucion-en-villa-las-acacias\/foto-5-ingrid-lazo-presidente-del-consejo-vecinal-de-desarrollo-cvd-del-barrio-las-acacias\/\" border=\"0\" itemprop=\"url\"> <meta itemprop=\"width\" content=\"209\"> <meta itemprop=\"height\" content=\"138\"> <img decoding=\"async\" class=\"\" data-attachment-id=\"64766\" data-orig-file=\"https:\/\/eltrabajo.cl\/portal\/wp-content\/uploads\/2015\/12\/FOTO-5-Ingrid-Lazo-presidente-del-Consejo-Vecinal-de-Desarrollo-CVD-del-Barrio-Las-Acacias.jpg\" data-orig-size=\"530,350\" data-comments-opened=\"1\" data-image-meta=\"{&quot;aperture&quot;:&quot;0&quot;,&quot;credit&quot;:&quot;&quot;,&quot;camera&quot;:&quot;&quot;,&quot;caption&quot;:&quot;&quot;,&quot;created_timestamp&quot;:&quot;0&quot;,&quot;copyright&quot;:&quot;Copyright 2012&quot;,&quot;focal_length&quot;:&quot;0&quot;,&quot;iso&quot;:&quot;0&quot;,&quot;shutter_speed&quot;:&quot;0&quot;,&quot;title&quot;:&quot;&quot;,&quot;orientation&quot;:&quot;0&quot;}\" data-image-title=\"FOTO 5 Ingrid Lazo presidente del Consejo Vecinal de Desarrollo CVD del Barrio Las Acacias\" data-image-description=\"&lt;p&gt;Ingrid Lazo, presidente del Consejo Vecinal de Desarrollo, CVD, del Barrio Las Acacias.&lt;\/p&gt; \" data-medium-file=\"https:\/\/i0.wp.com\/eltrabajo.cl\/portal\/wp-content\/uploads\/2015\/12\/FOTO-5-Ingrid-Lazo-presidente-del-Consejo-Vecinal-de-Desarrollo-CVD-del-Barrio-Las-Acacias.jpg?fit=300%2C198&#038;ssl=1\" data-large-file=\"https:\/\/i0.wp.com\/eltrabajo.cl\/portal\/wp-content\/uploads\/2015\/12\/FOTO-5-Ingrid-Lazo-presidente-del-Consejo-Vecinal-de-Desarrollo-CVD-del-Barrio-Las-Acacias.jpg?fit=530%2C350&#038;ssl=1\" src=\"https:\/\/i0.wp.com\/eltrabajo.cl\/portal\/wp-content\/uploads\/2015\/12\/FOTO-5-Ingrid-Lazo-presidente-del-Consejo-Vecinal-de-Desarrollo-CVD-del-Barrio-Las-Acacias.jpg?w=209&#038;h=138&#038;ssl=1\" srcset=\"https:\/\/i0.wp.com\/eltrabajo.cl\/portal\/wp-content\/uploads\/2015\/12\/FOTO-5-Ingrid-Lazo-presidente-del-Consejo-Vecinal-de-Desarrollo-CVD-del-Barrio-Las-Acacias.jpg?w=530&amp;ssl=1 530w, https:\/\/i0.wp.com\/eltrabajo.cl\/portal\/wp-content\/uploads\/2015\/12\/FOTO-5-Ingrid-Lazo-presidente-del-Consejo-Vecinal-de-Desarrollo-CVD-del-Barrio-Las-Acacias.jpg?resize=200%2C132&amp;ssl=1 200w, https:\/\/i0.wp.com\/eltrabajo.cl\/portal\/wp-content\/uploads\/2015\/12\/FOTO-5-Ingrid-Lazo-presidente-del-Consejo-Vecinal-de-Desarrollo-CVD-del-Barrio-Las-Acacias.jpg?resize=300%2C198&amp;ssl=1 300w, https:\/\/i0.wp.com\/eltrabajo.cl\/portal\/wp-content\/uploads\/2015\/12\/FOTO-5-Ingrid-Lazo-presidente-del-Consejo-Vecinal-de-Desarrollo-CVD-del-Barrio-Las-Acacias.jpg?resize=227%2C150&amp;ssl=1 227w, https:\/\/i0.wp.com\/eltrabajo.cl\/portal\/wp-content\/uploads\/2015\/12\/FOTO-5-Ingrid-Lazo-presidente-del-Consejo-Vecinal-de-Desarrollo-CVD-del-Barrio-Las-Acacias.jpg?resize=400%2C264&amp;ssl=1 400w\" width=\"209\" height=\"138\" loading=\"lazy\" data-original-width=\"209\" data-original-height=\"138\" itemprop=\"http:\/\/schema.org\/image\" title=\"FOTO 5 Ingrid Lazo presidente del Consejo Vecinal de Desarrollo CVD del Barrio Las Acacias\" alt=\"Ingrid Lazo, presidente del Consejo Vecinal de Desarrollo, CVD, del Barrio Las Acacias.\" style=\"width: 209px; height: 138px;\" \/> <\/a> <div class=\"tiled-gallery-caption\" itemprop=\"caption description\"> Ingrid Lazo, presidente del Consejo Vecinal de Desarrollo, CVD, del Barrio Las Acacias. <\/div> <\/div> <\/div> <!-- close group --> <\/div> <!-- close row --> <div class=\"gallery-row\" style=\"width: 640px; height: 284px;\" data-original-width=\"640\" data-original-height=\"284\" > <div class=\"gallery-group images-2\" style=\"width: 213px; height: 284px;\" data-original-width=\"213\" data-original-height=\"284\" > <div class=\"tiled-gallery-item tiled-gallery-item-small\" itemprop=\"associatedMedia\" itemscope itemtype=\"http:\/\/schema.org\/ImageObject\"> <a href=\"https:\/\/eltrabajo.cl\/portal\/proyecto-parque-estero-culmina-sus-2-primeras-etapas-de-ejecucion-en-villa-las-acacias\/foto-7-mario-pena-presidente-de-la-junta-de-vecinos-las-acacias-primera-y-segunda-etapa\/\" border=\"0\" itemprop=\"url\"> <meta itemprop=\"width\" content=\"209\"> <meta itemprop=\"height\" content=\"137\"> <img decoding=\"async\" class=\"\" data-attachment-id=\"64768\" data-orig-file=\"https:\/\/eltrabajo.cl\/portal\/wp-content\/uploads\/2015\/12\/FOTO-7-Mario-Pena-Presidente-de-la-Junta-de-Vecinos-Las-Acacias-Primera-y-segunda-etapa.jpg\" data-orig-size=\"530,348\" data-comments-opened=\"1\" data-image-meta=\"{&quot;aperture&quot;:&quot;0&quot;,&quot;credit&quot;:&quot;&quot;,&quot;camera&quot;:&quot;&quot;,&quot;caption&quot;:&quot;&quot;,&quot;created_timestamp&quot;:&quot;0&quot;,&quot;copyright&quot;:&quot;Copyright 2012&quot;,&quot;focal_length&quot;:&quot;0&quot;,&quot;iso&quot;:&quot;0&quot;,&quot;shutter_speed&quot;:&quot;0&quot;,&quot;title&quot;:&quot;&quot;,&quot;orientation&quot;:&quot;0&quot;}\" data-image-title=\"FOTO 7 Mario Pena Presidente de la Junta de Vecinos Las Acacias Primera y segunda etapa\" data-image-description=\"&lt;p&gt;Mario Pe\u00f1a, Presidente de la Junta de Vecinos Las Acacias Primera y segunda etapa.&lt;\/p&gt; \" data-medium-file=\"https:\/\/i0.wp.com\/eltrabajo.cl\/portal\/wp-content\/uploads\/2015\/12\/FOTO-7-Mario-Pena-Presidente-de-la-Junta-de-Vecinos-Las-Acacias-Primera-y-segunda-etapa.jpg?fit=300%2C197&#038;ssl=1\" data-large-file=\"https:\/\/i0.wp.com\/eltrabajo.cl\/portal\/wp-content\/uploads\/2015\/12\/FOTO-7-Mario-Pena-Presidente-de-la-Junta-de-Vecinos-Las-Acacias-Primera-y-segunda-etapa.jpg?fit=530%2C348&#038;ssl=1\" src=\"https:\/\/i0.wp.com\/eltrabajo.cl\/portal\/wp-content\/uploads\/2015\/12\/FOTO-7-Mario-Pena-Presidente-de-la-Junta-de-Vecinos-Las-Acacias-Primera-y-segunda-etapa.jpg?w=209&#038;h=137&#038;ssl=1\" srcset=\"https:\/\/i0.wp.com\/eltrabajo.cl\/portal\/wp-content\/uploads\/2015\/12\/FOTO-7-Mario-Pena-Presidente-de-la-Junta-de-Vecinos-Las-Acacias-Primera-y-segunda-etapa.jpg?w=530&amp;ssl=1 530w, https:\/\/i0.wp.com\/eltrabajo.cl\/portal\/wp-content\/uploads\/2015\/12\/FOTO-7-Mario-Pena-Presidente-de-la-Junta-de-Vecinos-Las-Acacias-Primera-y-segunda-etapa.jpg?resize=200%2C131&amp;ssl=1 200w, https:\/\/i0.wp.com\/eltrabajo.cl\/portal\/wp-content\/uploads\/2015\/12\/FOTO-7-Mario-Pena-Presidente-de-la-Junta-de-Vecinos-Las-Acacias-Primera-y-segunda-etapa.jpg?resize=300%2C197&amp;ssl=1 300w, https:\/\/i0.wp.com\/eltrabajo.cl\/portal\/wp-content\/uploads\/2015\/12\/FOTO-7-Mario-Pena-Presidente-de-la-Junta-de-Vecinos-Las-Acacias-Primera-y-segunda-etapa.jpg?resize=228%2C150&amp;ssl=1 228w, https:\/\/i0.wp.com\/eltrabajo.cl\/portal\/wp-content\/uploads\/2015\/12\/FOTO-7-Mario-Pena-Presidente-de-la-Junta-de-Vecinos-Las-Acacias-Primera-y-segunda-etapa.jpg?resize=400%2C263&amp;ssl=1 400w\" width=\"209\" height=\"137\" loading=\"lazy\" data-original-width=\"209\" data-original-height=\"137\" itemprop=\"http:\/\/schema.org\/image\" title=\"FOTO 7 Mario Pena Presidente de la Junta de Vecinos Las Acacias Primera y segunda etapa\" alt=\"Mario Pe\u00f1a, Presidente de la Junta de Vecinos Las Acacias Primera y segunda etapa.\" style=\"width: 209px; height: 137px;\" \/> <\/a> <div class=\"tiled-gallery-caption\" itemprop=\"caption description\"> Mario Pe\u00f1a, Presidente de la Junta de Vecinos Las Acacias Primera y segunda etapa. <\/div> <\/div> <div class=\"tiled-gallery-item tiled-gallery-item-small\" itemprop=\"associatedMedia\" itemscope itemtype=\"http:\/\/schema.org\/ImageObject\"> <a href=\"https:\/\/eltrabajo.cl\/portal\/proyecto-parque-estero-culmina-sus-2-primeras-etapas-de-ejecucion-en-villa-las-acacias\/foto-1-parte-del-borde-estero-mirado-desde-pasaje-6-hacia-el-poniente-en-villa-las-acacias\/\" border=\"0\" itemprop=\"url\"> <meta itemprop=\"width\" content=\"209\"> <meta itemprop=\"height\" content=\"139\"> <img decoding=\"async\" class=\"\" data-attachment-id=\"64763\" data-orig-file=\"https:\/\/eltrabajo.cl\/portal\/wp-content\/uploads\/2015\/12\/FOTO-1-Parte-del-Borde-Estero-mirado-desde-pasaje-6-hacia-el-Poniente-en-Villa-Las-Acacias.jpg\" data-orig-size=\"528,350\" data-comments-opened=\"1\" data-image-meta=\"{&quot;aperture&quot;:&quot;0&quot;,&quot;credit&quot;:&quot;&quot;,&quot;camera&quot;:&quot;&quot;,&quot;caption&quot;:&quot;&quot;,&quot;created_timestamp&quot;:&quot;0&quot;,&quot;copyright&quot;:&quot;Copyright 2012&quot;,&quot;focal_length&quot;:&quot;0&quot;,&quot;iso&quot;:&quot;0&quot;,&quot;shutter_speed&quot;:&quot;0&quot;,&quot;title&quot;:&quot;&quot;,&quot;orientation&quot;:&quot;0&quot;}\" data-image-title=\"FOTO 1 Parte del Borde Estero mirado desde pasaje 6 hacia el Poniente en Villa Las Acacias\" data-image-description=\"&lt;p&gt;Parte del Borde Estero mirado desde pasaje 6 hacia el Poniente en Villa Las Acacias.&lt;\/p&gt; \" data-medium-file=\"https:\/\/i0.wp.com\/eltrabajo.cl\/portal\/wp-content\/uploads\/2015\/12\/FOTO-1-Parte-del-Borde-Estero-mirado-desde-pasaje-6-hacia-el-Poniente-en-Villa-Las-Acacias.jpg?fit=300%2C199&#038;ssl=1\" data-large-file=\"https:\/\/i0.wp.com\/eltrabajo.cl\/portal\/wp-content\/uploads\/2015\/12\/FOTO-1-Parte-del-Borde-Estero-mirado-desde-pasaje-6-hacia-el-Poniente-en-Villa-Las-Acacias.jpg?fit=528%2C350&#038;ssl=1\" src=\"https:\/\/i0.wp.com\/eltrabajo.cl\/portal\/wp-content\/uploads\/2015\/12\/FOTO-1-Parte-del-Borde-Estero-mirado-desde-pasaje-6-hacia-el-Poniente-en-Villa-Las-Acacias.jpg?w=209&#038;h=139&#038;ssl=1\" srcset=\"https:\/\/i0.wp.com\/eltrabajo.cl\/portal\/wp-content\/uploads\/2015\/12\/FOTO-1-Parte-del-Borde-Estero-mirado-desde-pasaje-6-hacia-el-Poniente-en-Villa-Las-Acacias.jpg?w=528&amp;ssl=1 528w, https:\/\/i0.wp.com\/eltrabajo.cl\/portal\/wp-content\/uploads\/2015\/12\/FOTO-1-Parte-del-Borde-Estero-mirado-desde-pasaje-6-hacia-el-Poniente-en-Villa-Las-Acacias.jpg?resize=200%2C133&amp;ssl=1 200w, https:\/\/i0.wp.com\/eltrabajo.cl\/portal\/wp-content\/uploads\/2015\/12\/FOTO-1-Parte-del-Borde-Estero-mirado-desde-pasaje-6-hacia-el-Poniente-en-Villa-Las-Acacias.jpg?resize=300%2C199&amp;ssl=1 300w, https:\/\/i0.wp.com\/eltrabajo.cl\/portal\/wp-content\/uploads\/2015\/12\/FOTO-1-Parte-del-Borde-Estero-mirado-desde-pasaje-6-hacia-el-Poniente-en-Villa-Las-Acacias.jpg?resize=226%2C150&amp;ssl=1 226w, https:\/\/i0.wp.com\/eltrabajo.cl\/portal\/wp-content\/uploads\/2015\/12\/FOTO-1-Parte-del-Borde-Estero-mirado-desde-pasaje-6-hacia-el-Poniente-en-Villa-Las-Acacias.jpg?resize=400%2C265&amp;ssl=1 400w\" width=\"209\" height=\"139\" loading=\"lazy\" data-original-width=\"209\" data-original-height=\"139\" itemprop=\"http:\/\/schema.org\/image\" title=\"FOTO 1 Parte del Borde Estero mirado desde pasaje 6 hacia el Poniente en Villa Las Acacias\" alt=\"Parte del Borde Estero mirado desde pasaje 6 hacia el Poniente en Villa Las Acacias.\" style=\"width: 209px; height: 139px;\" \/> <\/a> <div class=\"tiled-gallery-caption\" itemprop=\"caption description\"> Parte del Borde Estero mirado desde pasaje 6 hacia el Poniente en Villa Las Acacias. <\/div> <\/div> <\/div> <!-- close group --> <div class=\"gallery-group images-1\" style=\"width: 427px; height: 284px;\" data-original-width=\"427\" data-original-height=\"284\" > <div class=\"tiled-gallery-item tiled-gallery-item-large\" itemprop=\"associatedMedia\" itemscope itemtype=\"http:\/\/schema.org\/ImageObject\"> <a href=\"https:\/\/eltrabajo.cl\/portal\/proyecto-parque-estero-culmina-sus-2-primeras-etapas-de-ejecucion-en-villa-las-acacias\/foto-3-parte-del-borde-estero-mirado-desde-calle-uno-hacia-el-oriente-en-villa-las-acacias\/\" border=\"0\" itemprop=\"url\"> <meta itemprop=\"width\" content=\"423\"> <meta itemprop=\"height\" content=\"280\"> <img decoding=\"async\" class=\"\" data-attachment-id=\"64764\" data-orig-file=\"https:\/\/eltrabajo.cl\/portal\/wp-content\/uploads\/2015\/12\/FOTO-3-Parte-del-Borde-Estero-mirado-desde-calle-uno-hacia-el-Oriente-en-Villa-Las-Acacias.jpg\" data-orig-size=\"528,350\" data-comments-opened=\"1\" data-image-meta=\"{&quot;aperture&quot;:&quot;0&quot;,&quot;credit&quot;:&quot;&quot;,&quot;camera&quot;:&quot;&quot;,&quot;caption&quot;:&quot;&quot;,&quot;created_timestamp&quot;:&quot;0&quot;,&quot;copyright&quot;:&quot;Copyright 2012&quot;,&quot;focal_length&quot;:&quot;0&quot;,&quot;iso&quot;:&quot;0&quot;,&quot;shutter_speed&quot;:&quot;0&quot;,&quot;title&quot;:&quot;&quot;,&quot;orientation&quot;:&quot;0&quot;}\" data-image-title=\"FOTO 3 Parte del Borde Estero mirado desde calle uno hacia el Oriente en Villa Las Acacias\" data-image-description=\"&lt;p&gt;Parte del Borde Estero mirado desde calle uno hacia el Oriente en Villa Las Acacias.&lt;\/p&gt; \" data-medium-file=\"https:\/\/i0.wp.com\/eltrabajo.cl\/portal\/wp-content\/uploads\/2015\/12\/FOTO-3-Parte-del-Borde-Estero-mirado-desde-calle-uno-hacia-el-Oriente-en-Villa-Las-Acacias.jpg?fit=300%2C199&#038;ssl=1\" data-large-file=\"https:\/\/i0.wp.com\/eltrabajo.cl\/portal\/wp-content\/uploads\/2015\/12\/FOTO-3-Parte-del-Borde-Estero-mirado-desde-calle-uno-hacia-el-Oriente-en-Villa-Las-Acacias.jpg?fit=528%2C350&#038;ssl=1\" src=\"https:\/\/i0.wp.com\/eltrabajo.cl\/portal\/wp-content\/uploads\/2015\/12\/FOTO-3-Parte-del-Borde-Estero-mirado-desde-calle-uno-hacia-el-Oriente-en-Villa-Las-Acacias.jpg?w=423&#038;h=280&#038;ssl=1\" srcset=\"https:\/\/i0.wp.com\/eltrabajo.cl\/portal\/wp-content\/uploads\/2015\/12\/FOTO-3-Parte-del-Borde-Estero-mirado-desde-calle-uno-hacia-el-Oriente-en-Villa-Las-Acacias.jpg?w=528&amp;ssl=1 528w, https:\/\/i0.wp.com\/eltrabajo.cl\/portal\/wp-content\/uploads\/2015\/12\/FOTO-3-Parte-del-Borde-Estero-mirado-desde-calle-uno-hacia-el-Oriente-en-Villa-Las-Acacias.jpg?resize=200%2C133&amp;ssl=1 200w, https:\/\/i0.wp.com\/eltrabajo.cl\/portal\/wp-content\/uploads\/2015\/12\/FOTO-3-Parte-del-Borde-Estero-mirado-desde-calle-uno-hacia-el-Oriente-en-Villa-Las-Acacias.jpg?resize=300%2C199&amp;ssl=1 300w, https:\/\/i0.wp.com\/eltrabajo.cl\/portal\/wp-content\/uploads\/2015\/12\/FOTO-3-Parte-del-Borde-Estero-mirado-desde-calle-uno-hacia-el-Oriente-en-Villa-Las-Acacias.jpg?resize=226%2C150&amp;ssl=1 226w, https:\/\/i0.wp.com\/eltrabajo.cl\/portal\/wp-content\/uploads\/2015\/12\/FOTO-3-Parte-del-Borde-Estero-mirado-desde-calle-uno-hacia-el-Oriente-en-Villa-Las-Acacias.jpg?resize=400%2C265&amp;ssl=1 400w\" width=\"423\" height=\"280\" loading=\"lazy\" data-original-width=\"423\" data-original-height=\"280\" itemprop=\"http:\/\/schema.org\/image\" title=\"FOTO 3 Parte del Borde Estero mirado desde calle uno hacia el Oriente en Villa Las Acacias\" alt=\"Parte del Borde Estero mirado desde calle uno hacia el Oriente en Villa Las Acacias.\" style=\"width: 423px; height: 280px;\" \/> <\/a> <div class=\"tiled-gallery-caption\" itemprop=\"caption description\"> Parte del Borde Estero mirado desde calle uno hacia el Oriente en Villa Las Acacias. <\/div> <\/div> <\/div> <!-- close group --> <\/div> <!-- close row --> <\/div>\n","protected":false},"excerpt":{"rendered":"<p>Autoridades locales y vecinos mostraron completa satisfacci\u00f3n al ver transformado un espacio que hace unos a\u00f1os funcionaba como basural clandestino, en un lugar de encuentro familiar y recreaci\u00f3n. Satisfacci\u00f3n y felicidad se&#8230;<\/p>\n","protected":false},"author":482,"featured_media":64762,"comment_status":"open","ping_status":"open","sticky":false,"template":"","format":"standard","meta":{"advanced_seo_description":"","jetpack_seo_html_title":"","jetpack_seo_noindex":false,"_jetpack_memberships_contains_paid_content":false,"footnotes":""},"categories":[15],"tags":[],"class_list":["post-64761","post","type-post","status-publish","format-standard","has-post-thumbnail","hentry","category-comunidad"],"jetpack_featured_media_url":"https:\/\/i0.wp.com\/eltrabajo.cl\/portal\/wp-content\/uploads\/2015\/12\/FOTO-2-Alcalde-de-San-Felipe-Patricio-Freire-junto-algunas-vecinas-del-sector.jpg?fit=528%2C350&ssl=1","jetpack_sharing_enabled":true,"jetpack_likes_enabled":true,"jetpack-related-posts":[],"_links":{"self":[{"href":"https:\/\/eltrabajo.cl\/portal\/wp-json\/wp\/v2\/posts\/64761","targetHints":{"allow":["GET"]}}],"collection":[{"href":"https:\/\/eltrabajo.cl\/portal\/wp-json\/wp\/v2\/posts"}],"about":[{"href":"https:\/\/eltrabajo.cl\/portal\/wp-json\/wp\/v2\/types\/post"}],"author":[{"embeddable":true,"href":"https:\/\/eltrabajo.cl\/portal\/wp-json\/wp\/v2\/users\/482"}],"replies":[{"embeddable":true,"href":"https:\/\/eltrabajo.cl\/portal\/wp-json\/wp\/v2\/comments?post=64761"}],"version-history":[{"count":0,"href":"https:\/\/eltrabajo.cl\/portal\/wp-json\/wp\/v2\/posts\/64761\/revisions"}],"wp:featuredmedia":[{"embeddable":true,"href":"https:\/\/eltrabajo.cl\/portal\/wp-json\/wp\/v2\/media\/64762"}],"wp:attachment":[{"href":"https:\/\/eltrabajo.cl\/portal\/wp-json\/wp\/v2\/media?parent=64761"}],"wp:term":[{"taxonomy":"category","embeddable":true,"href":"https:\/\/eltrabajo.cl\/portal\/wp-json\/wp\/v2\/categories?post=64761"},{"taxonomy":"post_tag","embeddable":true,"href":"https:\/\/eltrabajo.cl\/portal\/wp-json\/wp\/v2\/tags?post=64761"}],"curies":[{"name":"wp","href":"https:\/\/api.w.org\/{rel}","templated":true}]}}