{"id":64770,"date":"2015-12-14T15:05:09","date_gmt":"2015-12-14T18:05:09","guid":{"rendered":"http:\/\/www.eltrabajo.cl\/portal\/?p=64770"},"modified":"2015-12-14T15:05:09","modified_gmt":"2015-12-14T18:05:09","slug":"esterilizan-mil-mascotas-gracias-a-programa-de-tenencia-responsable","status":"publish","type":"post","link":"https:\/\/eltrabajo.cl\/portal\/esterilizan-mil-mascotas-gracias-a-programa-de-tenencia-responsable\/","title":{"rendered":"Esterilizan mil mascotas gracias a programa de Tenencia Responsable"},"content":{"rendered":"<figure id=\"attachment_64771\" aria-describedby=\"caption-attachment-64771\" style=\"width: 300px\" class=\"wp-caption alignleft\"><img data-recalc-dims=\"1\" loading=\"lazy\" decoding=\"async\" class=\"wp-image-64771 size-medium\" src=\"https:\/\/i0.wp.com\/www.eltrabajo.cl\/portal\/wp-content\/uploads\/2015\/12\/meta-cumplida-300x197.jpg?resize=300%2C197\" alt=\"Junto al alcalde Patricio Freire, vecinos de villa Argelia que participaron del cierre de la campa\u00f1a de esterilizaci\u00f3n de mascotas, impulsada por la Municipalidad de San Felipe.\" width=\"300\" height=\"197\" srcset=\"https:\/\/i0.wp.com\/eltrabajo.cl\/portal\/wp-content\/uploads\/2015\/12\/meta-cumplida.jpg?resize=300%2C197&amp;ssl=1 300w, https:\/\/i0.wp.com\/eltrabajo.cl\/portal\/wp-content\/uploads\/2015\/12\/meta-cumplida.jpg?resize=200%2C131&amp;ssl=1 200w, https:\/\/i0.wp.com\/eltrabajo.cl\/portal\/wp-content\/uploads\/2015\/12\/meta-cumplida.jpg?resize=228%2C150&amp;ssl=1 228w, https:\/\/i0.wp.com\/eltrabajo.cl\/portal\/wp-content\/uploads\/2015\/12\/meta-cumplida.jpg?resize=400%2C263&amp;ssl=1 400w, https:\/\/i0.wp.com\/eltrabajo.cl\/portal\/wp-content\/uploads\/2015\/12\/meta-cumplida.jpg?w=530&amp;ssl=1 530w\" sizes=\"auto, (max-width: 300px) 100vw, 300px\" \/><figcaption id=\"caption-attachment-64771\" class=\"wp-caption-text\">Junto al alcalde Patricio Freire, vecinos de villa Argelia que participaron del cierre de la campa\u00f1a de esterilizaci\u00f3n de mascotas, impulsada por la Municipalidad de San Felipe.<\/figcaption><\/figure>\n<ul>\n<li><strong>Iniciativa culmin\u00f3 exitosamente llegando a la meta de animales esterilizados en distintos sectores de la comuna.<\/strong><\/li>\n<\/ul>\n<p>Un \u00e9xito result\u00f3 el programa de esterilizaci\u00f3n de animales de compa\u00f1\u00eda llevado adelante por el municipio de San Felipe, durante este a\u00f1o y que logr\u00f3 esterilizar mil mascotas.<br \/>\nLa \u00faltima jornada de esterilizaci\u00f3n se realiz\u00f3 este domingo 13 de diciembre en la villa Argelia, donde, tal como ocurri\u00f3 en todas las sedes sociales llegaron m\u00e1s de 60 vecinos con sus mascotas, tanto perros como gatos para ser esterilizados.<br \/>\nEn la oportunidad el alcalde Patricio Freire agradeci\u00f3 la confianza de los vecinos al participar en este programa, que comenz\u00f3 como una iniciativa municipal y con recursos aportados por el municipio y que continu\u00f3 a mediados de a\u00f1o con el apoyo a nivel nacional de la Subdere con recursos que alcanzaron los 21 millones de pesos.<br \/>\n\u201cLlegamos a los mil animales esterilizados, una meta que nos propusimos y que junto a los vecinos y a los animalistas logramos alcanzar. S\u00e9 que todav\u00eda quedan animales por esterilizar, por ello ya pensamos en postular a una segunda etapa del programa, lograr los recursos y continuar con esta iniciativa que busca apoyar a los due\u00f1os de mascotas que no pueden acceder a esta operaci\u00f3n de manera particular\u201d, dijo el alcalde Patricio Freire.<br \/>\nDurante estos \u00faltimos meses se esterilizaron mil mascotas en distintos sectores de la comuna y para ello los profesionales acompa\u00f1ados de la agrupaci\u00f3n \u2018Esteriliza no abandones\u2019 se trasladaron por distintas sedes comunitarias con previa inscripci\u00f3n de los animalitos, proceso que fue totalmente positivo.<br \/>\n\u201cEstamos muy contentos y con el coraz\u00f3n llenito de energ\u00eda para hacer cosas positivas por los animales. Agradecemos al Alcalde porque ha hecho una gran gesti\u00f3n y este es un primer paso de muchas cosas que se pueden hacer para que este pa\u00eds crezca en temas de calidad humana\u201d, se\u00f1al\u00f3 Monserrat Gallardo, presidenta de la agrupaci\u00f3n animalista.<br \/>\nEl alcalde Freire agradeci\u00f3 el apoyo de \u2018Esteriliza no abandones\u2019, que trabaj\u00f3 en forma conjunta con el municipio, lo que permiti\u00f3 realizar un trabajo concreto e in\u00e9dito en la comuna de San Felipe, cumpliendo as\u00ed uno de los ejes de trabajo de la gesti\u00f3n del jefe comunal.<br \/>\nRodrigo Llanos, presidente de la Junta de Vecinos de la villa Argelia agradeci\u00f3 y valor\u00f3 la realizaci\u00f3n de esta campa\u00f1a de esterilizaci\u00f3n, se\u00f1alando que \u201ces bastante importante este proyecto y que sea beneficioso para todos los vecinos y no s\u00f3lo para el sector de villa Argelia, porque incluso de El Almendral han llegado, de la Troya tambi\u00e9n han tra\u00eddo su mascota y a las 10 de la ma\u00f1ana ya ten\u00edamos los cupos copados, el inter\u00e9s de los vecinos por cuidar a sus mascotas es muy importante y sobre todo que es gratuito, algo importante porque muchas personas no cuentan con los medios suficientes\u201d.<\/p>\n","protected":false},"excerpt":{"rendered":"<p>Iniciativa culmin\u00f3 exitosamente llegando a la meta de animales esterilizados en distintos sectores de la comuna. Un \u00e9xito result\u00f3 el programa de esterilizaci\u00f3n de animales de compa\u00f1\u00eda llevado adelante por el municipio&#8230;<\/p>\n","protected":false},"author":482,"featured_media":64771,"comment_status":"open","ping_status":"open","sticky":false,"template":"","format":"standard","meta":{"advanced_seo_description":"","jetpack_seo_html_title":"","jetpack_seo_noindex":false,"_jetpack_memberships_contains_paid_content":false,"footnotes":""},"categories":[1],"tags":[],"class_list":["post-64770","post","type-post","status-publish","format-standard","has-post-thumbnail","hentry","category-cronica"],"jetpack_featured_media_url":"https:\/\/i0.wp.com\/eltrabajo.cl\/portal\/wp-content\/uploads\/2015\/12\/meta-cumplida.jpg?fit=530%2C348&ssl=1","jetpack_sharing_enabled":true,"jetpack_likes_enabled":true,"jetpack-related-posts":[],"_links":{"self":[{"href":"https:\/\/eltrabajo.cl\/portal\/wp-json\/wp\/v2\/posts\/64770","targetHints":{"allow":["GET"]}}],"collection":[{"href":"https:\/\/eltrabajo.cl\/portal\/wp-json\/wp\/v2\/posts"}],"about":[{"href":"https:\/\/eltrabajo.cl\/portal\/wp-json\/wp\/v2\/types\/post"}],"author":[{"embeddable":true,"href":"https:\/\/eltrabajo.cl\/portal\/wp-json\/wp\/v2\/users\/482"}],"replies":[{"embeddable":true,"href":"https:\/\/eltrabajo.cl\/portal\/wp-json\/wp\/v2\/comments?post=64770"}],"version-history":[{"count":0,"href":"https:\/\/eltrabajo.cl\/portal\/wp-json\/wp\/v2\/posts\/64770\/revisions"}],"wp:featuredmedia":[{"embeddable":true,"href":"https:\/\/eltrabajo.cl\/portal\/wp-json\/wp\/v2\/media\/64771"}],"wp:attachment":[{"href":"https:\/\/eltrabajo.cl\/portal\/wp-json\/wp\/v2\/media?parent=64770"}],"wp:term":[{"taxonomy":"category","embeddable":true,"href":"https:\/\/eltrabajo.cl\/portal\/wp-json\/wp\/v2\/categories?post=64770"},{"taxonomy":"post_tag","embeddable":true,"href":"https:\/\/eltrabajo.cl\/portal\/wp-json\/wp\/v2\/tags?post=64770"}],"curies":[{"name":"wp","href":"https:\/\/api.w.org\/{rel}","templated":true}]}}