{"id":64773,"date":"2015-12-14T15:07:50","date_gmt":"2015-12-14T18:07:50","guid":{"rendered":"http:\/\/www.eltrabajo.cl\/portal\/?p=64773"},"modified":"2015-12-14T15:07:50","modified_gmt":"2015-12-14T18:07:50","slug":"recuperan-camion-robado-con-millonario-cargamento-de-cobre-en-la-cuesta-las-chilcas","status":"publish","type":"post","link":"https:\/\/eltrabajo.cl\/portal\/recuperan-camion-robado-con-millonario-cargamento-de-cobre-en-la-cuesta-las-chilcas\/","title":{"rendered":"Recuperan cami\u00f3n robado con millonario cargamento de cobre en la cuesta Las Chilcas"},"content":{"rendered":"<figure id=\"attachment_64774\" aria-describedby=\"caption-attachment-64774\" style=\"width: 300px\" class=\"wp-caption alignleft\"><img data-recalc-dims=\"1\" loading=\"lazy\" decoding=\"async\" class=\"wp-image-64774 size-medium\" src=\"https:\/\/i0.wp.com\/www.eltrabajo.cl\/portal\/wp-content\/uploads\/2015\/12\/Laminas-cobre-300x197.jpg?resize=300%2C197\" alt=\"El cami\u00f3n recuperado por la Brigada de Robos de la PDI de Los Andes, transportaba 28 toneladas de c\u00e1todos de cobre avaluados en casi 400 millones de pesos.\" width=\"300\" height=\"197\" srcset=\"https:\/\/i0.wp.com\/eltrabajo.cl\/portal\/wp-content\/uploads\/2015\/12\/Laminas-cobre.jpg?resize=300%2C197&amp;ssl=1 300w, https:\/\/i0.wp.com\/eltrabajo.cl\/portal\/wp-content\/uploads\/2015\/12\/Laminas-cobre.jpg?resize=200%2C131&amp;ssl=1 200w, https:\/\/i0.wp.com\/eltrabajo.cl\/portal\/wp-content\/uploads\/2015\/12\/Laminas-cobre.jpg?resize=228%2C150&amp;ssl=1 228w, https:\/\/i0.wp.com\/eltrabajo.cl\/portal\/wp-content\/uploads\/2015\/12\/Laminas-cobre.jpg?resize=400%2C263&amp;ssl=1 400w, https:\/\/i0.wp.com\/eltrabajo.cl\/portal\/wp-content\/uploads\/2015\/12\/Laminas-cobre.jpg?w=530&amp;ssl=1 530w\" sizes=\"auto, (max-width: 300px) 100vw, 300px\" \/><figcaption id=\"caption-attachment-64774\" class=\"wp-caption-text\">El cami\u00f3n recuperado por la Brigada de Robos de la PDI de Los Andes, transportaba 28 toneladas de c\u00e1todos de cobre avaluados en casi 400 millones de pesos.<\/figcaption><\/figure>\n<ul>\n<li><strong>Chofer fue intimidado con armas de fuego por los asaltantes.<\/strong><\/li>\n<\/ul>\n<p><strong>LOS ANDES.<\/strong>&#8211; La Brigada de Robos de la PDI de Los Andes logr\u00f3 recuperar en el sector de la cuesta Las Chilcas un cami\u00f3n que fue robado el pasado lunes en la ruta 5 norte, el que transportaba 28 toneladas de c\u00e1todos de cobre avaluados en casi 400 millones de pesos.<br \/>\nEl Jefe de esa unidad policial, Comisario Carlos Alegr\u00eda, indic\u00f3 que el veh\u00edculo transportaba l\u00e1minas de cobre desde Copiap\u00f3 a la fundici\u00f3n Ventanas y en las inmediaciones de Catapilco fue interceptado por sujetos premunidos de armas de fuego que intimidaron al conductor y tras maniatarlo lo llevaron hasta el sector de Cachagua donde lo abandonaron.<br \/>\nPosteriormente se llevaron el cami\u00f3n en direcci\u00f3n a la regi\u00f3n Metropolitana, siendo abandonado por alguna raz\u00f3n en la misma ruta 5, sector Las Chilcas.<br \/>\nEl Comisario Alegr\u00eda se\u00f1al\u00f3 que el acoplado manten\u00eda toda su carga y se est\u00e1n llevando adelante diligencia para poder identificar a esta banda que estar\u00eda operando en el sector de la Quinta Regi\u00f3n de la ruta 5 norte.<br \/>\nAdem\u00e1s est\u00e1n tratando de ligar este robo con otros asaltos a camiones que se han producido en los \u00faltimos meses en la zona.<br \/>\nAgreg\u00f3 que por el momento no hay detenido, pero se espera que hayan resultados positivos pr\u00f3ximamente.<\/p>\n","protected":false},"excerpt":{"rendered":"<p>Chofer fue intimidado con armas de fuego por los asaltantes. LOS ANDES.&#8211; La Brigada de Robos de la PDI de Los Andes logr\u00f3 recuperar en el sector de la cuesta Las Chilcas&#8230;<\/p>\n","protected":false},"author":482,"featured_media":64774,"comment_status":"open","ping_status":"open","sticky":false,"template":"","format":"standard","meta":{"advanced_seo_description":"","jetpack_seo_html_title":"","jetpack_seo_noindex":false,"_jetpack_memberships_contains_paid_content":false,"footnotes":""},"categories":[21],"tags":[],"class_list":["post-64773","post","type-post","status-publish","format-standard","has-post-thumbnail","hentry","category-policial"],"jetpack_featured_media_url":"https:\/\/i0.wp.com\/eltrabajo.cl\/portal\/wp-content\/uploads\/2015\/12\/Laminas-cobre.jpg?fit=530%2C348&ssl=1","jetpack_sharing_enabled":true,"jetpack_likes_enabled":true,"jetpack-related-posts":[],"_links":{"self":[{"href":"https:\/\/eltrabajo.cl\/portal\/wp-json\/wp\/v2\/posts\/64773","targetHints":{"allow":["GET"]}}],"collection":[{"href":"https:\/\/eltrabajo.cl\/portal\/wp-json\/wp\/v2\/posts"}],"about":[{"href":"https:\/\/eltrabajo.cl\/portal\/wp-json\/wp\/v2\/types\/post"}],"author":[{"embeddable":true,"href":"https:\/\/eltrabajo.cl\/portal\/wp-json\/wp\/v2\/users\/482"}],"replies":[{"embeddable":true,"href":"https:\/\/eltrabajo.cl\/portal\/wp-json\/wp\/v2\/comments?post=64773"}],"version-history":[{"count":0,"href":"https:\/\/eltrabajo.cl\/portal\/wp-json\/wp\/v2\/posts\/64773\/revisions"}],"wp:featuredmedia":[{"embeddable":true,"href":"https:\/\/eltrabajo.cl\/portal\/wp-json\/wp\/v2\/media\/64774"}],"wp:attachment":[{"href":"https:\/\/eltrabajo.cl\/portal\/wp-json\/wp\/v2\/media?parent=64773"}],"wp:term":[{"taxonomy":"category","embeddable":true,"href":"https:\/\/eltrabajo.cl\/portal\/wp-json\/wp\/v2\/categories?post=64773"},{"taxonomy":"post_tag","embeddable":true,"href":"https:\/\/eltrabajo.cl\/portal\/wp-json\/wp\/v2\/tags?post=64773"}],"curies":[{"name":"wp","href":"https:\/\/api.w.org\/{rel}","templated":true}]}}