{"id":64776,"date":"2015-12-14T15:09:07","date_gmt":"2015-12-14T18:09:07","guid":{"rendered":"http:\/\/www.eltrabajo.cl\/portal\/?p=64776"},"modified":"2015-12-14T15:09:07","modified_gmt":"2015-12-14T18:09:07","slug":"desvalijan-vivienda-en-santa-maria-aprovechando-que-sus-propietarios-no-estaban","status":"publish","type":"post","link":"https:\/\/eltrabajo.cl\/portal\/desvalijan-vivienda-en-santa-maria-aprovechando-que-sus-propietarios-no-estaban\/","title":{"rendered":"Desvalijan vivienda en Santa Mar\u00eda aprovechando que sus propietarios no estaban"},"content":{"rendered":"<figure id=\"attachment_64777\" aria-describedby=\"caption-attachment-64777\" style=\"width: 300px\" class=\"wp-caption alignleft\"><img data-recalc-dims=\"1\" loading=\"lazy\" decoding=\"async\" class=\"wp-image-64777 size-medium\" src=\"https:\/\/i0.wp.com\/www.eltrabajo.cl\/portal\/wp-content\/uploads\/2015\/12\/DETENIDOS-SANTA-MARIA-copia-300x197.jpg?resize=300%2C197\" alt=\"Los tres antisociales fueron capturados por Carabineros al interior de un departamento con las especies robadas desde una vivienda de la villa Los Aromos de Santa Mar\u00eda.\" width=\"300\" height=\"197\" srcset=\"https:\/\/i0.wp.com\/eltrabajo.cl\/portal\/wp-content\/uploads\/2015\/12\/DETENIDOS-SANTA-MARIA-copia.jpg?resize=300%2C197&amp;ssl=1 300w, https:\/\/i0.wp.com\/eltrabajo.cl\/portal\/wp-content\/uploads\/2015\/12\/DETENIDOS-SANTA-MARIA-copia.jpg?resize=200%2C131&amp;ssl=1 200w, https:\/\/i0.wp.com\/eltrabajo.cl\/portal\/wp-content\/uploads\/2015\/12\/DETENIDOS-SANTA-MARIA-copia.jpg?resize=228%2C150&amp;ssl=1 228w, https:\/\/i0.wp.com\/eltrabajo.cl\/portal\/wp-content\/uploads\/2015\/12\/DETENIDOS-SANTA-MARIA-copia.jpg?resize=400%2C263&amp;ssl=1 400w, https:\/\/i0.wp.com\/eltrabajo.cl\/portal\/wp-content\/uploads\/2015\/12\/DETENIDOS-SANTA-MARIA-copia.jpg?w=530&amp;ssl=1 530w\" sizes=\"auto, (max-width: 300px) 100vw, 300px\" \/><figcaption id=\"caption-attachment-64777\" class=\"wp-caption-text\">Los tres antisociales fueron capturados por Carabineros al interior de un departamento con las especies robadas desde una vivienda de la villa Los Aromos de Santa Mar\u00eda.<\/figcaption><\/figure>\n<ul>\n<li><strong>Carabineros de la Tenencia de Santa Mar\u00eda recuperaron parte de las especies avaluadas en un mill\u00f3n y medio de pesos que fueron robadas desde una vivienda de la villa Los Aromos de esa localidad. Tres sujetos fueron detenidos entre ellos un menor de s\u00f3lo 15 a\u00f1os.<\/strong><\/li>\n<\/ul>\n<p>Por el delito de robo en lugar habitado, fueron formalizados por la Fiscal\u00eda tres sujetos, entre ellos un adolescente de 15 a\u00f1os, tras haber sido detenidos manteniendo una gran cantidad de especies sustra\u00eddas minutos antes desde una vivienda vecina perteneciente a la villa Los Aromos de Santa Mar\u00eda, a la cual habr\u00edan ingresado aprovechando la ausencia de sus moradores.<br \/>\nEl delito se produjo en horas de la noche del pasado jueves, cuando un testigo habr\u00eda advertido los movimientos de los tres antisociales que irrumpieron en la vivienda afectada escalando la reja de cierre perimetral. En cuesti\u00f3n de segundos los sujetos se apoderaron de dos notebook, una c\u00e1mara fotogr\u00e1fica, un par de zapatillas, un secador, una m\u00e1quina para cortar el pelo y joyas de oro y plata. Especies que fueron avaluadas en un mill\u00f3n y medio de pesos.<br \/>\nTras cometer el delito, los sujetos escaparon en direcci\u00f3n a un departamento a metros del lugar de los hechos para ocultar las especies, lugar donde concurri\u00f3 Carabineros gracias a la informaci\u00f3n proporcionada por el testigo, incautando gran parte de lo sustra\u00eddo adem\u00e1s de confiscar un arma a fogueo marca Bruni con 20 cartuchos sin percutar.<br \/>\nLos detenidos fueron identificados Jos\u00e9 Agust\u00edn Angulo Hormazabal de 21 a\u00f1os y su hermano C.A.A.H. de 15 a\u00f1os de edad, ambos provenientes de la Regi\u00f3n Metropolitana. En tanto Jorge Jonathan Torrales Hormazabal de 22, primo de los dos antes mencionados, registra domicilio en la comuna de Santa Mar\u00eda.<br \/>\nLos tres imputados fueron sometidos a control de detenci\u00f3n en el Juzgado de Garant\u00eda de San Felipe para ser formalizados por la Fiscal\u00eda por el delito de robo en lugar habitado. El Tribunal asign\u00f3 cautelares de firma quincenal, prohibici\u00f3n de acercarse a la v\u00edctima y arraigo nacional por un plazo de 60 d\u00edas. Al t\u00e9rmino de la audiencia, los detenidos recuperaron su libertad.<br \/>\n<strong>Pablo Salinas Sald\u00edas<\/strong><\/p>\n","protected":false},"excerpt":{"rendered":"<p>Carabineros de la Tenencia de Santa Mar\u00eda recuperaron parte de las especies avaluadas en un mill\u00f3n y medio de pesos que fueron robadas desde una vivienda de la villa Los Aromos de&#8230;<\/p>\n","protected":false},"author":482,"featured_media":64777,"comment_status":"open","ping_status":"open","sticky":false,"template":"","format":"standard","meta":{"advanced_seo_description":"","jetpack_seo_html_title":"","jetpack_seo_noindex":false,"_jetpack_memberships_contains_paid_content":false,"footnotes":""},"categories":[21],"tags":[],"class_list":["post-64776","post","type-post","status-publish","format-standard","has-post-thumbnail","hentry","category-policial"],"jetpack_featured_media_url":"https:\/\/i0.wp.com\/eltrabajo.cl\/portal\/wp-content\/uploads\/2015\/12\/DETENIDOS-SANTA-MARIA-copia.jpg?fit=530%2C348&ssl=1","jetpack_sharing_enabled":true,"jetpack_likes_enabled":true,"jetpack-related-posts":[],"_links":{"self":[{"href":"https:\/\/eltrabajo.cl\/portal\/wp-json\/wp\/v2\/posts\/64776","targetHints":{"allow":["GET"]}}],"collection":[{"href":"https:\/\/eltrabajo.cl\/portal\/wp-json\/wp\/v2\/posts"}],"about":[{"href":"https:\/\/eltrabajo.cl\/portal\/wp-json\/wp\/v2\/types\/post"}],"author":[{"embeddable":true,"href":"https:\/\/eltrabajo.cl\/portal\/wp-json\/wp\/v2\/users\/482"}],"replies":[{"embeddable":true,"href":"https:\/\/eltrabajo.cl\/portal\/wp-json\/wp\/v2\/comments?post=64776"}],"version-history":[{"count":0,"href":"https:\/\/eltrabajo.cl\/portal\/wp-json\/wp\/v2\/posts\/64776\/revisions"}],"wp:featuredmedia":[{"embeddable":true,"href":"https:\/\/eltrabajo.cl\/portal\/wp-json\/wp\/v2\/media\/64777"}],"wp:attachment":[{"href":"https:\/\/eltrabajo.cl\/portal\/wp-json\/wp\/v2\/media?parent=64776"}],"wp:term":[{"taxonomy":"category","embeddable":true,"href":"https:\/\/eltrabajo.cl\/portal\/wp-json\/wp\/v2\/categories?post=64776"},{"taxonomy":"post_tag","embeddable":true,"href":"https:\/\/eltrabajo.cl\/portal\/wp-json\/wp\/v2\/tags?post=64776"}],"curies":[{"name":"wp","href":"https:\/\/api.w.org\/{rel}","templated":true}]}}