{"id":64779,"date":"2015-12-14T15:12:03","date_gmt":"2015-12-14T18:12:03","guid":{"rendered":"http:\/\/www.eltrabajo.cl\/portal\/?p=64779"},"modified":"2015-12-14T15:12:03","modified_gmt":"2015-12-14T18:12:03","slug":"antisocial-amenazo-lanzarse-de-tercer-piso-para-impedir-ser-detenido","status":"publish","type":"post","link":"https:\/\/eltrabajo.cl\/portal\/antisocial-amenazo-lanzarse-de-tercer-piso-para-impedir-ser-detenido\/","title":{"rendered":"Antisocial amenaz\u00f3 lanzarse de tercer piso para impedir ser detenido"},"content":{"rendered":"<figure id=\"attachment_64780\" aria-describedby=\"caption-attachment-64780\" style=\"width: 300px\" class=\"wp-caption alignleft\"><img data-recalc-dims=\"1\" loading=\"lazy\" decoding=\"async\" class=\"wp-image-64780 size-medium\" src=\"https:\/\/i0.wp.com\/www.eltrabajo.cl\/portal\/wp-content\/uploads\/2015\/12\/foto1%40EmergenciaVCordillera-copia-300x198.jpg?resize=300%2C198\" alt=\"El antisocial amenazaba con lanzarse desde un departamento del tercer piso. (Foto: @EmergenciaVCordillera).\" width=\"300\" height=\"198\" srcset=\"https:\/\/i0.wp.com\/eltrabajo.cl\/portal\/wp-content\/uploads\/2015\/12\/foto1%40EmergenciaVCordillera-copia.jpg?resize=300%2C198&amp;ssl=1 300w, https:\/\/i0.wp.com\/eltrabajo.cl\/portal\/wp-content\/uploads\/2015\/12\/foto1%40EmergenciaVCordillera-copia.jpg?resize=200%2C132&amp;ssl=1 200w, https:\/\/i0.wp.com\/eltrabajo.cl\/portal\/wp-content\/uploads\/2015\/12\/foto1%40EmergenciaVCordillera-copia.jpg?resize=228%2C150&amp;ssl=1 228w, https:\/\/i0.wp.com\/eltrabajo.cl\/portal\/wp-content\/uploads\/2015\/12\/foto1%40EmergenciaVCordillera-copia.jpg?resize=400%2C263&amp;ssl=1 400w, https:\/\/i0.wp.com\/eltrabajo.cl\/portal\/wp-content\/uploads\/2015\/12\/foto1%40EmergenciaVCordillera-copia.jpg?w=530&amp;ssl=1 530w\" sizes=\"auto, (max-width: 300px) 100vw, 300px\" \/><figcaption id=\"caption-attachment-64780\" class=\"wp-caption-text\">El antisocial amenazaba con lanzarse desde un departamento del tercer piso. (Foto: @EmergenciaVCordillera).<\/figcaption><\/figure>\n<ul>\n<li><strong>Las diligencias permitieron la captura del sujeto apodado \u2018El Gallina\u2019 quien bajo los efectos del alcohol y drogas discuti\u00f3 acaloradamente con una menor de 15 a\u00f1os.<\/strong><\/li>\n<\/ul>\n<p>Enorme conmoci\u00f3n caus\u00f3 entre los vecinos de los departamentos de La Parras\u00eda la tarde de este s\u00e1bado, luego que un conocido antisocial apodado \u2018El Gallina\u2019 aseguraba lanzarse desde la ventana de un tercer piso para impedir ser detenido por Carabineros tras una denuncia que realiz\u00f3 previamente una menor de 15 a\u00f1os de edad, quien aparentemente mantendr\u00eda una relaci\u00f3n sentimental con este sujeto que la habr\u00eda amenazado de muerte.<br \/>\nEfectivos policiales hicieron su arribo en uno de los departamentos del block 1102, tomando contacto con el Fiscal de turno para pedir una autorizaci\u00f3n de ingreso al inmueble para el resguardo de la menor de edad.<br \/>\nEn este sentido el sujeto, al percatarse de la presencia policial, se dirigi\u00f3 hasta una ventana pos\u00e1ndose sobre ella y asegurar que se lanzar\u00eda para impedir ser detenido. Ante la peligrosidad de las acciones de este sujeto, quien se encontraba bajo los efectos del alcohol y drogas, se requiri\u00f3 la presencia del Samu y personal de Bomberos ante una inminente ca\u00edda libre que podr\u00eda sufrir el antisocial.<\/p>\n<figure id=\"attachment_64781\" aria-describedby=\"caption-attachment-64781\" style=\"width: 300px\" class=\"wp-caption alignright\"><img data-recalc-dims=\"1\" loading=\"lazy\" decoding=\"async\" class=\"wp-image-64781 size-medium\" src=\"https:\/\/i0.wp.com\/www.eltrabajo.cl\/portal\/wp-content\/uploads\/2015\/12\/El-Gallina-%40EmergenciaVCordillera-300x198.jpg?resize=300%2C198\" alt=\"Juan Alejandro Salinas Pulidos alias \u2018El Gallina\u2019 fue capturado por Carabineros la tarde de este s\u00e1bado en los Departamentos Parras\u00eda de San Felipe. (Foto: @EmergenciaVCordillera).\" width=\"300\" height=\"198\" srcset=\"https:\/\/i0.wp.com\/eltrabajo.cl\/portal\/wp-content\/uploads\/2015\/12\/El-Gallina-%40EmergenciaVCordillera.jpg?resize=300%2C198&amp;ssl=1 300w, https:\/\/i0.wp.com\/eltrabajo.cl\/portal\/wp-content\/uploads\/2015\/12\/El-Gallina-%40EmergenciaVCordillera.jpg?resize=200%2C132&amp;ssl=1 200w, https:\/\/i0.wp.com\/eltrabajo.cl\/portal\/wp-content\/uploads\/2015\/12\/El-Gallina-%40EmergenciaVCordillera.jpg?resize=228%2C150&amp;ssl=1 228w, https:\/\/i0.wp.com\/eltrabajo.cl\/portal\/wp-content\/uploads\/2015\/12\/El-Gallina-%40EmergenciaVCordillera.jpg?resize=400%2C263&amp;ssl=1 400w, https:\/\/i0.wp.com\/eltrabajo.cl\/portal\/wp-content\/uploads\/2015\/12\/El-Gallina-%40EmergenciaVCordillera.jpg?w=530&amp;ssl=1 530w\" sizes=\"auto, (max-width: 300px) 100vw, 300px\" \/><figcaption id=\"caption-attachment-64781\" class=\"wp-caption-text\">Juan Alejandro Salinas Pulidos alias \u2018El Gallina\u2019 fue capturado por Carabineros la tarde de este s\u00e1bado en los Departamentos Parras\u00eda de San Felipe. (Foto: @EmergenciaVCordillera).<\/figcaption><\/figure>\n<p>Los vecinos permanec\u00edan at\u00f3nitos con la situaci\u00f3n, mientras Carabineros intentaba convencer al sujeto que depusiera sus amenazas, logrando finalmente su captura, siendo arrestado por los efectivos policiales para ser conducido hasta la Segunda Comisar\u00eda de esta instituci\u00f3n.<br \/>\nLa Comisario de Carabineros, Mayor Maureen Espinoza, inform\u00f3 que el detenido fue individualizado como Juan Alejandro Salinas Pulido, quien fue derivado hasta el Juzgado de Garant\u00eda de San Felipe para ser formalizado por la Fiscal\u00eda bajo los cargos de amenazas.<br \/>\nEste Tribunal decret\u00f3 las cautelares de firma mensual en Carabineros y la prohibici\u00f3n de acercarse a la menor de edad durante el proceso de investigaci\u00f3n. Al t\u00e9rmino de la audiencia este sujeto recuper\u00f3 su libertad.<br \/>\n<strong>Pablo Salinas Sald\u00edas<\/strong><\/p>\n","protected":false},"excerpt":{"rendered":"<p>Las diligencias permitieron la captura del sujeto apodado \u2018El Gallina\u2019 quien bajo los efectos del alcohol y drogas discuti\u00f3 acaloradamente con una menor de 15 a\u00f1os. Enorme conmoci\u00f3n caus\u00f3 entre los vecinos&#8230;<\/p>\n","protected":false},"author":482,"featured_media":64780,"comment_status":"open","ping_status":"open","sticky":false,"template":"","format":"standard","meta":{"advanced_seo_description":"","jetpack_seo_html_title":"","jetpack_seo_noindex":false,"_jetpack_memberships_contains_paid_content":false,"footnotes":""},"categories":[21],"tags":[],"class_list":["post-64779","post","type-post","status-publish","format-standard","has-post-thumbnail","hentry","category-policial"],"jetpack_featured_media_url":"https:\/\/i0.wp.com\/eltrabajo.cl\/portal\/wp-content\/uploads\/2015\/12\/foto1%40EmergenciaVCordillera-copia.jpg?fit=530%2C349&ssl=1","jetpack_sharing_enabled":true,"jetpack_likes_enabled":true,"jetpack-related-posts":[],"_links":{"self":[{"href":"https:\/\/eltrabajo.cl\/portal\/wp-json\/wp\/v2\/posts\/64779","targetHints":{"allow":["GET"]}}],"collection":[{"href":"https:\/\/eltrabajo.cl\/portal\/wp-json\/wp\/v2\/posts"}],"about":[{"href":"https:\/\/eltrabajo.cl\/portal\/wp-json\/wp\/v2\/types\/post"}],"author":[{"embeddable":true,"href":"https:\/\/eltrabajo.cl\/portal\/wp-json\/wp\/v2\/users\/482"}],"replies":[{"embeddable":true,"href":"https:\/\/eltrabajo.cl\/portal\/wp-json\/wp\/v2\/comments?post=64779"}],"version-history":[{"count":0,"href":"https:\/\/eltrabajo.cl\/portal\/wp-json\/wp\/v2\/posts\/64779\/revisions"}],"wp:featuredmedia":[{"embeddable":true,"href":"https:\/\/eltrabajo.cl\/portal\/wp-json\/wp\/v2\/media\/64780"}],"wp:attachment":[{"href":"https:\/\/eltrabajo.cl\/portal\/wp-json\/wp\/v2\/media?parent=64779"}],"wp:term":[{"taxonomy":"category","embeddable":true,"href":"https:\/\/eltrabajo.cl\/portal\/wp-json\/wp\/v2\/categories?post=64779"},{"taxonomy":"post_tag","embeddable":true,"href":"https:\/\/eltrabajo.cl\/portal\/wp-json\/wp\/v2\/tags?post=64779"}],"curies":[{"name":"wp","href":"https:\/\/api.w.org\/{rel}","templated":true}]}}