{"id":64783,"date":"2015-12-14T15:13:48","date_gmt":"2015-12-14T18:13:48","guid":{"rendered":"http:\/\/www.eltrabajo.cl\/portal\/?p=64783"},"modified":"2015-12-14T15:13:48","modified_gmt":"2015-12-14T18:13:48","slug":"carabineros-elevara-querella-contra-responsable-de-brutal-agresion-a-policia","status":"publish","type":"post","link":"https:\/\/eltrabajo.cl\/portal\/carabineros-elevara-querella-contra-responsable-de-brutal-agresion-a-policia\/","title":{"rendered":"Carabineros elevar\u00e1 querella contra responsable de brutal agresi\u00f3n a polic\u00eda"},"content":{"rendered":"<figure id=\"attachment_64784\" aria-describedby=\"caption-attachment-64784\" style=\"width: 300px\" class=\"wp-caption alignleft\"><img data-recalc-dims=\"1\" loading=\"lazy\" decoding=\"async\" class=\"wp-image-64784 size-medium\" src=\"https:\/\/i0.wp.com\/www.eltrabajo.cl\/portal\/wp-content\/uploads\/2015\/12\/CARABINERO-NICOLAS-NIETO-300x198.jpg?resize=300%2C198\" alt=\"El Carabinero Nicol\u00e1s Nieto V\u00e1squez se encuentra internado en el Hospital Institucional en Santiago.\" width=\"300\" height=\"198\" srcset=\"https:\/\/i0.wp.com\/eltrabajo.cl\/portal\/wp-content\/uploads\/2015\/12\/CARABINERO-NICOLAS-NIETO.jpg?resize=300%2C198&amp;ssl=1 300w, https:\/\/i0.wp.com\/eltrabajo.cl\/portal\/wp-content\/uploads\/2015\/12\/CARABINERO-NICOLAS-NIETO.jpg?resize=200%2C132&amp;ssl=1 200w, https:\/\/i0.wp.com\/eltrabajo.cl\/portal\/wp-content\/uploads\/2015\/12\/CARABINERO-NICOLAS-NIETO.jpg?resize=228%2C150&amp;ssl=1 228w, https:\/\/i0.wp.com\/eltrabajo.cl\/portal\/wp-content\/uploads\/2015\/12\/CARABINERO-NICOLAS-NIETO.jpg?resize=400%2C263&amp;ssl=1 400w, https:\/\/i0.wp.com\/eltrabajo.cl\/portal\/wp-content\/uploads\/2015\/12\/CARABINERO-NICOLAS-NIETO.jpg?w=530&amp;ssl=1 530w\" sizes=\"auto, (max-width: 300px) 100vw, 300px\" \/><figcaption id=\"caption-attachment-64784\" class=\"wp-caption-text\">El Carabinero Nicol\u00e1s Nieto V\u00e1squez se encuentra internado en el Hospital Institucional en Santiago.<\/figcaption><\/figure>\n<ul>\n<li><strong>M\u00e9dicos del Hospital de Carabineros en Santiago evaluar\u00edan intervenci\u00f3n quir\u00fargica dentro de las pr\u00f3ximas horas.<\/strong><\/li>\n<\/ul>\n<p>Estable dentro de la gravedad de sus lesiones y fracturas se encuentra internado en el Hospital Institucional en Santiago, el carabinero Nicol\u00e1s Esteban Nieto V\u00e1squez, quien fue violentamente agredido por un sujeto que protagoniz\u00f3 junto a otro antisocial, el robo de un tel\u00e9fono celular y el no pago de su cuenta en el restor\u00e1n Raconto la noche del mi\u00e9rcoles en el centro de San Felipe.<br \/>\nComo se recordar\u00e1, el funcionario policial intervino en la detenci\u00f3n de los delincuentes cuando se encontraba de franco ante la ocurrencia flagrante del delito, por lo que redujo a uno de los antisociales en la v\u00eda p\u00fablica, quien se opuso a la detenci\u00f3n del carabinero que se hab\u00eda identificado como tal, golpe\u00e1ndolo a patadas en el rostro, provoc\u00e1ndole una fractura nasal y un hematoma ocular de car\u00e1cter grave.<br \/>\nAnte este escenario, la instituci\u00f3n uniformada se encuentra reuniendo m\u00e1s antecedentes para entablar una querella contra quienes resulten responsables de esta brutal agresi\u00f3n a una autoridad policial, as\u00ed lo confirm\u00f3 a Diario El Trabajo, la Comisario de Carabineros de San Felipe, Mayor Maureen Espinoza.<br \/>\n\u201cSiempre que un carabinero resulta lesionado en un procedimiento, el protocolo nos obliga siempre a presentar una querella, salvo que el afectado no quiera hacerlo. Pero como instituci\u00f3n estamos en estos momentos pendientes para presentarla, estamos a la espera de la constataci\u00f3n de lesiones del Instituto M\u00e9dico Legal que detalle lesiones graves\u201d, se\u00f1al\u00f3.<br \/>\n&#8211; \u00bfEl hecho que estuviera de franco no le quita peso a una querella?<br \/>\n&#8211; En ning\u00fan caso porque el carabinero adem\u00e1s de decir que es funcionario policial, se identifica como tal. Y en ese entendido nosotros tenemos la obligaci\u00f3n por vocaci\u00f3n de servicio las 24 horas del d\u00eda. Existen testigos del hecho que se identifica como carabinero y est\u00e1 dentro de sus facultades profesionales.<br \/>\nLos imputados de este caso son Camilo G\u00e1rate \u00c1lvarez de 18 a\u00f1os y Michel S\u00e1nchez Morales de 19 a\u00f1os, quienes fueron formalizados por la Fiscal\u00eda por el delito de robo por sorpresa y lesiones. El Tribunal asign\u00f3 las cautelares para ambos acusados provenientes de la comuna de Puente Alto, en Santiago: firma mensual, prohibici\u00f3n de acercarse al restor\u00e1n Raconto y arraigo nacional durante 60 d\u00edas fijados para la investigaci\u00f3n, recuperando su libertad.<\/p>\n<p>En tanto el carabinero Nicol\u00e1s Nieto est\u00e1 siendo sometido a diversos ex\u00e1menes m\u00e9dicos y scanners para ver la evoluci\u00f3n de sus lesiones y fracturas. Se espera que dentro de las pr\u00f3ximas horas de hoy lunes pueda ser intervenido quir\u00fargicamente de acuerdo a la evaluaci\u00f3n del m\u00e9dico tratante.<br \/>\n<strong>Pablo Salinas Sald\u00edas<\/strong><\/p>\n","protected":false},"excerpt":{"rendered":"<p>M\u00e9dicos del Hospital de Carabineros en Santiago evaluar\u00edan intervenci\u00f3n quir\u00fargica dentro de las pr\u00f3ximas horas. Estable dentro de la gravedad de sus lesiones y fracturas se encuentra internado en el Hospital Institucional&#8230;<\/p>\n","protected":false},"author":482,"featured_media":64784,"comment_status":"open","ping_status":"open","sticky":false,"template":"","format":"standard","meta":{"advanced_seo_description":"","jetpack_seo_html_title":"","jetpack_seo_noindex":false,"_jetpack_memberships_contains_paid_content":false,"footnotes":""},"categories":[15],"tags":[],"class_list":["post-64783","post","type-post","status-publish","format-standard","has-post-thumbnail","hentry","category-comunidad"],"jetpack_featured_media_url":"https:\/\/i0.wp.com\/eltrabajo.cl\/portal\/wp-content\/uploads\/2015\/12\/CARABINERO-NICOLAS-NIETO.jpg?fit=530%2C349&ssl=1","jetpack_sharing_enabled":true,"jetpack_likes_enabled":true,"jetpack-related-posts":[],"_links":{"self":[{"href":"https:\/\/eltrabajo.cl\/portal\/wp-json\/wp\/v2\/posts\/64783","targetHints":{"allow":["GET"]}}],"collection":[{"href":"https:\/\/eltrabajo.cl\/portal\/wp-json\/wp\/v2\/posts"}],"about":[{"href":"https:\/\/eltrabajo.cl\/portal\/wp-json\/wp\/v2\/types\/post"}],"author":[{"embeddable":true,"href":"https:\/\/eltrabajo.cl\/portal\/wp-json\/wp\/v2\/users\/482"}],"replies":[{"embeddable":true,"href":"https:\/\/eltrabajo.cl\/portal\/wp-json\/wp\/v2\/comments?post=64783"}],"version-history":[{"count":0,"href":"https:\/\/eltrabajo.cl\/portal\/wp-json\/wp\/v2\/posts\/64783\/revisions"}],"wp:featuredmedia":[{"embeddable":true,"href":"https:\/\/eltrabajo.cl\/portal\/wp-json\/wp\/v2\/media\/64784"}],"wp:attachment":[{"href":"https:\/\/eltrabajo.cl\/portal\/wp-json\/wp\/v2\/media?parent=64783"}],"wp:term":[{"taxonomy":"category","embeddable":true,"href":"https:\/\/eltrabajo.cl\/portal\/wp-json\/wp\/v2\/categories?post=64783"},{"taxonomy":"post_tag","embeddable":true,"href":"https:\/\/eltrabajo.cl\/portal\/wp-json\/wp\/v2\/tags?post=64783"}],"curies":[{"name":"wp","href":"https:\/\/api.w.org\/{rel}","templated":true}]}}