{"id":64786,"date":"2015-12-14T15:15:12","date_gmt":"2015-12-14T18:15:12","guid":{"rendered":"http:\/\/www.eltrabajo.cl\/portal\/?p=64786"},"modified":"2015-12-14T15:15:12","modified_gmt":"2015-12-14T18:15:12","slug":"fallece-nina-de-dos-anos-luego-de-caer-a-piscina-en-vivienda-de-pillo-pillo","status":"publish","type":"post","link":"https:\/\/eltrabajo.cl\/portal\/fallece-nina-de-dos-anos-luego-de-caer-a-piscina-en-vivienda-de-pillo-pillo\/","title":{"rendered":"Fallece ni\u00f1a de dos a\u00f1os luego de caer a piscina en vivienda de Pillo-Pillo"},"content":{"rendered":"<figure id=\"attachment_64787\" aria-describedby=\"caption-attachment-64787\" style=\"width: 300px\" class=\"wp-caption alignleft\"><img data-recalc-dims=\"1\" loading=\"lazy\" decoding=\"async\" class=\"wp-image-64787 size-medium\" src=\"https:\/\/i0.wp.com\/www.eltrabajo.cl\/portal\/wp-content\/uploads\/2015\/12\/LUGAR-DE-LA-TRAGEDIA-DE-LA-PEQUENA-AHOGADA-EN-PISCINA-300x198.jpg?resize=300%2C198\" alt=\"Cerca de las 16 horas del s\u00e1bado, una menor de dos a\u00f1os falleci\u00f3 tras caer en una piscina en el sector de Pillo Pillo.\" width=\"300\" height=\"198\" srcset=\"https:\/\/i0.wp.com\/eltrabajo.cl\/portal\/wp-content\/uploads\/2015\/12\/LUGAR-DE-LA-TRAGEDIA-DE-LA-PEQUENA-AHOGADA-EN-PISCINA.jpg?resize=300%2C198&amp;ssl=1 300w, https:\/\/i0.wp.com\/eltrabajo.cl\/portal\/wp-content\/uploads\/2015\/12\/LUGAR-DE-LA-TRAGEDIA-DE-LA-PEQUENA-AHOGADA-EN-PISCINA.jpg?resize=200%2C132&amp;ssl=1 200w, https:\/\/i0.wp.com\/eltrabajo.cl\/portal\/wp-content\/uploads\/2015\/12\/LUGAR-DE-LA-TRAGEDIA-DE-LA-PEQUENA-AHOGADA-EN-PISCINA.jpg?resize=227%2C150&amp;ssl=1 227w, https:\/\/i0.wp.com\/eltrabajo.cl\/portal\/wp-content\/uploads\/2015\/12\/LUGAR-DE-LA-TRAGEDIA-DE-LA-PEQUENA-AHOGADA-EN-PISCINA.jpg?resize=400%2C264&amp;ssl=1 400w, https:\/\/i0.wp.com\/eltrabajo.cl\/portal\/wp-content\/uploads\/2015\/12\/LUGAR-DE-LA-TRAGEDIA-DE-LA-PEQUENA-AHOGADA-EN-PISCINA.jpg?w=530&amp;ssl=1 530w\" sizes=\"auto, (max-width: 300px) 100vw, 300px\" \/><figcaption id=\"caption-attachment-64787\" class=\"wp-caption-text\">Cerca de las 16 horas del s\u00e1bado, una menor de dos a\u00f1os falleci\u00f3 tras caer en una piscina en el sector de Pillo Pillo.<\/figcaption><\/figure>\n<p><strong>PUTAENDO.<\/strong>&#8211; Una verdadera tragedia ocurri\u00f3 durante la tarde de este s\u00e1bado en un domicilio particular situado a un costado del estero en el sector Pillo-Pillo en Quebrada Herrera, donde una peque\u00f1ita de tan s\u00f3lo dos a\u00f1os de edad cay\u00f3 a una piscina, y pese a los esfuerzos de familiares y personal de emergencias, falleci\u00f3 producto de asfixia por inmersi\u00f3n.<br \/>\nLos antecedentes oficiales entregados por el Comisario Gino Guti\u00e9rrez, Jefe de la Brigada de Homicidios de la Polic\u00eda de Investigaciones de Los Andes, indican que pasadas las 16:00 horas de este s\u00e1bado, la menor, identificada con las iniciales T.A.G.D que se encontraba al cuidado de una adulto mayor, sorpresivamente se acerc\u00f3 hasta la piscina que no ten\u00eda protecci\u00f3n y cay\u00f3 a una profundidad cercana a los dos metros, lo que fue advertido r\u00e1pidamente por la mujer, que junto a un vecino ingresaron a la piscina para rescatarla y practicarle las primeras maniobras de reanimaci\u00f3n, a las que se sumaron las de personal especializado del Samu, que por casi una hora hicieron todos los esfuerzos para reanimar a la menor, lo que no dio resultados.<br \/>\nEl oficial de la PDI sostuvo que una vez efectuado el peritaje correspondiente en el sitio del suceso, se descart\u00f3 la intervenci\u00f3n de terceros, confirmando que se trat\u00f3 de un hecho casual y que la menor de edad falleci\u00f3 por asfixia por inmersi\u00f3n.<br \/>\nEn el lugar se vivieron momentos de profundo dolor a medida que familiares, entre ellos los padres de la peque\u00f1a, llegaban hasta el domicilio y con angustia ve\u00edan los esfuerzos que desarrollaba personal del Samu para intentar salvar la vida de la menor.<br \/>\nNuestro medio se suma al dolor que atraviesa la familia ante la p\u00e9rdida de esta peque\u00f1ita en las proximidades de Navidad.<br \/>\n<strong>Patricio Gallardo M.<\/strong><\/p>\n","protected":false},"excerpt":{"rendered":"<p>PUTAENDO.&#8211; Una verdadera tragedia ocurri\u00f3 durante la tarde de este s\u00e1bado en un domicilio particular situado a un costado del estero en el sector Pillo-Pillo en Quebrada Herrera, donde una peque\u00f1ita de&#8230;<\/p>\n","protected":false},"author":482,"featured_media":64787,"comment_status":"open","ping_status":"open","sticky":false,"template":"","format":"standard","meta":{"advanced_seo_description":"","jetpack_seo_html_title":"","jetpack_seo_noindex":false,"_jetpack_memberships_contains_paid_content":false,"footnotes":""},"categories":[21],"tags":[],"class_list":["post-64786","post","type-post","status-publish","format-standard","has-post-thumbnail","hentry","category-policial"],"jetpack_featured_media_url":"https:\/\/i0.wp.com\/eltrabajo.cl\/portal\/wp-content\/uploads\/2015\/12\/LUGAR-DE-LA-TRAGEDIA-DE-LA-PEQUENA-AHOGADA-EN-PISCINA.jpg?fit=530%2C350&ssl=1","jetpack_sharing_enabled":true,"jetpack_likes_enabled":true,"jetpack-related-posts":[],"_links":{"self":[{"href":"https:\/\/eltrabajo.cl\/portal\/wp-json\/wp\/v2\/posts\/64786","targetHints":{"allow":["GET"]}}],"collection":[{"href":"https:\/\/eltrabajo.cl\/portal\/wp-json\/wp\/v2\/posts"}],"about":[{"href":"https:\/\/eltrabajo.cl\/portal\/wp-json\/wp\/v2\/types\/post"}],"author":[{"embeddable":true,"href":"https:\/\/eltrabajo.cl\/portal\/wp-json\/wp\/v2\/users\/482"}],"replies":[{"embeddable":true,"href":"https:\/\/eltrabajo.cl\/portal\/wp-json\/wp\/v2\/comments?post=64786"}],"version-history":[{"count":0,"href":"https:\/\/eltrabajo.cl\/portal\/wp-json\/wp\/v2\/posts\/64786\/revisions"}],"wp:featuredmedia":[{"embeddable":true,"href":"https:\/\/eltrabajo.cl\/portal\/wp-json\/wp\/v2\/media\/64787"}],"wp:attachment":[{"href":"https:\/\/eltrabajo.cl\/portal\/wp-json\/wp\/v2\/media?parent=64786"}],"wp:term":[{"taxonomy":"category","embeddable":true,"href":"https:\/\/eltrabajo.cl\/portal\/wp-json\/wp\/v2\/categories?post=64786"},{"taxonomy":"post_tag","embeddable":true,"href":"https:\/\/eltrabajo.cl\/portal\/wp-json\/wp\/v2\/tags?post=64786"}],"curies":[{"name":"wp","href":"https:\/\/api.w.org\/{rel}","templated":true}]}}