{"id":64789,"date":"2015-12-14T15:16:36","date_gmt":"2015-12-14T18:16:36","guid":{"rendered":"http:\/\/www.eltrabajo.cl\/portal\/?p=64789"},"modified":"2015-12-14T15:16:36","modified_gmt":"2015-12-14T18:16:36","slug":"joven-se-quita-la-vida-por-aparente-problema-sentimental-en-catemu","status":"publish","type":"post","link":"https:\/\/eltrabajo.cl\/portal\/joven-se-quita-la-vida-por-aparente-problema-sentimental-en-catemu\/","title":{"rendered":"Joven se quita la vida por aparente problema sentimental en Catemu"},"content":{"rendered":"<figure id=\"attachment_64790\" aria-describedby=\"caption-attachment-64790\" style=\"width: 300px\" class=\"wp-caption alignleft\"><img data-recalc-dims=\"1\" loading=\"lazy\" decoding=\"async\" class=\"wp-image-64790 size-medium\" src=\"https:\/\/i0.wp.com\/www.eltrabajo.cl\/portal\/wp-content\/uploads\/2015\/12\/DANIEL-CASTRO-CANTO-300x197.jpg?resize=300%2C197\" alt=\"Una ruptura amorosa habr\u00eda sido la causa del deceso.\" width=\"300\" height=\"197\" srcset=\"https:\/\/i0.wp.com\/eltrabajo.cl\/portal\/wp-content\/uploads\/2015\/12\/DANIEL-CASTRO-CANTO.jpg?resize=300%2C197&amp;ssl=1 300w, https:\/\/i0.wp.com\/eltrabajo.cl\/portal\/wp-content\/uploads\/2015\/12\/DANIEL-CASTRO-CANTO.jpg?resize=200%2C131&amp;ssl=1 200w, https:\/\/i0.wp.com\/eltrabajo.cl\/portal\/wp-content\/uploads\/2015\/12\/DANIEL-CASTRO-CANTO.jpg?resize=228%2C150&amp;ssl=1 228w, https:\/\/i0.wp.com\/eltrabajo.cl\/portal\/wp-content\/uploads\/2015\/12\/DANIEL-CASTRO-CANTO.jpg?resize=400%2C263&amp;ssl=1 400w, https:\/\/i0.wp.com\/eltrabajo.cl\/portal\/wp-content\/uploads\/2015\/12\/DANIEL-CASTRO-CANTO.jpg?w=530&amp;ssl=1 530w\" sizes=\"auto, (max-width: 300px) 100vw, 300px\" \/><figcaption id=\"caption-attachment-64790\" class=\"wp-caption-text\">Una ruptura amorosa habr\u00eda sido la causa del deceso.<\/figcaption><\/figure>\n<ul>\n<li><strong>Daniel Felipe Castro Canto ten\u00eda apenas 24 a\u00f1os de edad y viv\u00eda en el sector El Parquial de Catemu. Seg\u00fan diligencias de la PDI el joven habr\u00eda sufrido un cuadro depresivo por problemas amorosos decidiendo terminar con su vida.<\/strong><\/li>\n<\/ul>\n<p>Descartando la participaci\u00f3n de terceras personas, la Brigada de Homicidios de la Polic\u00eda de Investigaciones de Los Andes confirm\u00f3 el suicidio de un joven de 24 a\u00f1os de edad, identificado como Daniel Felipe Castro Canto, quien decidi\u00f3 acabar con su vida al interior de su domicilio en el sector El Parquial de Catemu, la tarde del pasado viernes, debido a que cruzaba una fuerte depresi\u00f3n por una ruptura amorosa.<br \/>\nEl macabro hallazgo lo realiz\u00f3 una hermana de Daniel, quien al ingresar hasta el domicilio observ\u00f3 el cuerpo del occiso pendiendo desde una viga en el patio posterior del inmueble, requiriendo la presencia de Carabineros y personal del Samu que confirm\u00f3 el deceso del joven en el mismo lugar.<br \/>\nFrente a estos hechos se dio curso a las diligencias de la Brigada de Homicidios de la PDI de Los Andes quienes al analizar externamente el cad\u00e1ver, descartaron la participaci\u00f3n de terceras personas en el suceso, as\u00ed lo afirm\u00f3 a Diario El Trabajo el Comisario Gino Guti\u00e9rrez.<br \/>\nEl cuerpo de Daniel Castro Canto fue derivado hasta el Servicio M\u00e9dico Legal para la correspondiente autopsia de rigor ejecutada el pasado s\u00e1bado para posteriormente entregar sus restos mortales a sus familiares.<br \/>\n<strong>Pablo Salinas Sald\u00edas<\/strong><\/p>\n","protected":false},"excerpt":{"rendered":"<p>Daniel Felipe Castro Canto ten\u00eda apenas 24 a\u00f1os de edad y viv\u00eda en el sector El Parquial de Catemu. Seg\u00fan diligencias de la PDI el joven habr\u00eda sufrido un cuadro depresivo por&#8230;<\/p>\n","protected":false},"author":482,"featured_media":64790,"comment_status":"open","ping_status":"open","sticky":false,"template":"","format":"standard","meta":{"advanced_seo_description":"","jetpack_seo_html_title":"","jetpack_seo_noindex":false,"_jetpack_memberships_contains_paid_content":false,"footnotes":""},"categories":[21],"tags":[],"class_list":["post-64789","post","type-post","status-publish","format-standard","has-post-thumbnail","hentry","category-policial"],"jetpack_featured_media_url":"https:\/\/i0.wp.com\/eltrabajo.cl\/portal\/wp-content\/uploads\/2015\/12\/DANIEL-CASTRO-CANTO.jpg?fit=530%2C348&ssl=1","jetpack_sharing_enabled":true,"jetpack_likes_enabled":true,"jetpack-related-posts":[],"_links":{"self":[{"href":"https:\/\/eltrabajo.cl\/portal\/wp-json\/wp\/v2\/posts\/64789","targetHints":{"allow":["GET"]}}],"collection":[{"href":"https:\/\/eltrabajo.cl\/portal\/wp-json\/wp\/v2\/posts"}],"about":[{"href":"https:\/\/eltrabajo.cl\/portal\/wp-json\/wp\/v2\/types\/post"}],"author":[{"embeddable":true,"href":"https:\/\/eltrabajo.cl\/portal\/wp-json\/wp\/v2\/users\/482"}],"replies":[{"embeddable":true,"href":"https:\/\/eltrabajo.cl\/portal\/wp-json\/wp\/v2\/comments?post=64789"}],"version-history":[{"count":0,"href":"https:\/\/eltrabajo.cl\/portal\/wp-json\/wp\/v2\/posts\/64789\/revisions"}],"wp:featuredmedia":[{"embeddable":true,"href":"https:\/\/eltrabajo.cl\/portal\/wp-json\/wp\/v2\/media\/64790"}],"wp:attachment":[{"href":"https:\/\/eltrabajo.cl\/portal\/wp-json\/wp\/v2\/media?parent=64789"}],"wp:term":[{"taxonomy":"category","embeddable":true,"href":"https:\/\/eltrabajo.cl\/portal\/wp-json\/wp\/v2\/categories?post=64789"},{"taxonomy":"post_tag","embeddable":true,"href":"https:\/\/eltrabajo.cl\/portal\/wp-json\/wp\/v2\/tags?post=64789"}],"curies":[{"name":"wp","href":"https:\/\/api.w.org\/{rel}","templated":true}]}}