{"id":64792,"date":"2015-12-14T15:19:16","date_gmt":"2015-12-14T18:19:16","guid":{"rendered":"http:\/\/www.eltrabajo.cl\/portal\/?p=64792"},"modified":"2015-12-14T15:19:16","modified_gmt":"2015-12-14T18:19:16","slug":"joven-muere-apunalado-en-el-cuello-tras-discusion-con-su-cunado","status":"publish","type":"post","link":"https:\/\/eltrabajo.cl\/portal\/joven-muere-apunalado-en-el-cuello-tras-discusion-con-su-cunado\/","title":{"rendered":"Joven muere apu\u00f1alado en el cuello tras discusi\u00f3n con su cu\u00f1ado"},"content":{"rendered":"<figure id=\"attachment_64793\" aria-describedby=\"caption-attachment-64793\" style=\"width: 300px\" class=\"wp-caption alignleft\"><img data-recalc-dims=\"1\" loading=\"lazy\" decoding=\"async\" class=\"wp-image-64793 size-medium\" src=\"https:\/\/i0.wp.com\/www.eltrabajo.cl\/portal\/wp-content\/uploads\/2015\/12\/Homicidio-Timy-2-300x198.jpg?resize=300%2C198\" alt=\"El sujeto identificado como Diego Andr\u00e9s Far\u00edas Far\u00edas, fue detenido por Carabineros por el homicidio de Arturo Mart\u00ednez D\u00edaz.\" width=\"300\" height=\"198\" srcset=\"https:\/\/i0.wp.com\/eltrabajo.cl\/portal\/wp-content\/uploads\/2015\/12\/Homicidio-Timy-2.jpg?resize=300%2C198&amp;ssl=1 300w, https:\/\/i0.wp.com\/eltrabajo.cl\/portal\/wp-content\/uploads\/2015\/12\/Homicidio-Timy-2.jpg?resize=200%2C132&amp;ssl=1 200w, https:\/\/i0.wp.com\/eltrabajo.cl\/portal\/wp-content\/uploads\/2015\/12\/Homicidio-Timy-2.jpg?resize=228%2C150&amp;ssl=1 228w, https:\/\/i0.wp.com\/eltrabajo.cl\/portal\/wp-content\/uploads\/2015\/12\/Homicidio-Timy-2.jpg?resize=400%2C263&amp;ssl=1 400w, https:\/\/i0.wp.com\/eltrabajo.cl\/portal\/wp-content\/uploads\/2015\/12\/Homicidio-Timy-2.jpg?w=530&amp;ssl=1 530w\" sizes=\"auto, (max-width: 300px) 100vw, 300px\" \/><figcaption id=\"caption-attachment-64793\" class=\"wp-caption-text\">El sujeto identificado como Diego Andr\u00e9s Far\u00edas Far\u00edas, fue detenido por Carabineros por el homicidio de Arturo Mart\u00ednez D\u00edaz.<\/figcaption><\/figure>\n<ul>\n<li><strong>Homicidio ocurri\u00f3 la madrugada del s\u00e1bado en villa Sarmiento, cuando v\u00edctima e imputado se trabaron en ri\u00f1a en la v\u00eda p\u00fablica.<\/strong><\/li>\n<\/ul>\n<p><strong>LOS ANDES<\/strong>.- Un joven de 25 a\u00f1os identificado como Arturo Nicol\u00e1s Mart\u00ednez D\u00edaz, muri\u00f3 la madrugada de este s\u00e1bado en el Hospital San Juan de Dios de Los Andes tras recibir una pu\u00f1alada en el cuello al trabarse en una pelea con otro sujeto.<br \/>\nDe acuerdo a la informaci\u00f3n preliminar entregada por el oficial de ronda de Carabineros, Capit\u00e1n Francisco Alvarado R\u00edos, el hecho se produjo pasadas las 2 de la ma\u00f1ana, cuando Mart\u00ednez se encontraba participando de una fiesta al interior de un inmueble en la calle Ram\u00f3n Echeverr\u00eda en la villa Sarmiento.<br \/>\nEn un momento sali\u00f3 del inmueble encontr\u00e1ndose en la v\u00eda p\u00fablica con Diego Andr\u00e9s Far\u00edas Far\u00edas (19), apodado \u2018El Timy\u2019, inici\u00e1ndose una discusi\u00f3n por amor\u00edos que la v\u00edctima tendr\u00eda con la hermana de este sujeto.<br \/>\nEl Capit\u00e1n Alvarado indic\u00f3 que en ese momento se produjo una pelea y luego \u2018el Timy\u2019 extrajo de entre sus ropas un arma blanca, se presume un cuchillo, con el cual le asest\u00f3 una pu\u00f1alada en la parte izquierda del cuello a la v\u00edctima.<br \/>\nEl joven herido corri\u00f3 hasta su casa donde fue asistido por familiares que llamaron a Carabineros y el Samu, siendo trasladado el herido al hospital donde dej\u00f3 de existir a las 3:30 de la ma\u00f1ana.<br \/>\nEl Capit\u00e1n Alvarado se\u00f1al\u00f3 que el joven alcanz\u00f3 a decirle a su hermana y amigos qui\u00e9n lo hab\u00eda agredido y con esa informaci\u00f3n se mont\u00f3 un operativo que culmin\u00f3 con la detenci\u00f3n del Timy a eso de las 4 de la ma\u00f1ana cuando deambulaba por la misma poblaci\u00f3n.<br \/>\nUna vez que fue trasladado hasta la Comisar\u00eda reconoci\u00f3 su participaci\u00f3n en el hecho, pero el arma usada en la agresi\u00f3n no fue recuperada.<br \/>\nAsimismo, el oficial de ronda manifest\u00f3 que el sujeto mantiene antecedentes policiales por el delito de receptaci\u00f3n de especies.<br \/>\nPor instrucciones del fiscal de turno Osvaldo Basso, el imputado pas\u00f3 a control de detenci\u00f3n en el Tribunal de Garant\u00eda de Los Andes.<\/p>\n","protected":false},"excerpt":{"rendered":"<p>Homicidio ocurri\u00f3 la madrugada del s\u00e1bado en villa Sarmiento, cuando v\u00edctima e imputado se trabaron en ri\u00f1a en la v\u00eda p\u00fablica. LOS ANDES.- Un joven de 25 a\u00f1os identificado como Arturo Nicol\u00e1s&#8230;<\/p>\n","protected":false},"author":482,"featured_media":64793,"comment_status":"open","ping_status":"open","sticky":false,"template":"","format":"standard","meta":{"advanced_seo_description":"","jetpack_seo_html_title":"","jetpack_seo_noindex":false,"_jetpack_memberships_contains_paid_content":false,"footnotes":""},"categories":[21],"tags":[],"class_list":["post-64792","post","type-post","status-publish","format-standard","has-post-thumbnail","hentry","category-policial"],"jetpack_featured_media_url":"https:\/\/i0.wp.com\/eltrabajo.cl\/portal\/wp-content\/uploads\/2015\/12\/Homicidio-Timy-2.jpg?fit=530%2C349&ssl=1","jetpack_sharing_enabled":true,"jetpack_likes_enabled":true,"jetpack-related-posts":[],"_links":{"self":[{"href":"https:\/\/eltrabajo.cl\/portal\/wp-json\/wp\/v2\/posts\/64792","targetHints":{"allow":["GET"]}}],"collection":[{"href":"https:\/\/eltrabajo.cl\/portal\/wp-json\/wp\/v2\/posts"}],"about":[{"href":"https:\/\/eltrabajo.cl\/portal\/wp-json\/wp\/v2\/types\/post"}],"author":[{"embeddable":true,"href":"https:\/\/eltrabajo.cl\/portal\/wp-json\/wp\/v2\/users\/482"}],"replies":[{"embeddable":true,"href":"https:\/\/eltrabajo.cl\/portal\/wp-json\/wp\/v2\/comments?post=64792"}],"version-history":[{"count":0,"href":"https:\/\/eltrabajo.cl\/portal\/wp-json\/wp\/v2\/posts\/64792\/revisions"}],"wp:featuredmedia":[{"embeddable":true,"href":"https:\/\/eltrabajo.cl\/portal\/wp-json\/wp\/v2\/media\/64793"}],"wp:attachment":[{"href":"https:\/\/eltrabajo.cl\/portal\/wp-json\/wp\/v2\/media?parent=64792"}],"wp:term":[{"taxonomy":"category","embeddable":true,"href":"https:\/\/eltrabajo.cl\/portal\/wp-json\/wp\/v2\/categories?post=64792"},{"taxonomy":"post_tag","embeddable":true,"href":"https:\/\/eltrabajo.cl\/portal\/wp-json\/wp\/v2\/tags?post=64792"}],"curies":[{"name":"wp","href":"https:\/\/api.w.org\/{rel}","templated":true}]}}