{"id":64800,"date":"2015-12-15T14:24:13","date_gmt":"2015-12-15T17:24:13","guid":{"rendered":"http:\/\/www.eltrabajo.cl\/portal\/?p=64800"},"modified":"2015-12-15T14:24:13","modified_gmt":"2015-12-15T17:24:13","slug":"el-viernes-el-uni-uni-hara-una-unica-y-exclusiva-prueba-masiva-para-sus-series-menores","status":"publish","type":"post","link":"https:\/\/eltrabajo.cl\/portal\/el-viernes-el-uni-uni-hara-una-unica-y-exclusiva-prueba-masiva-para-sus-series-menores\/","title":{"rendered":"El viernes, el Un\u00ed Un\u00ed har\u00e1 una \u00fanica y exclusiva prueba masiva para sus series menores"},"content":{"rendered":"<figure id=\"attachment_64801\" aria-describedby=\"caption-attachment-64801\" style=\"width: 300px\" class=\"wp-caption alignleft\"><img data-recalc-dims=\"1\" loading=\"lazy\" decoding=\"async\" class=\"wp-image-64801 size-medium\" src=\"https:\/\/i0.wp.com\/www.eltrabajo.cl\/portal\/wp-content\/uploads\/2015\/12\/cadetes-uni-uni-300x198.jpg?resize=300%2C198\" alt=\"El pr\u00f3ximo viernes el Un\u00ed realizar\u00e1 la \u00fanica prueba masiva para los aspirantes a sus series menores.\" width=\"300\" height=\"198\" srcset=\"https:\/\/i0.wp.com\/eltrabajo.cl\/portal\/wp-content\/uploads\/2015\/12\/cadetes-uni-uni.jpg?resize=300%2C198&amp;ssl=1 300w, https:\/\/i0.wp.com\/eltrabajo.cl\/portal\/wp-content\/uploads\/2015\/12\/cadetes-uni-uni.jpg?resize=200%2C132&amp;ssl=1 200w, https:\/\/i0.wp.com\/eltrabajo.cl\/portal\/wp-content\/uploads\/2015\/12\/cadetes-uni-uni.jpg?resize=228%2C150&amp;ssl=1 228w, https:\/\/i0.wp.com\/eltrabajo.cl\/portal\/wp-content\/uploads\/2015\/12\/cadetes-uni-uni.jpg?resize=400%2C263&amp;ssl=1 400w, https:\/\/i0.wp.com\/eltrabajo.cl\/portal\/wp-content\/uploads\/2015\/12\/cadetes-uni-uni.jpg?w=530&amp;ssl=1 530w\" sizes=\"auto, (max-width: 300px) 100vw, 300px\" \/><figcaption id=\"caption-attachment-64801\" class=\"wp-caption-text\">El pr\u00f3ximo viernes el Un\u00ed realizar\u00e1 la \u00fanica prueba masiva para los aspirantes a sus series menores.<\/figcaption><\/figure>\n<p>Durante toda la jornada del pr\u00f3ximo viernes 18 de diciembre, en su Complejo Deportivo ubicado en el sector bajo Parras\u00eda (posas), Uni\u00f3n San Felipe realizar\u00e1 una \u00fanica prueba masiva a los ni\u00f1os nacidos entre los a\u00f1os 1997 y 2002 que quieran formar parte de las series cadetes del Un\u00ed Un\u00ed.<br \/>\nEl \u00fanico requisito que deben cumplir los aspirantes a integrar las fuerzas b\u00e1sicas del club albirrojo, es que deben acudir a la cita con la respectiva indumentaria deportiva, con una camiseta de un solo color o de Uni\u00f3n San Felipe, quedando muy claro que no ser\u00e1n evaluados los jugadores que acudan con camisetas de otros clubes o la selecci\u00f3n chilena.<br \/>\nEl horario de las respectivas evaluaciones ser\u00e1 el siguiente:<br \/>\nLos nacidos los a\u00f1os 1997 \u2013 1998 y 1999, deber\u00e1n presentarse el viernes a las 9 de la ma\u00f1ana en punto, mientras que el turno de los nacidos durante el 2000, 2001 y 2002, ser\u00e1 a las cinco de la tarde.<\/p>\n","protected":false},"excerpt":{"rendered":"<p>Durante toda la jornada del pr\u00f3ximo viernes 18 de diciembre, en su Complejo Deportivo ubicado en el sector bajo Parras\u00eda (posas), Uni\u00f3n San Felipe realizar\u00e1 una \u00fanica prueba masiva a los ni\u00f1os&#8230;<\/p>\n","protected":false},"author":482,"featured_media":64801,"comment_status":"open","ping_status":"open","sticky":false,"template":"","format":"standard","meta":{"advanced_seo_description":"","jetpack_seo_html_title":"","jetpack_seo_noindex":false,"_jetpack_memberships_contains_paid_content":false,"footnotes":""},"categories":[19],"tags":[],"class_list":["post-64800","post","type-post","status-publish","format-standard","has-post-thumbnail","hentry","category-deportes"],"jetpack_featured_media_url":"https:\/\/i0.wp.com\/eltrabajo.cl\/portal\/wp-content\/uploads\/2015\/12\/cadetes-uni-uni.jpg?fit=530%2C349&ssl=1","jetpack_sharing_enabled":true,"jetpack_likes_enabled":true,"jetpack-related-posts":[],"_links":{"self":[{"href":"https:\/\/eltrabajo.cl\/portal\/wp-json\/wp\/v2\/posts\/64800","targetHints":{"allow":["GET"]}}],"collection":[{"href":"https:\/\/eltrabajo.cl\/portal\/wp-json\/wp\/v2\/posts"}],"about":[{"href":"https:\/\/eltrabajo.cl\/portal\/wp-json\/wp\/v2\/types\/post"}],"author":[{"embeddable":true,"href":"https:\/\/eltrabajo.cl\/portal\/wp-json\/wp\/v2\/users\/482"}],"replies":[{"embeddable":true,"href":"https:\/\/eltrabajo.cl\/portal\/wp-json\/wp\/v2\/comments?post=64800"}],"version-history":[{"count":0,"href":"https:\/\/eltrabajo.cl\/portal\/wp-json\/wp\/v2\/posts\/64800\/revisions"}],"wp:featuredmedia":[{"embeddable":true,"href":"https:\/\/eltrabajo.cl\/portal\/wp-json\/wp\/v2\/media\/64801"}],"wp:attachment":[{"href":"https:\/\/eltrabajo.cl\/portal\/wp-json\/wp\/v2\/media?parent=64800"}],"wp:term":[{"taxonomy":"category","embeddable":true,"href":"https:\/\/eltrabajo.cl\/portal\/wp-json\/wp\/v2\/categories?post=64800"},{"taxonomy":"post_tag","embeddable":true,"href":"https:\/\/eltrabajo.cl\/portal\/wp-json\/wp\/v2\/tags?post=64800"}],"curies":[{"name":"wp","href":"https:\/\/api.w.org\/{rel}","templated":true}]}}