{"id":64808,"date":"2015-12-15T14:28:35","date_gmt":"2015-12-15T17:28:35","guid":{"rendered":"http:\/\/www.eltrabajo.cl\/portal\/?p=64808"},"modified":"2015-12-15T14:28:35","modified_gmt":"2015-12-15T17:28:35","slug":"bomberos-de-calle-larga-recibieron-nuevo-carro-bomba","status":"publish","type":"post","link":"https:\/\/eltrabajo.cl\/portal\/bomberos-de-calle-larga-recibieron-nuevo-carro-bomba\/","title":{"rendered":"Bomberos de Calle Larga recibieron nuevo carro bomba"},"content":{"rendered":"<figure id=\"attachment_64809\" aria-describedby=\"caption-attachment-64809\" style=\"width: 300px\" class=\"wp-caption alignleft\"><img data-recalc-dims=\"1\" loading=\"lazy\" decoding=\"async\" class=\"wp-image-64809 size-medium\" src=\"https:\/\/i0.wp.com\/www.eltrabajo.cl\/portal\/wp-content\/uploads\/2015\/12\/carro_cuarta_nuevo3-300x197.jpg?resize=300%2C197\" alt=\"El nuevo carro bomba cost\u00f3 cerca de $141 millones y tiene una capacidad de 4.000 litros de agua.\" width=\"300\" height=\"197\" srcset=\"https:\/\/i0.wp.com\/eltrabajo.cl\/portal\/wp-content\/uploads\/2015\/12\/carro_cuarta_nuevo3.jpg?resize=300%2C197&amp;ssl=1 300w, https:\/\/i0.wp.com\/eltrabajo.cl\/portal\/wp-content\/uploads\/2015\/12\/carro_cuarta_nuevo3.jpg?resize=200%2C131&amp;ssl=1 200w, https:\/\/i0.wp.com\/eltrabajo.cl\/portal\/wp-content\/uploads\/2015\/12\/carro_cuarta_nuevo3.jpg?resize=228%2C150&amp;ssl=1 228w, https:\/\/i0.wp.com\/eltrabajo.cl\/portal\/wp-content\/uploads\/2015\/12\/carro_cuarta_nuevo3.jpg?resize=400%2C263&amp;ssl=1 400w, https:\/\/i0.wp.com\/eltrabajo.cl\/portal\/wp-content\/uploads\/2015\/12\/carro_cuarta_nuevo3.jpg?w=530&amp;ssl=1 530w\" sizes=\"auto, (max-width: 300px) 100vw, 300px\" \/><figcaption id=\"caption-attachment-64809\" class=\"wp-caption-text\">El nuevo carro bomba cost\u00f3 cerca de $141 millones y tiene una capacidad de 4.000 litros de agua.<\/figcaption><\/figure>\n<ul>\n<li><strong>La unidad les permitir\u00e1 entregar un mejor servicio en el combate de siniestros urbanos y forestales.<\/strong><\/li>\n<\/ul>\n<p><strong>CALLE LARGA.<\/strong>&#8211; La Cuarta Compa\u00f1\u00eda de Bomberos de Calle Larga, dependiente del Cuerpo de Bomberos de Los Andes recibi\u00f3 su nuevo carro bomba para el combate de siniestros urbanos y forestales.<br \/>\nLa nueva unidad fue entregada por la Junta Nacional de Bomberos en el marco de un plan de renovaci\u00f3n de material rodante para compa\u00f1\u00edas con menores recursos a nivel nacional y su costo ascendi\u00f3 a 141 millones de pesos.<br \/>\nEl carro es del tipo C-4 Semi Urbano, marca Magirus Iveco 4&#215;4, con capacidad para 4.000 litros de agua, totalmente equipado y el pasado viernes fue recibido en forma oficial en nuestra ciudad, para luego entrar inmediatamente en servicio.<\/p>\n","protected":false},"excerpt":{"rendered":"<p>La unidad les permitir\u00e1 entregar un mejor servicio en el combate de siniestros urbanos y forestales. CALLE LARGA.&#8211; La Cuarta Compa\u00f1\u00eda de Bomberos de Calle Larga, dependiente del Cuerpo de Bomberos de&#8230;<\/p>\n","protected":false},"author":482,"featured_media":64809,"comment_status":"open","ping_status":"open","sticky":false,"template":"","format":"standard","meta":{"advanced_seo_description":"","jetpack_seo_html_title":"","jetpack_seo_noindex":false,"_jetpack_memberships_contains_paid_content":false,"footnotes":""},"categories":[15],"tags":[],"class_list":["post-64808","post","type-post","status-publish","format-standard","has-post-thumbnail","hentry","category-comunidad"],"jetpack_featured_media_url":"https:\/\/i0.wp.com\/eltrabajo.cl\/portal\/wp-content\/uploads\/2015\/12\/carro_cuarta_nuevo3.jpg?fit=530%2C348&ssl=1","jetpack_sharing_enabled":true,"jetpack_likes_enabled":true,"jetpack-related-posts":[],"_links":{"self":[{"href":"https:\/\/eltrabajo.cl\/portal\/wp-json\/wp\/v2\/posts\/64808","targetHints":{"allow":["GET"]}}],"collection":[{"href":"https:\/\/eltrabajo.cl\/portal\/wp-json\/wp\/v2\/posts"}],"about":[{"href":"https:\/\/eltrabajo.cl\/portal\/wp-json\/wp\/v2\/types\/post"}],"author":[{"embeddable":true,"href":"https:\/\/eltrabajo.cl\/portal\/wp-json\/wp\/v2\/users\/482"}],"replies":[{"embeddable":true,"href":"https:\/\/eltrabajo.cl\/portal\/wp-json\/wp\/v2\/comments?post=64808"}],"version-history":[{"count":0,"href":"https:\/\/eltrabajo.cl\/portal\/wp-json\/wp\/v2\/posts\/64808\/revisions"}],"wp:featuredmedia":[{"embeddable":true,"href":"https:\/\/eltrabajo.cl\/portal\/wp-json\/wp\/v2\/media\/64809"}],"wp:attachment":[{"href":"https:\/\/eltrabajo.cl\/portal\/wp-json\/wp\/v2\/media?parent=64808"}],"wp:term":[{"taxonomy":"category","embeddable":true,"href":"https:\/\/eltrabajo.cl\/portal\/wp-json\/wp\/v2\/categories?post=64808"},{"taxonomy":"post_tag","embeddable":true,"href":"https:\/\/eltrabajo.cl\/portal\/wp-json\/wp\/v2\/tags?post=64808"}],"curies":[{"name":"wp","href":"https:\/\/api.w.org\/{rel}","templated":true}]}}