{"id":64814,"date":"2015-12-15T14:31:42","date_gmt":"2015-12-15T17:31:42","guid":{"rendered":"http:\/\/www.eltrabajo.cl\/portal\/?p=64814"},"modified":"2015-12-15T14:31:42","modified_gmt":"2015-12-15T17:31:42","slug":"junto-a-cecilia-echenique-llayllainos-disfrutaron-de-concierto-navideno","status":"publish","type":"post","link":"https:\/\/eltrabajo.cl\/portal\/junto-a-cecilia-echenique-llayllainos-disfrutaron-de-concierto-navideno\/","title":{"rendered":"Junto a Cecilia Eche\u00f1ique, llaylla\u00ednos disfrutaron de concierto navide\u00f1o"},"content":{"rendered":"<figure id=\"attachment_64815\" aria-describedby=\"caption-attachment-64815\" style=\"width: 300px\" class=\"wp-caption alignleft\"><img data-recalc-dims=\"1\" loading=\"lazy\" decoding=\"async\" class=\"wp-image-64815 size-medium\" src=\"https:\/\/i0.wp.com\/www.eltrabajo.cl\/portal\/wp-content\/uploads\/2015\/12\/CECILIA-ECHENIQUE-300x198.jpg?resize=300%2C198\" alt=\"La cantante nacional, Cecilia Echenique realiz\u00f3 una presentaci\u00f3n de villancicos navide\u00f1os junto al coro de ni\u00f1os de San Ram\u00f3n, en el marco de sus conciertos \u2018Recorriendo Chile\u2019.\" width=\"300\" height=\"198\" srcset=\"https:\/\/i0.wp.com\/eltrabajo.cl\/portal\/wp-content\/uploads\/2015\/12\/CECILIA-ECHENIQUE.jpg?resize=300%2C198&amp;ssl=1 300w, https:\/\/i0.wp.com\/eltrabajo.cl\/portal\/wp-content\/uploads\/2015\/12\/CECILIA-ECHENIQUE.jpg?resize=200%2C132&amp;ssl=1 200w, https:\/\/i0.wp.com\/eltrabajo.cl\/portal\/wp-content\/uploads\/2015\/12\/CECILIA-ECHENIQUE.jpg?resize=227%2C150&amp;ssl=1 227w, https:\/\/i0.wp.com\/eltrabajo.cl\/portal\/wp-content\/uploads\/2015\/12\/CECILIA-ECHENIQUE.jpg?resize=400%2C264&amp;ssl=1 400w, https:\/\/i0.wp.com\/eltrabajo.cl\/portal\/wp-content\/uploads\/2015\/12\/CECILIA-ECHENIQUE.jpg?w=530&amp;ssl=1 530w\" sizes=\"auto, (max-width: 300px) 100vw, 300px\" \/><figcaption id=\"caption-attachment-64815\" class=\"wp-caption-text\">La cantante nacional, Cecilia Echenique realiz\u00f3 una presentaci\u00f3n de villancicos navide\u00f1os junto al coro de ni\u00f1os de San Ram\u00f3n, en el marco de sus conciertos \u2018Recorriendo Chile\u2019.<\/figcaption><\/figure>\n<p><strong>LLAY LLAY.<\/strong>&#8211; Cecilia Eche\u00f1ique y el coro de ni\u00f1os y ni\u00f1as cantores de la comuna de San Ram\u00f3n, inici\u00f3 su calendario de conciertos de villancicos \u2018Recorriendo Chile\u2019, en la ciudad del Viento Viento. \u00abMuy contenta, hoy d\u00eda partimos en Llay Llay, terminamos el 23 en Talca\u00bb, expres\u00f3 la cantante.<br \/>\nLa iniciativa del municipio, entreg\u00f3 un pre\u00e1mbulo navide\u00f1o a un p\u00fablico familiar, que se convoc\u00f3 en el frontis del edificio municipal en Llay Llay, para disfrutar del nutrido repertorio de canciones navide\u00f1as.<br \/>\nEl maravilloso espect\u00e1culo forma parte de la agenda de actividades del mes de diciembre, manifest\u00f3 el alcalde Mario Marillanca, \u00abhicimos un esfuerzo y lo trajimos para que los vecinos disfrutaran\u00bb, a\u00f1adi\u00f3, \u00abeste mes hemos tenido diversas actividades, carnaval, villancicos con la Iglesia Cat\u00f3lica, y el 18 estaremos con la fiesta de la entrega de juguetes por navidad\u00bb.<br \/>\nLa cantante que calific\u00f3 su presentaci\u00f3n como una \u00abexperiencia muy linda, el p\u00fablico muy c\u00e1lido, muy entusiasmado\u00bb, agradeci\u00f3 al alcalde Mario Marillanca por la invitaci\u00f3n.<br \/>\n<strong>Marianela Quevedo<\/strong><\/p>\n","protected":false},"excerpt":{"rendered":"<p>LLAY LLAY.&#8211; Cecilia Eche\u00f1ique y el coro de ni\u00f1os y ni\u00f1as cantores de la comuna de San Ram\u00f3n, inici\u00f3 su calendario de conciertos de villancicos \u2018Recorriendo Chile\u2019, en la ciudad del Viento&#8230;<\/p>\n","protected":false},"author":482,"featured_media":64815,"comment_status":"open","ping_status":"open","sticky":false,"template":"","format":"standard","meta":{"advanced_seo_description":"","jetpack_seo_html_title":"","jetpack_seo_noindex":false,"_jetpack_memberships_contains_paid_content":false,"footnotes":""},"categories":[15],"tags":[],"class_list":["post-64814","post","type-post","status-publish","format-standard","has-post-thumbnail","hentry","category-comunidad"],"jetpack_featured_media_url":"https:\/\/i0.wp.com\/eltrabajo.cl\/portal\/wp-content\/uploads\/2015\/12\/CECILIA-ECHENIQUE.jpg?fit=530%2C350&ssl=1","jetpack_sharing_enabled":true,"jetpack_likes_enabled":true,"jetpack-related-posts":[],"_links":{"self":[{"href":"https:\/\/eltrabajo.cl\/portal\/wp-json\/wp\/v2\/posts\/64814","targetHints":{"allow":["GET"]}}],"collection":[{"href":"https:\/\/eltrabajo.cl\/portal\/wp-json\/wp\/v2\/posts"}],"about":[{"href":"https:\/\/eltrabajo.cl\/portal\/wp-json\/wp\/v2\/types\/post"}],"author":[{"embeddable":true,"href":"https:\/\/eltrabajo.cl\/portal\/wp-json\/wp\/v2\/users\/482"}],"replies":[{"embeddable":true,"href":"https:\/\/eltrabajo.cl\/portal\/wp-json\/wp\/v2\/comments?post=64814"}],"version-history":[{"count":0,"href":"https:\/\/eltrabajo.cl\/portal\/wp-json\/wp\/v2\/posts\/64814\/revisions"}],"wp:featuredmedia":[{"embeddable":true,"href":"https:\/\/eltrabajo.cl\/portal\/wp-json\/wp\/v2\/media\/64815"}],"wp:attachment":[{"href":"https:\/\/eltrabajo.cl\/portal\/wp-json\/wp\/v2\/media?parent=64814"}],"wp:term":[{"taxonomy":"category","embeddable":true,"href":"https:\/\/eltrabajo.cl\/portal\/wp-json\/wp\/v2\/categories?post=64814"},{"taxonomy":"post_tag","embeddable":true,"href":"https:\/\/eltrabajo.cl\/portal\/wp-json\/wp\/v2\/tags?post=64814"}],"curies":[{"name":"wp","href":"https:\/\/api.w.org\/{rel}","templated":true}]}}