{"id":64817,"date":"2015-12-15T14:33:05","date_gmt":"2015-12-15T17:33:05","guid":{"rendered":"http:\/\/www.eltrabajo.cl\/portal\/?p=64817"},"modified":"2015-12-15T14:33:05","modified_gmt":"2015-12-15T17:33:05","slug":"certifican-a-integrantes-de-la-escuela-la-razon-del-dirigente","status":"publish","type":"post","link":"https:\/\/eltrabajo.cl\/portal\/certifican-a-integrantes-de-la-escuela-la-razon-del-dirigente\/","title":{"rendered":"Certifican a integrantes de la Escuela La Raz\u00f3n del Dirigente"},"content":{"rendered":"<figure id=\"attachment_64818\" aria-describedby=\"caption-attachment-64818\" style=\"width: 300px\" class=\"wp-caption alignleft\"><img data-recalc-dims=\"1\" loading=\"lazy\" decoding=\"async\" class=\"wp-image-64818 size-medium\" src=\"https:\/\/i0.wp.com\/www.eltrabajo.cl\/portal\/wp-content\/uploads\/2015\/12\/certificacion-300x199.jpg?resize=300%2C199\" alt=\"El alcalde Patricio Freire junto a dirigentes sociales de San Felipe, que por primer a\u00f1o y de manera aut\u00f3noma participaron de la iniciativa denominada \u2018Escuela La Raz\u00f3n del Dirigente\u2019.\" width=\"300\" height=\"199\" srcset=\"https:\/\/i0.wp.com\/eltrabajo.cl\/portal\/wp-content\/uploads\/2015\/12\/certificacion.jpg?resize=300%2C199&amp;ssl=1 300w, https:\/\/i0.wp.com\/eltrabajo.cl\/portal\/wp-content\/uploads\/2015\/12\/certificacion.jpg?resize=200%2C133&amp;ssl=1 200w, https:\/\/i0.wp.com\/eltrabajo.cl\/portal\/wp-content\/uploads\/2015\/12\/certificacion.jpg?resize=226%2C150&amp;ssl=1 226w, https:\/\/i0.wp.com\/eltrabajo.cl\/portal\/wp-content\/uploads\/2015\/12\/certificacion.jpg?resize=400%2C265&amp;ssl=1 400w, https:\/\/i0.wp.com\/eltrabajo.cl\/portal\/wp-content\/uploads\/2015\/12\/certificacion.jpg?w=528&amp;ssl=1 528w\" sizes=\"auto, (max-width: 300px) 100vw, 300px\" \/><figcaption id=\"caption-attachment-64818\" class=\"wp-caption-text\">El alcalde Patricio Freire junto a dirigentes sociales de San Felipe, que por primer a\u00f1o y de manera aut\u00f3noma participaron de la iniciativa denominada \u2018Escuela La Raz\u00f3n del Dirigente\u2019.<\/figcaption><\/figure>\n<ul>\n<li><strong>Dirigentes de la comuna participaron en jornadas de trabajo con relatores municipales, de la Seremi de Gobierno y de la Universidad de Playa Ancha.<\/strong><\/li>\n<\/ul>\n<p>Tras varias sesiones donde participaron en talleres y seminarios, abordando tem\u00e1ticas tales como formulaci\u00f3n de proyectos, comunicaci\u00f3n efectiva y oratoria, liderazgo, computaci\u00f3n e ingl\u00e9s b\u00e1sico, entre otras, se realiz\u00f3 en el auditorio de la Universidad de Playa Ancha de San Felipe, la certificaci\u00f3n de los cerca de 30 dirigentes sociales de la comuna, que por primer a\u00f1o y de manera aut\u00f3noma desarrollaron la iniciativa denominada \u2018Escuela La Raz\u00f3n del Dirigente\u2019.<br \/>\nFue la Universidad de Playa Ancha, la que puso a disposici\u00f3n de los dirigentes vecinales sus dependencias para el desarrollo de esta instancia de formaci\u00f3n, contando con el apoyo f\u00e9rreo de la Gobernaci\u00f3n de San Felipe, la Seremi de Gobierno y la Municipalidad a trav\u00e9s de la direcci\u00f3n de Desarrollo Comunitario.<br \/>\nEn la ocasi\u00f3n, Marianela Roco, presidenta de la Escuela La Raz\u00f3n del Dirigente, manifest\u00f3 que resulta de enorme importancia para ellos propiciar instancias de formaci\u00f3n continua, en el entendido que hoy d\u00eda, la comunidad requiere de dirigentes que posean las herramientas y capacidades para desarrollar de la mejor manera su labor.<br \/>\n\u00abEstamos muy agradecidos del respaldo que tuvimos de parte de la Universidad de Playa Ancha, la Gobernaci\u00f3n, la Seremi de Gobierno y el Municipio de San Felipe, porque los dirigentes tenemos que estar en constante capacitaci\u00f3n y lo que aprendimos es sumamente importante para nuestra actividad\u00bb, se\u00f1al\u00f3.<br \/>\nLa Escuela \u2018La Raz\u00f3n del Dirigente\u2019 surgi\u00f3 como idea el a\u00f1o 2010 a ra\u00edz de la evaluaci\u00f3n que se realiz\u00f3 en tres jornadas de trabajo realizada con dirigentes de San Felipe, continuando su trabajo entre mayo y agosto de 2011.<br \/>\nEl 2012, fue un a\u00f1o clave para esta escuela, ya que el 7 de agosto se constituye legalmente bajo la personalidad jur\u00eddica N\u00b0 1257, con el objetivo de mejorar los conocimientos de los dirigentes y tener momentos de intercambio de opiniones entre ellos para fortalecerlos tanto como personas como en su accionar diario en sus respectivas organizaciones.<br \/>\nDe esta forma el a\u00f1o 2013 y 2014 la escuela sigui\u00f3 al alero de la Municipalidad de San Felipe, para emprender este 2015 un camino que tiene por finalidad fortalecer los conocimientos adquiridos y obtener nuevas herramientas de comunicaci\u00f3n, educaci\u00f3n c\u00edvica, conocimiento de la estructura administrativa del Estado, formulaci\u00f3n de proyectos, t\u00e9cnicas de comunicaci\u00f3n y oratoria, y todas aquellas herramientas que hagan m\u00e1s fruct\u00edfera su labor de dirigentes.<br \/>\nEn este sentido, el alcalde Patricio Freire destac\u00f3 la iniciativa que han demostrado los dirigentes que se agruparon formal y legalmente, manifestando que \u00abnecesitamos tener dirigentes empoderados y con las herramientas necesarias para liderar sus comunidades\u00bb.<br \/>\nUna opini\u00f3n similar expres\u00f3 el gobernador Eduardo Le\u00f3n, quien manifest\u00f3 que el inter\u00e9s de que la Escuela La Raz\u00f3n del Dirigente siga creciendo, ya que junto a ellos tambi\u00e9n crece toda la comunidad.<br \/>\nDesde la UPLA, su director acad\u00e9mico Eduardo Lazcano, reconoci\u00f3 la necesidad de que una casa de estudios superiores p\u00fablica, sea la que abra sus puertas para trabajar con la comunidad, por lo que manifest\u00f3 que mantienen su compromiso para continuar apoyando la gesti\u00f3n de este grupo de l\u00edderes sociales de la comuna, a objeto de que desarrollen nuevas acciones formativas.<\/p>\n","protected":false},"excerpt":{"rendered":"<p>Dirigentes de la comuna participaron en jornadas de trabajo con relatores municipales, de la Seremi de Gobierno y de la Universidad de Playa Ancha. Tras varias sesiones donde participaron en talleres y&#8230;<\/p>\n","protected":false},"author":482,"featured_media":64818,"comment_status":"open","ping_status":"open","sticky":false,"template":"","format":"standard","meta":{"advanced_seo_description":"","jetpack_seo_html_title":"","jetpack_seo_noindex":false,"_jetpack_memberships_contains_paid_content":false,"footnotes":""},"categories":[15],"tags":[],"class_list":["post-64817","post","type-post","status-publish","format-standard","has-post-thumbnail","hentry","category-comunidad"],"jetpack_featured_media_url":"https:\/\/i0.wp.com\/eltrabajo.cl\/portal\/wp-content\/uploads\/2015\/12\/certificacion.jpg?fit=528%2C350&ssl=1","jetpack_sharing_enabled":true,"jetpack_likes_enabled":true,"jetpack-related-posts":[],"_links":{"self":[{"href":"https:\/\/eltrabajo.cl\/portal\/wp-json\/wp\/v2\/posts\/64817","targetHints":{"allow":["GET"]}}],"collection":[{"href":"https:\/\/eltrabajo.cl\/portal\/wp-json\/wp\/v2\/posts"}],"about":[{"href":"https:\/\/eltrabajo.cl\/portal\/wp-json\/wp\/v2\/types\/post"}],"author":[{"embeddable":true,"href":"https:\/\/eltrabajo.cl\/portal\/wp-json\/wp\/v2\/users\/482"}],"replies":[{"embeddable":true,"href":"https:\/\/eltrabajo.cl\/portal\/wp-json\/wp\/v2\/comments?post=64817"}],"version-history":[{"count":0,"href":"https:\/\/eltrabajo.cl\/portal\/wp-json\/wp\/v2\/posts\/64817\/revisions"}],"wp:featuredmedia":[{"embeddable":true,"href":"https:\/\/eltrabajo.cl\/portal\/wp-json\/wp\/v2\/media\/64818"}],"wp:attachment":[{"href":"https:\/\/eltrabajo.cl\/portal\/wp-json\/wp\/v2\/media?parent=64817"}],"wp:term":[{"taxonomy":"category","embeddable":true,"href":"https:\/\/eltrabajo.cl\/portal\/wp-json\/wp\/v2\/categories?post=64817"},{"taxonomy":"post_tag","embeddable":true,"href":"https:\/\/eltrabajo.cl\/portal\/wp-json\/wp\/v2\/tags?post=64817"}],"curies":[{"name":"wp","href":"https:\/\/api.w.org\/{rel}","templated":true}]}}