{"id":64820,"date":"2015-12-15T14:34:32","date_gmt":"2015-12-15T17:34:32","guid":{"rendered":"http:\/\/www.eltrabajo.cl\/portal\/?p=64820"},"modified":"2015-12-15T14:34:32","modified_gmt":"2015-12-15T17:34:32","slug":"hoy-parte-decima-version-del-festival-de-cine-y-muestra-santa-maria","status":"publish","type":"post","link":"https:\/\/eltrabajo.cl\/portal\/hoy-parte-decima-version-del-festival-de-cine-y-muestra-santa-maria\/","title":{"rendered":"Hoy parte d\u00e9cima versi\u00f3n del Festival de Cine y Muestra Santa Mar\u00eda"},"content":{"rendered":"<figure id=\"attachment_64821\" aria-describedby=\"caption-attachment-64821\" style=\"width: 300px\" class=\"wp-caption alignleft\"><img data-recalc-dims=\"1\" loading=\"lazy\" decoding=\"async\" class=\"wp-image-64821 size-medium\" src=\"https:\/\/i0.wp.com\/www.eltrabajo.cl\/portal\/wp-content\/uploads\/2015\/12\/Cristian-Munoz-Director-del-FECIM-300x198.jpg?resize=300%2C198\" alt=\"Cristi\u00e1n Mu\u00f1oz, director del Fecim.\" width=\"300\" height=\"198\" srcset=\"https:\/\/i0.wp.com\/eltrabajo.cl\/portal\/wp-content\/uploads\/2015\/12\/Cristian-Munoz-Director-del-FECIM.jpg?resize=300%2C198&amp;ssl=1 300w, https:\/\/i0.wp.com\/eltrabajo.cl\/portal\/wp-content\/uploads\/2015\/12\/Cristian-Munoz-Director-del-FECIM.jpg?resize=200%2C132&amp;ssl=1 200w, https:\/\/i0.wp.com\/eltrabajo.cl\/portal\/wp-content\/uploads\/2015\/12\/Cristian-Munoz-Director-del-FECIM.jpg?resize=228%2C150&amp;ssl=1 228w, https:\/\/i0.wp.com\/eltrabajo.cl\/portal\/wp-content\/uploads\/2015\/12\/Cristian-Munoz-Director-del-FECIM.jpg?resize=400%2C263&amp;ssl=1 400w, https:\/\/i0.wp.com\/eltrabajo.cl\/portal\/wp-content\/uploads\/2015\/12\/Cristian-Munoz-Director-del-FECIM.jpg?w=530&amp;ssl=1 530w\" sizes=\"auto, (max-width: 300px) 100vw, 300px\" \/><figcaption id=\"caption-attachment-64821\" class=\"wp-caption-text\">Cristi\u00e1n Mu\u00f1oz, director del Fecim.<\/figcaption><\/figure>\n<ul>\n<li><strong>Festival se realizar\u00e1 en el Cine municipal de la comuna y tambi\u00e9n tendr\u00e1 proyecciones en 3 establecimientos educacionales.<\/strong><\/li>\n<\/ul>\n<p>Con la proyecci\u00f3n del Largometraje \u2018Ra\u00fal\u2019, del Director chileno Mat\u00edas Benavley con la presencia de \u00e9ste y el protagonista del film, el actor chileno \u00d3scar Hern\u00e1ndez, hoy desde las 20 horas y hasta el pr\u00f3ximo 19 de diciembre se realizar\u00e1 la d\u00e9cima versi\u00f3n del Fecim, Festival de Cine y Muestra de Santa Mar\u00eda<br \/>\nAdem\u00e1s de las distintas realizaciones que se expondr\u00e1n durante los 5 d\u00edas que dure este Festival, por segundo a\u00f1o consecutivo, se desarrollar\u00e1 la competencia de cortos y documentales, que el 2014 tuvo participaci\u00f3n local con la pel\u00edcula \u2018Pasi\u00f3n de F\u00fatbol\u2019, de un realizador de Los Andes, y que este a\u00f1o en la jornada de cierre expondr\u00e1 un trabajo llamado \u2018Anhelo\u2019, rodado \u00edntegramente en la Comuna de Santa Mar\u00eda y que cuenta con la participaci\u00f3n y presencia de la actriz Gabriela Medina<br \/>\nRodrigo Salinas, productor del Festival destac\u00f3 que el Fecim est\u00e1 posicionado como el \u00fanico espacio de difusi\u00f3n de Cine y Documentales en las Provincias del Aconcagua y detall\u00f3 que \u201cen esta oportunidad el \u00e9nfasis est\u00e1 puesto en el nuevo cine chileno, de corte social y bien diverso\u201d.<br \/>\nRespecto de las jornadas de competencia, los d\u00edas 17 y 18, Salinas describi\u00f3 que \u201chabr\u00e1 cuatro cortometrajes en competencia, uno de ellos \u2018Silvia\u2019, ganador del Festival de Cine de la Habana Cuba. Tambi\u00e9n estar\u00e1 \u2018Pies secos\u2019, \u2018Por aqu\u00ed pas\u00f3 el Diablo\u2019 (pel\u00edcula de un realizador llaylla\u00edno) y \u2018La \u00daltima Funci\u00f3n\u2019, cortometraje de estudiantes de cine de la Universidad de Chile\u201d, apunt\u00f3<br \/>\nCristi\u00e1n Mu\u00f1oz, Director del Fecim, invit\u00f3 a los aconcag\u00fcinos a formar parte de la escena, manifestando que \u201cestamos trabajando con otras instituciones y organismos como el caso del centro cultural Pocuro y lo otro es que hemos podido dar a conocer el festival durante estos 10 a\u00f1os, por lo tanto tenemos presencia de p\u00fablico de todo el Valle de Aconcagua\u201d, remat\u00f3.<br \/>\nEn su segunda Jornada, ma\u00f1ana mi\u00e9rcoles 16, el Fecim contempla la Muestra Documental Nacional en las escuelas de Santa Mar\u00eda Julio Tejedor, Colegio Santa Filomena y la Escuela Guillermo Ba\u00f1ados, donde se proyectar\u00e1n los trabajos \u2018Chewkepvllv\u2019, \u2018El canal\u2019 y \u2018Dos pueblos, dos culturas, dos idiomas\u2019, respectivamente.<\/p>\n","protected":false},"excerpt":{"rendered":"<p>Festival se realizar\u00e1 en el Cine municipal de la comuna y tambi\u00e9n tendr\u00e1 proyecciones en 3 establecimientos educacionales. Con la proyecci\u00f3n del Largometraje \u2018Ra\u00fal\u2019, del Director chileno Mat\u00edas Benavley con la presencia&#8230;<\/p>\n","protected":false},"author":482,"featured_media":64821,"comment_status":"open","ping_status":"open","sticky":false,"template":"","format":"standard","meta":{"advanced_seo_description":"","jetpack_seo_html_title":"","jetpack_seo_noindex":false,"_jetpack_memberships_contains_paid_content":false,"footnotes":""},"categories":[15],"tags":[],"class_list":["post-64820","post","type-post","status-publish","format-standard","has-post-thumbnail","hentry","category-comunidad"],"jetpack_featured_media_url":"https:\/\/i0.wp.com\/eltrabajo.cl\/portal\/wp-content\/uploads\/2015\/12\/Cristian-Munoz-Director-del-FECIM.jpg?fit=530%2C349&ssl=1","jetpack_sharing_enabled":true,"jetpack_likes_enabled":true,"jetpack-related-posts":[],"_links":{"self":[{"href":"https:\/\/eltrabajo.cl\/portal\/wp-json\/wp\/v2\/posts\/64820","targetHints":{"allow":["GET"]}}],"collection":[{"href":"https:\/\/eltrabajo.cl\/portal\/wp-json\/wp\/v2\/posts"}],"about":[{"href":"https:\/\/eltrabajo.cl\/portal\/wp-json\/wp\/v2\/types\/post"}],"author":[{"embeddable":true,"href":"https:\/\/eltrabajo.cl\/portal\/wp-json\/wp\/v2\/users\/482"}],"replies":[{"embeddable":true,"href":"https:\/\/eltrabajo.cl\/portal\/wp-json\/wp\/v2\/comments?post=64820"}],"version-history":[{"count":0,"href":"https:\/\/eltrabajo.cl\/portal\/wp-json\/wp\/v2\/posts\/64820\/revisions"}],"wp:featuredmedia":[{"embeddable":true,"href":"https:\/\/eltrabajo.cl\/portal\/wp-json\/wp\/v2\/media\/64821"}],"wp:attachment":[{"href":"https:\/\/eltrabajo.cl\/portal\/wp-json\/wp\/v2\/media?parent=64820"}],"wp:term":[{"taxonomy":"category","embeddable":true,"href":"https:\/\/eltrabajo.cl\/portal\/wp-json\/wp\/v2\/categories?post=64820"},{"taxonomy":"post_tag","embeddable":true,"href":"https:\/\/eltrabajo.cl\/portal\/wp-json\/wp\/v2\/tags?post=64820"}],"curies":[{"name":"wp","href":"https:\/\/api.w.org\/{rel}","templated":true}]}}