{"id":64823,"date":"2015-12-15T14:37:27","date_gmt":"2015-12-15T17:37:27","guid":{"rendered":"http:\/\/www.eltrabajo.cl\/portal\/?p=64823"},"modified":"2015-12-15T14:37:27","modified_gmt":"2015-12-15T17:37:27","slug":"cientos-de-sanfelipenos-presenciaron-junto-a-sus-familias-la-comedia-musical-un-reino-de-hielo","status":"publish","type":"post","link":"https:\/\/eltrabajo.cl\/portal\/cientos-de-sanfelipenos-presenciaron-junto-a-sus-familias-la-comedia-musical-un-reino-de-hielo\/","title":{"rendered":"Cientos de sanfelipe\u00f1os presenciaron junto a sus familias la comedia musical \u2018Un Reino de Hielo\u2019"},"content":{"rendered":"<figure id=\"attachment_64824\" aria-describedby=\"caption-attachment-64824\" style=\"width: 300px\" class=\"wp-caption alignleft\"><img data-recalc-dims=\"1\" loading=\"lazy\" decoding=\"async\" class=\"wp-image-64824 size-medium\" src=\"https:\/\/i0.wp.com\/www.eltrabajo.cl\/portal\/wp-content\/uploads\/2015\/12\/musical-1-300x198.jpg?resize=300%2C198\" alt=\"Este viernes, ni\u00f1os y j\u00f3venes disfrutaron de la comedia musical \u2018Un Reino de Hielo\u2019, de la compa\u00f1\u00eda Sue\u00f1os, en la plaza c\u00edvica de San Felipe.\" width=\"300\" height=\"198\" srcset=\"https:\/\/i0.wp.com\/eltrabajo.cl\/portal\/wp-content\/uploads\/2015\/12\/musical-1.jpg?resize=300%2C198&amp;ssl=1 300w, https:\/\/i0.wp.com\/eltrabajo.cl\/portal\/wp-content\/uploads\/2015\/12\/musical-1.jpg?resize=200%2C132&amp;ssl=1 200w, https:\/\/i0.wp.com\/eltrabajo.cl\/portal\/wp-content\/uploads\/2015\/12\/musical-1.jpg?resize=227%2C150&amp;ssl=1 227w, https:\/\/i0.wp.com\/eltrabajo.cl\/portal\/wp-content\/uploads\/2015\/12\/musical-1.jpg?resize=400%2C264&amp;ssl=1 400w, https:\/\/i0.wp.com\/eltrabajo.cl\/portal\/wp-content\/uploads\/2015\/12\/musical-1.jpg?w=530&amp;ssl=1 530w\" sizes=\"auto, (max-width: 300px) 100vw, 300px\" \/><figcaption id=\"caption-attachment-64824\" class=\"wp-caption-text\">Este viernes, ni\u00f1os y j\u00f3venes disfrutaron de la comedia musical \u2018Un Reino de Hielo\u2019, de la compa\u00f1\u00eda Sue\u00f1os, en la plaza c\u00edvica de San Felipe.<\/figcaption><\/figure>\n<p>Cientos de vecinos, que llegaron en familia hasta la plaza c\u00edvica de San Felipe, disfrutaron de la comedia musical \u2018Un reino de hielo\u2019, que present\u00f3 el viernes reci\u00e9n pasado la compa\u00f1\u00eda de teatro \u2018Sue\u00f1os\u2019.<br \/>\nNi\u00f1os y j\u00f3venes disfrutaron de un montaje que combin\u00f3 un tremendo talento de 12 actores en una obra que cont\u00f3 con tecnolog\u00eda 2D y que est\u00e1 basada en el libro \u2018La reina de las nieves\u2019, que inspir\u00f3 la pel\u00edcula \u2018Frozen\u2019.<br \/>\nMiguel \u00c1ngel, al igual que cientos de vecinos, lleg\u00f3 junto a su familia a disfrutar de la obra. \u00abMuy bonito, encuentro s\u00faper bien que lleguen estos espect\u00e1culos, en verano para que disfruten los ni\u00f1os\u00bb, mientras que Valentina encontr\u00f3 el espect\u00e1culo \u00abmuy lindo, muy lindo el gesto de traer este espect\u00e1culo a la ciudad, nos encanta Frozen as\u00ed que muchas gracias, estuvo precioso, todo lo que sea cultura ah\u00ed vamos a estar\u00bb y Cristi\u00e1n, otro de los asistentes se\u00f1al\u00f3 que \u00abestuvo muy lindo, es espectacular la cultura en San Felipe, es s\u00faper bueno esto para toda la comunidad, para que la gente se re\u00fana para compartir y que nos demos cuenta que de a poco San Felipe se ha ido culturizando\u00bb.<br \/>\nLa comedia musical presentada este viernes contaba la historia de una profec\u00eda con condenaba a un reino a vivir un inverno eterno. La joven Anna, el temerario monta\u00f1ero Kristoff y el reno Sven emprendieron un viaje \u00e9pico en busca de Elsa, hermana de Anna y Reina de las Nieves, para poner fin al g\u00e9lido hechizo.<br \/>\nNadia Chiappinotto, la actriz que protagoniz\u00f3 el papel de Elsa agradeci\u00f3 la participaci\u00f3n de los asistentes, especialmente de los ni\u00f1os, que interactuaron con los actores durante toda la obra.<br \/>\n\u00abEstoy muy contenta por el recibimiento y la oportunidad, nos han recibido muy bien, muy euf\u00f3ricos en las canciones, las han cantado todas, aparte de que se saben la historia, nos han demostrado mucho amor y cari\u00f1o. Gracias a la gente de San Felipe y gracias al Alcalde que nos trajeron hasta aqu\u00ed\u00bb, dijo la actriz.<br \/>\nEl alcalde Patricio Freire se mostr\u00f3 feliz de ver la gran cantidad de ni\u00f1os y pap\u00e1s disfrutando de un espect\u00e1culo de primer nivel en la comuna.<br \/>\n\u00abEstamos muy contentos de poder presentar este tipo de obras en nuestra comuna, estamos dando inicio a las presentaciones de verano y nos pone muy contentos la respuesta del p\u00fablico que lleg\u00f3 en gran cantidad, esa es nuestra motivaci\u00f3n que todos los vecinos, grandes y peque\u00f1os puedan disfrutar de este tipo de espect\u00e1culos\u00bb, dijo el jefe comunal.<\/p>\n<div class=\"tiled-gallery type-rectangular tiled-gallery-unresized\" data-original-width=\"640\" data-carousel-extra='null' itemscope itemtype=\"http:\/\/schema.org\/ImageGallery\" > <div class=\"gallery-row\" style=\"width: 640px; height: 213px;\" data-original-width=\"640\" data-original-height=\"213\" > <div class=\"gallery-group images-1\" style=\"width: 320px; height: 213px;\" data-original-width=\"320\" data-original-height=\"213\" > <div class=\"tiled-gallery-item tiled-gallery-item-large\" itemprop=\"associatedMedia\" itemscope itemtype=\"http:\/\/schema.org\/ImageObject\"> <a href=\"https:\/\/eltrabajo.cl\/portal\/cientos-de-sanfelipenos-presenciaron-junto-a-sus-familias-la-comedia-musical-un-reino-de-hielo\/musical-8\/\" border=\"0\" itemprop=\"url\"> <meta itemprop=\"width\" content=\"316\"> <meta itemprop=\"height\" content=\"209\"> <img decoding=\"async\" class=\"\" data-attachment-id=\"64826\" data-orig-file=\"https:\/\/eltrabajo.cl\/portal\/wp-content\/uploads\/2015\/12\/musical-8.jpg\" data-orig-size=\"530,350\" data-comments-opened=\"1\" data-image-meta=\"{&quot;aperture&quot;:&quot;0&quot;,&quot;credit&quot;:&quot;&quot;,&quot;camera&quot;:&quot;&quot;,&quot;caption&quot;:&quot;&quot;,&quot;created_timestamp&quot;:&quot;0&quot;,&quot;copyright&quot;:&quot;&quot;,&quot;focal_length&quot;:&quot;0&quot;,&quot;iso&quot;:&quot;0&quot;,&quot;shutter_speed&quot;:&quot;0&quot;,&quot;title&quot;:&quot;&quot;,&quot;orientation&quot;:&quot;0&quot;}\" data-image-title=\"musical (8)\" data-image-description=\"&lt;p&gt;El alcalde Patricio Freire entreg\u00f3 un reconocimiento a los actores que hicieron realidad esta hermosa presentaci\u00f3n para todas las familias sanfelipe\u00f1as. &lt;\/p&gt; \" data-medium-file=\"https:\/\/i0.wp.com\/eltrabajo.cl\/portal\/wp-content\/uploads\/2015\/12\/musical-8.jpg?fit=300%2C198&#038;ssl=1\" data-large-file=\"https:\/\/i0.wp.com\/eltrabajo.cl\/portal\/wp-content\/uploads\/2015\/12\/musical-8.jpg?fit=530%2C350&#038;ssl=1\" src=\"https:\/\/i0.wp.com\/eltrabajo.cl\/portal\/wp-content\/uploads\/2015\/12\/musical-8.jpg?w=316&#038;h=209&#038;ssl=1\" srcset=\"https:\/\/i0.wp.com\/eltrabajo.cl\/portal\/wp-content\/uploads\/2015\/12\/musical-8.jpg?w=530&amp;ssl=1 530w, https:\/\/i0.wp.com\/eltrabajo.cl\/portal\/wp-content\/uploads\/2015\/12\/musical-8.jpg?resize=200%2C132&amp;ssl=1 200w, https:\/\/i0.wp.com\/eltrabajo.cl\/portal\/wp-content\/uploads\/2015\/12\/musical-8.jpg?resize=300%2C198&amp;ssl=1 300w, https:\/\/i0.wp.com\/eltrabajo.cl\/portal\/wp-content\/uploads\/2015\/12\/musical-8.jpg?resize=227%2C150&amp;ssl=1 227w, https:\/\/i0.wp.com\/eltrabajo.cl\/portal\/wp-content\/uploads\/2015\/12\/musical-8.jpg?resize=400%2C264&amp;ssl=1 400w\" width=\"316\" height=\"209\" loading=\"lazy\" data-original-width=\"316\" data-original-height=\"209\" itemprop=\"http:\/\/schema.org\/image\" title=\"musical (8)\" alt=\"El alcalde Patricio Freire entreg\u00f3 un reconocimiento a los actores que hicieron realidad esta hermosa presentaci\u00f3n para todas las familias sanfelipe\u00f1as.\" style=\"width: 316px; height: 209px;\" \/> <\/a> <div class=\"tiled-gallery-caption\" itemprop=\"caption description\"> El alcalde Patricio Freire entreg\u00f3 un reconocimiento a los actores que hicieron realidad esta hermosa presentaci\u00f3n para todas las familias sanfelipe\u00f1as. <\/div> <\/div> <\/div> <!-- close group --> <div class=\"gallery-group images-1\" style=\"width: 320px; height: 213px;\" data-original-width=\"320\" data-original-height=\"213\" > <div class=\"tiled-gallery-item tiled-gallery-item-large\" itemprop=\"associatedMedia\" itemscope itemtype=\"http:\/\/schema.org\/ImageObject\"> <a href=\"https:\/\/eltrabajo.cl\/portal\/cientos-de-sanfelipenos-presenciaron-junto-a-sus-familias-la-comedia-musical-un-reino-de-hielo\/musical-6\/\" border=\"0\" itemprop=\"url\"> <meta itemprop=\"width\" content=\"316\"> <meta itemprop=\"height\" content=\"209\"> <img decoding=\"async\" class=\"\" data-attachment-id=\"64825\" data-orig-file=\"https:\/\/eltrabajo.cl\/portal\/wp-content\/uploads\/2015\/12\/musical-6.jpg\" data-orig-size=\"530,350\" data-comments-opened=\"1\" data-image-meta=\"{&quot;aperture&quot;:&quot;0&quot;,&quot;credit&quot;:&quot;&quot;,&quot;camera&quot;:&quot;&quot;,&quot;caption&quot;:&quot;&quot;,&quot;created_timestamp&quot;:&quot;0&quot;,&quot;copyright&quot;:&quot;&quot;,&quot;focal_length&quot;:&quot;0&quot;,&quot;iso&quot;:&quot;0&quot;,&quot;shutter_speed&quot;:&quot;0&quot;,&quot;title&quot;:&quot;&quot;,&quot;orientation&quot;:&quot;0&quot;}\" data-image-title=\"musical (6)\" data-image-description=\"&lt;p&gt;Cientos de ni\u00f1os junto a sus familias participaron de esta bella presentaci\u00f3n inspirada en la pel\u00edcula Frozen.&lt;\/p&gt; \" data-medium-file=\"https:\/\/i0.wp.com\/eltrabajo.cl\/portal\/wp-content\/uploads\/2015\/12\/musical-6.jpg?fit=300%2C198&#038;ssl=1\" data-large-file=\"https:\/\/i0.wp.com\/eltrabajo.cl\/portal\/wp-content\/uploads\/2015\/12\/musical-6.jpg?fit=530%2C350&#038;ssl=1\" src=\"https:\/\/i0.wp.com\/eltrabajo.cl\/portal\/wp-content\/uploads\/2015\/12\/musical-6.jpg?w=316&#038;h=209&#038;ssl=1\" srcset=\"https:\/\/i0.wp.com\/eltrabajo.cl\/portal\/wp-content\/uploads\/2015\/12\/musical-6.jpg?w=530&amp;ssl=1 530w, https:\/\/i0.wp.com\/eltrabajo.cl\/portal\/wp-content\/uploads\/2015\/12\/musical-6.jpg?resize=200%2C132&amp;ssl=1 200w, https:\/\/i0.wp.com\/eltrabajo.cl\/portal\/wp-content\/uploads\/2015\/12\/musical-6.jpg?resize=300%2C198&amp;ssl=1 300w, https:\/\/i0.wp.com\/eltrabajo.cl\/portal\/wp-content\/uploads\/2015\/12\/musical-6.jpg?resize=227%2C150&amp;ssl=1 227w, https:\/\/i0.wp.com\/eltrabajo.cl\/portal\/wp-content\/uploads\/2015\/12\/musical-6.jpg?resize=400%2C264&amp;ssl=1 400w\" width=\"316\" height=\"209\" loading=\"lazy\" data-original-width=\"316\" data-original-height=\"209\" itemprop=\"http:\/\/schema.org\/image\" title=\"musical (6)\" alt=\"Cientos de ni\u00f1os junto a sus familias participaron de esta bella presentaci\u00f3n inspirada en la pel\u00edcula Frozen.\" style=\"width: 316px; height: 209px;\" \/> <\/a> <div class=\"tiled-gallery-caption\" itemprop=\"caption description\"> Cientos de ni\u00f1os junto a sus familias participaron de esta bella presentaci\u00f3n inspirada en la pel\u00edcula Frozen. <\/div> <\/div> <\/div> <!-- close group --> <\/div> <!-- close row --> <\/div>\n","protected":false},"excerpt":{"rendered":"<p>Cientos de vecinos, que llegaron en familia hasta la plaza c\u00edvica de San Felipe, disfrutaron de la comedia musical \u2018Un reino de hielo\u2019, que present\u00f3 el viernes reci\u00e9n pasado la compa\u00f1\u00eda de&#8230;<\/p>\n","protected":false},"author":482,"featured_media":64824,"comment_status":"open","ping_status":"open","sticky":false,"template":"","format":"standard","meta":{"advanced_seo_description":"","jetpack_seo_html_title":"","jetpack_seo_noindex":false,"_jetpack_memberships_contains_paid_content":false,"footnotes":""},"categories":[15],"tags":[],"class_list":["post-64823","post","type-post","status-publish","format-standard","has-post-thumbnail","hentry","category-comunidad"],"jetpack_featured_media_url":"https:\/\/i0.wp.com\/eltrabajo.cl\/portal\/wp-content\/uploads\/2015\/12\/musical-1.jpg?fit=530%2C350&ssl=1","jetpack_sharing_enabled":true,"jetpack_likes_enabled":true,"jetpack-related-posts":[],"_links":{"self":[{"href":"https:\/\/eltrabajo.cl\/portal\/wp-json\/wp\/v2\/posts\/64823","targetHints":{"allow":["GET"]}}],"collection":[{"href":"https:\/\/eltrabajo.cl\/portal\/wp-json\/wp\/v2\/posts"}],"about":[{"href":"https:\/\/eltrabajo.cl\/portal\/wp-json\/wp\/v2\/types\/post"}],"author":[{"embeddable":true,"href":"https:\/\/eltrabajo.cl\/portal\/wp-json\/wp\/v2\/users\/482"}],"replies":[{"embeddable":true,"href":"https:\/\/eltrabajo.cl\/portal\/wp-json\/wp\/v2\/comments?post=64823"}],"version-history":[{"count":0,"href":"https:\/\/eltrabajo.cl\/portal\/wp-json\/wp\/v2\/posts\/64823\/revisions"}],"wp:featuredmedia":[{"embeddable":true,"href":"https:\/\/eltrabajo.cl\/portal\/wp-json\/wp\/v2\/media\/64824"}],"wp:attachment":[{"href":"https:\/\/eltrabajo.cl\/portal\/wp-json\/wp\/v2\/media?parent=64823"}],"wp:term":[{"taxonomy":"category","embeddable":true,"href":"https:\/\/eltrabajo.cl\/portal\/wp-json\/wp\/v2\/categories?post=64823"},{"taxonomy":"post_tag","embeddable":true,"href":"https:\/\/eltrabajo.cl\/portal\/wp-json\/wp\/v2\/tags?post=64823"}],"curies":[{"name":"wp","href":"https:\/\/api.w.org\/{rel}","templated":true}]}}