{"id":64828,"date":"2015-12-15T14:39:06","date_gmt":"2015-12-15T17:39:06","guid":{"rendered":"http:\/\/www.eltrabajo.cl\/portal\/?p=64828"},"modified":"2015-12-15T14:39:06","modified_gmt":"2015-12-15T17:39:06","slug":"mop-invertira-mas-de-300-millones-en-obras-de-conservacion-de-la-red-vial-basica-de-la-ruta-60ch","status":"publish","type":"post","link":"https:\/\/eltrabajo.cl\/portal\/mop-invertira-mas-de-300-millones-en-obras-de-conservacion-de-la-red-vial-basica-de-la-ruta-60ch\/","title":{"rendered":"Mop invertir\u00e1 m\u00e1s de $300 millones en obras de conservaci\u00f3n de la red vial b\u00e1sica de la ruta 60CH"},"content":{"rendered":"<figure id=\"attachment_64829\" aria-describedby=\"caption-attachment-64829\" style=\"width: 300px\" class=\"wp-caption alignleft\"><img data-recalc-dims=\"1\" loading=\"lazy\" decoding=\"async\" class=\"wp-image-64829 size-medium\" src=\"https:\/\/i0.wp.com\/www.eltrabajo.cl\/portal\/wp-content\/uploads\/2015\/12\/Alcalde-Pradenas-300x199.jpg?resize=300%2C199\" alt=\"Alcalde de Panquehue, Luis Pradenas.\" width=\"300\" height=\"199\" srcset=\"https:\/\/i0.wp.com\/eltrabajo.cl\/portal\/wp-content\/uploads\/2015\/12\/Alcalde-Pradenas.jpg?resize=300%2C199&amp;ssl=1 300w, https:\/\/i0.wp.com\/eltrabajo.cl\/portal\/wp-content\/uploads\/2015\/12\/Alcalde-Pradenas.jpg?resize=200%2C133&amp;ssl=1 200w, https:\/\/i0.wp.com\/eltrabajo.cl\/portal\/wp-content\/uploads\/2015\/12\/Alcalde-Pradenas.jpg?resize=226%2C150&amp;ssl=1 226w, https:\/\/i0.wp.com\/eltrabajo.cl\/portal\/wp-content\/uploads\/2015\/12\/Alcalde-Pradenas.jpg?resize=400%2C265&amp;ssl=1 400w, https:\/\/i0.wp.com\/eltrabajo.cl\/portal\/wp-content\/uploads\/2015\/12\/Alcalde-Pradenas.jpg?w=528&amp;ssl=1 528w\" sizes=\"auto, (max-width: 300px) 100vw, 300px\" \/><figcaption id=\"caption-attachment-64829\" class=\"wp-caption-text\">Alcalde de Panquehue, Luis Pradenas.<\/figcaption><\/figure>\n<ul>\n<li><strong>De acuerdo a lo manifestado por el alcalde Pradenas, los trabajos consideran la regulaci\u00f3n de la vegetaci\u00f3n distribuida en forma de arboleda entre Santa Celia- Lo Campo y el Tramo Palomar Interior, con la reposici\u00f3n de losas de hormig\u00f3n.<\/strong><\/li>\n<\/ul>\n<p><strong>PANQUEHUE<\/strong>.- Una inversi\u00f3n de $ 374.550.229 estar\u00e1 ejecutando el Ministerio de Obras P\u00fablicas, en la ejecuci\u00f3n del proyecto de Conservaci\u00f3n de la Red Vial B\u00e1sica, Conservaci\u00f3n Peri\u00f3dica camino 60 CH.<br \/>\nAs\u00ed lo inform\u00f3 el alcalde Luis Pradenas, luego de tomar conocimiento del oficio N\u00ba 734, remitido por el Secretario Regional Ministerial de Obras P\u00fablicas Miguel Saavedra, donde se se\u00f1ala, que el proyecto se enmarca dentro del programa de obras de conservaci\u00f3n.<br \/>\nEl proyecto considera trabajos en el tramo comprendido entre Santa Celia-Lo Campo, el cual cuenta con vegetaci\u00f3n distribuida en forma de arboleda en la faja fiscal que presentan riesgo de ca\u00edda, lo que genera situaciones de inseguridad vial. Por lo tanto, se considera la corta de los \u00e1rboles que presentan probabilidades de ca\u00edda, ya sea porque se encuentran quemados o inclinados, generando problemas de seguridad vial, con riesgo de accidentabilidad a los usuarios de la ruta. El sector de las obras de corta se encuentra con protecci\u00f3n ambiental de acuerdo a lo establecido en el D.S. N\u00ba 353 el cual le otorga protecci\u00f3n y regula las intervenciones de vegetaci\u00f3n realizada en el \u00e1rea que comprende el camino internacional, por lo que considera la reposici\u00f3n de la vegetaci\u00f3n a raz\u00f3n 1:1 bajo las condiciones establecidas en el programa de trabajo aprobado por la Conaf.<br \/>\nEn segunda instancia est\u00e1n las obras en el sector de Palomar Interior. En este tramo, el camino presenta un pavimento de hormig\u00f3n, el cual se encuentra con un estado de conservaci\u00f3n variable, que va de regular a un mal estado de conservaci\u00f3n, observ\u00e1ndose otros sectores que ya han sido sometidos a reparaci\u00f3n mediante obras de reposici\u00f3n de losas, por lo tanto, lo que se har\u00e1 en este tramo es la reposici\u00f3n de las losas de hormig\u00f3n en todo su espesor de aquellas que se encuentran en mal estado, en conjunto con el reemplazo de la subbase inmediatamente debajo del pavimento, en un espesor de 0,20 m como m\u00ednimo; a esto se agrega el sello de grietas de las losas que se encuentran en mejor estado, y de aquellos sectores con pavimento asf\u00e1ltico.<br \/>\nLos trabajos asimismo consideran el levantamiento de parches asf\u00e1lticos y colocaci\u00f3n de hormig\u00f3n, como tambi\u00e9n la reparaci\u00f3n de bermas mediante la aplicaci\u00f3n de un bacheo superficial manual con mezclas en caliente, junto con ello se contemplan obras de seguridad vial, como la demarcaci\u00f3n de pavimento y la colocaci\u00f3n de tachas.<\/p>\n","protected":false},"excerpt":{"rendered":"<p>De acuerdo a lo manifestado por el alcalde Pradenas, los trabajos consideran la regulaci\u00f3n de la vegetaci\u00f3n distribuida en forma de arboleda entre Santa Celia- Lo Campo y el Tramo Palomar Interior,&#8230;<\/p>\n","protected":false},"author":482,"featured_media":64829,"comment_status":"open","ping_status":"open","sticky":false,"template":"","format":"standard","meta":{"advanced_seo_description":"","jetpack_seo_html_title":"","jetpack_seo_noindex":false,"_jetpack_memberships_contains_paid_content":false,"footnotes":""},"categories":[1],"tags":[],"class_list":["post-64828","post","type-post","status-publish","format-standard","has-post-thumbnail","hentry","category-cronica"],"jetpack_featured_media_url":"https:\/\/i0.wp.com\/eltrabajo.cl\/portal\/wp-content\/uploads\/2015\/12\/Alcalde-Pradenas.jpg?fit=528%2C350&ssl=1","jetpack_sharing_enabled":true,"jetpack_likes_enabled":true,"jetpack-related-posts":[],"_links":{"self":[{"href":"https:\/\/eltrabajo.cl\/portal\/wp-json\/wp\/v2\/posts\/64828","targetHints":{"allow":["GET"]}}],"collection":[{"href":"https:\/\/eltrabajo.cl\/portal\/wp-json\/wp\/v2\/posts"}],"about":[{"href":"https:\/\/eltrabajo.cl\/portal\/wp-json\/wp\/v2\/types\/post"}],"author":[{"embeddable":true,"href":"https:\/\/eltrabajo.cl\/portal\/wp-json\/wp\/v2\/users\/482"}],"replies":[{"embeddable":true,"href":"https:\/\/eltrabajo.cl\/portal\/wp-json\/wp\/v2\/comments?post=64828"}],"version-history":[{"count":0,"href":"https:\/\/eltrabajo.cl\/portal\/wp-json\/wp\/v2\/posts\/64828\/revisions"}],"wp:featuredmedia":[{"embeddable":true,"href":"https:\/\/eltrabajo.cl\/portal\/wp-json\/wp\/v2\/media\/64829"}],"wp:attachment":[{"href":"https:\/\/eltrabajo.cl\/portal\/wp-json\/wp\/v2\/media?parent=64828"}],"wp:term":[{"taxonomy":"category","embeddable":true,"href":"https:\/\/eltrabajo.cl\/portal\/wp-json\/wp\/v2\/categories?post=64828"},{"taxonomy":"post_tag","embeddable":true,"href":"https:\/\/eltrabajo.cl\/portal\/wp-json\/wp\/v2\/tags?post=64828"}],"curies":[{"name":"wp","href":"https:\/\/api.w.org\/{rel}","templated":true}]}}