{"id":64831,"date":"2015-12-15T14:40:56","date_gmt":"2015-12-15T17:40:56","guid":{"rendered":"http:\/\/www.eltrabajo.cl\/portal\/?p=64831"},"modified":"2015-12-15T14:40:56","modified_gmt":"2015-12-15T17:40:56","slug":"con-multitudinaria-asistencia-iglesia-de-aconcagua-inicio-el-ano-santo-de-la-misericordia","status":"publish","type":"post","link":"https:\/\/eltrabajo.cl\/portal\/con-multitudinaria-asistencia-iglesia-de-aconcagua-inicio-el-ano-santo-de-la-misericordia\/","title":{"rendered":"Con multitudinaria asistencia Iglesia de Aconcagua inici\u00f3 el A\u00f1o Santo de la Misericordia"},"content":{"rendered":"<figure id=\"attachment_64832\" aria-describedby=\"caption-attachment-64832\" style=\"width: 300px\" class=\"wp-caption alignleft\"><img data-recalc-dims=\"1\" loading=\"lazy\" decoding=\"async\" class=\"wp-image-64832 size-medium\" src=\"https:\/\/i0.wp.com\/www.eltrabajo.cl\/portal\/wp-content\/uploads\/2015\/12\/Inicio-ano-santo-de-la-misericordia-3-300x198.jpg?resize=300%2C198\" alt=\"La ceremonia fue presidida por Mons. Contreras Molina y cont\u00f3 con la presencia del clero diocesano, seminaristas, di\u00e1conos y fieles que permanec\u00edan en la Plaza de Armas de la ciudad de San Felipe.\" width=\"300\" height=\"198\" srcset=\"https:\/\/i0.wp.com\/eltrabajo.cl\/portal\/wp-content\/uploads\/2015\/12\/Inicio-ano-santo-de-la-misericordia-3.jpg?resize=300%2C198&amp;ssl=1 300w, https:\/\/i0.wp.com\/eltrabajo.cl\/portal\/wp-content\/uploads\/2015\/12\/Inicio-ano-santo-de-la-misericordia-3.jpg?resize=200%2C132&amp;ssl=1 200w, https:\/\/i0.wp.com\/eltrabajo.cl\/portal\/wp-content\/uploads\/2015\/12\/Inicio-ano-santo-de-la-misericordia-3.jpg?resize=228%2C150&amp;ssl=1 228w, https:\/\/i0.wp.com\/eltrabajo.cl\/portal\/wp-content\/uploads\/2015\/12\/Inicio-ano-santo-de-la-misericordia-3.jpg?resize=400%2C263&amp;ssl=1 400w, https:\/\/i0.wp.com\/eltrabajo.cl\/portal\/wp-content\/uploads\/2015\/12\/Inicio-ano-santo-de-la-misericordia-3.jpg?w=530&amp;ssl=1 530w\" sizes=\"auto, (max-width: 300px) 100vw, 300px\" \/><figcaption id=\"caption-attachment-64832\" class=\"wp-caption-text\">La ceremonia fue presidida por Mons. Contreras Molina y cont\u00f3 con la presencia del clero diocesano, seminaristas, di\u00e1conos y fieles que permanec\u00edan en la Plaza de Armas de la ciudad de San Felipe.<\/figcaption><\/figure>\n<ul>\n<li><strong>Presididos por Mons. Contreras Molina cerca de 2 mil personas llegaron hasta San Felipe para la apertura de la Puerta Santa de la Iglesia Catedral este domingo 13 de diciembre.<\/strong><\/li>\n<\/ul>\n<p>Cerca de 2 mil personas se dieron cita para ser parte de la Apertura de la Puerta Santa de la Iglesia Catedral de la Di\u00f3cesis de Aconcagua. La celebraci\u00f3n que comenz\u00f3 a las 16:00 horas de este domingo 13 de diciembre, inici\u00f3 con cantos y din\u00e1micas realizadas por el Equipo de Animaci\u00f3n de la di\u00f3cesis, quienes fueron los responsables de recibir y animar a los cientos de fieles de diferentes comunidades parroquiales.<br \/>\nCon la presencia del clero diocesano, seminaristas, di\u00e1conos, fieles que permanec\u00edan en la plaza de armas de la ciudad de San Felipe, Mons. Cristi\u00e1n Contreras Molina inici\u00f3 el Rito de Apertura de la Puerta Santa, el que tuvo como primer momento la proclamaci\u00f3n del Evangelio de Lucas, Evangelio de la Misericordia. Luego de orar, el Obispo diocesano se dirigi\u00f3 hasta las puertas de la Catedral y tras golpearlas las abri\u00f3 ante el aplauso de los presentes.<br \/>\nEn la ceremonia, un grupo de laicos presentaron las ofrendas. Una pareja de ni\u00f1os dejo caer p\u00e9talos de rosas en la puerta, despu\u00e9s se coloc\u00f3 incienso y finalmente dos trabajadoras de casas particulares derramaron Crisma en los pilares de la<\/p>\n<figure id=\"attachment_64833\" aria-describedby=\"caption-attachment-64833\" style=\"width: 300px\" class=\"wp-caption alignright\"><img data-recalc-dims=\"1\" loading=\"lazy\" decoding=\"async\" class=\"wp-image-64833 size-medium\" src=\"https:\/\/i0.wp.com\/www.eltrabajo.cl\/portal\/wp-content\/uploads\/2015\/12\/Inicio-ano-santo-de-la-misericordia-2-300x198.jpg?resize=300%2C198\" alt=\"Casi 2.000 personas participaron este domingo de la Apertura de la Puerta Santa de la Iglesia Catedral de la Di\u00f3cesis de Aconcagua.\" width=\"300\" height=\"198\" srcset=\"https:\/\/i0.wp.com\/eltrabajo.cl\/portal\/wp-content\/uploads\/2015\/12\/Inicio-ano-santo-de-la-misericordia-2.jpg?resize=300%2C198&amp;ssl=1 300w, https:\/\/i0.wp.com\/eltrabajo.cl\/portal\/wp-content\/uploads\/2015\/12\/Inicio-ano-santo-de-la-misericordia-2.jpg?resize=200%2C132&amp;ssl=1 200w, https:\/\/i0.wp.com\/eltrabajo.cl\/portal\/wp-content\/uploads\/2015\/12\/Inicio-ano-santo-de-la-misericordia-2.jpg?resize=228%2C150&amp;ssl=1 228w, https:\/\/i0.wp.com\/eltrabajo.cl\/portal\/wp-content\/uploads\/2015\/12\/Inicio-ano-santo-de-la-misericordia-2.jpg?resize=400%2C263&amp;ssl=1 400w, https:\/\/i0.wp.com\/eltrabajo.cl\/portal\/wp-content\/uploads\/2015\/12\/Inicio-ano-santo-de-la-misericordia-2.jpg?w=530&amp;ssl=1 530w\" sizes=\"auto, (max-width: 300px) 100vw, 300px\" \/><figcaption id=\"caption-attachment-64833\" class=\"wp-caption-text\">Casi 2.000 personas participaron este domingo de la Apertura de la Puerta Santa de la Iglesia Catedral de la Di\u00f3cesis de Aconcagua.<\/figcaption><\/figure>\n<p>Puerta Santa. Al terminar este rito de apertura de la puerta santa, se invit\u00f3 a todos los fieles a ingresar en procesi\u00f3n al templo jubilar para dar inicio a la eucarist\u00eda.<br \/>\nAl concluir la comuni\u00f3n, el mismo Padre Obispo entreg\u00f3 a cada una de las 29 parroquias el \u2018signo jubilar\u2019 \u2013un cruz y estola- que estar\u00e1n presentes durante todo este A\u00f1o Santo de la Misericordia. Este signo jubilar fue encargado entregar a los p\u00e1rrocos para que ellos lo regalen a las capillas m\u00e1s humildes de la di\u00f3cesis.<br \/>\nAl t\u00e9rmino de esta celebraci\u00f3n el Pastor Diocesano se mostr\u00f3 emocionado manifestado \u00abestoy muy contento por la alta convocatoria que ha tenido esta fiesta, porque el Papa nos ha invitado a vivir un a\u00f1o que es de esperanza de alegr\u00eda, como es la misericordia, compartir este don que es tan rico, hacerlo vivo en nuestro coraz\u00f3n, en nuestra familias y nuestras comunidades, porque el mundo actual necesita con urgencia misericordia\u00bb. M\u00e1s adelante Monse\u00f1or contin\u00fao diciendo \u00abhoy en nuestra di\u00f3cesis hemos dado inicio al a\u00f1o de la Misericordia, hoy hemos abierto la puerta Santa, la puerta de Cristo, que es el coraz\u00f3n de Cristo, un coraz\u00f3n siempre abierto y generoso para recibir todos los hombres\u00bb.<\/p>\n","protected":false},"excerpt":{"rendered":"<p>Presididos por Mons. Contreras Molina cerca de 2 mil personas llegaron hasta San Felipe para la apertura de la Puerta Santa de la Iglesia Catedral este domingo 13 de diciembre. Cerca de&#8230;<\/p>\n","protected":false},"author":482,"featured_media":64832,"comment_status":"open","ping_status":"open","sticky":false,"template":"","format":"standard","meta":{"advanced_seo_description":"","jetpack_seo_html_title":"","jetpack_seo_noindex":false,"_jetpack_memberships_contains_paid_content":false,"footnotes":""},"categories":[1],"tags":[],"class_list":["post-64831","post","type-post","status-publish","format-standard","has-post-thumbnail","hentry","category-cronica"],"jetpack_featured_media_url":"https:\/\/i0.wp.com\/eltrabajo.cl\/portal\/wp-content\/uploads\/2015\/12\/Inicio-ano-santo-de-la-misericordia-3.jpg?fit=530%2C349&ssl=1","jetpack_sharing_enabled":true,"jetpack_likes_enabled":true,"jetpack-related-posts":[],"_links":{"self":[{"href":"https:\/\/eltrabajo.cl\/portal\/wp-json\/wp\/v2\/posts\/64831","targetHints":{"allow":["GET"]}}],"collection":[{"href":"https:\/\/eltrabajo.cl\/portal\/wp-json\/wp\/v2\/posts"}],"about":[{"href":"https:\/\/eltrabajo.cl\/portal\/wp-json\/wp\/v2\/types\/post"}],"author":[{"embeddable":true,"href":"https:\/\/eltrabajo.cl\/portal\/wp-json\/wp\/v2\/users\/482"}],"replies":[{"embeddable":true,"href":"https:\/\/eltrabajo.cl\/portal\/wp-json\/wp\/v2\/comments?post=64831"}],"version-history":[{"count":0,"href":"https:\/\/eltrabajo.cl\/portal\/wp-json\/wp\/v2\/posts\/64831\/revisions"}],"wp:featuredmedia":[{"embeddable":true,"href":"https:\/\/eltrabajo.cl\/portal\/wp-json\/wp\/v2\/media\/64832"}],"wp:attachment":[{"href":"https:\/\/eltrabajo.cl\/portal\/wp-json\/wp\/v2\/media?parent=64831"}],"wp:term":[{"taxonomy":"category","embeddable":true,"href":"https:\/\/eltrabajo.cl\/portal\/wp-json\/wp\/v2\/categories?post=64831"},{"taxonomy":"post_tag","embeddable":true,"href":"https:\/\/eltrabajo.cl\/portal\/wp-json\/wp\/v2\/tags?post=64831"}],"curies":[{"name":"wp","href":"https:\/\/api.w.org\/{rel}","templated":true}]}}