{"id":64835,"date":"2015-12-15T14:42:23","date_gmt":"2015-12-15T17:42:23","guid":{"rendered":"http:\/\/www.eltrabajo.cl\/portal\/?p=64835"},"modified":"2015-12-15T14:42:23","modified_gmt":"2015-12-15T17:42:23","slug":"llamado-es-a-intensificar-las-fiscalizaciones-al-comercio-informal-durante-periodo-navideno","status":"publish","type":"post","link":"https:\/\/eltrabajo.cl\/portal\/llamado-es-a-intensificar-las-fiscalizaciones-al-comercio-informal-durante-periodo-navideno\/","title":{"rendered":"Llamado es a intensificar las fiscalizaciones al comercio informal durante per\u00edodo navide\u00f1o"},"content":{"rendered":"<figure id=\"attachment_64836\" aria-describedby=\"caption-attachment-64836\" style=\"width: 300px\" class=\"wp-caption alignleft\"><img data-recalc-dims=\"1\" loading=\"lazy\" decoding=\"async\" class=\"wp-image-64836 size-medium\" src=\"https:\/\/i0.wp.com\/www.eltrabajo.cl\/portal\/wp-content\/uploads\/2015\/12\/FOTO-1-Aquiles-Delgado-Presidente-s-de-la-Camara-de-Comercio-y-Turismo-de-San-Felipe-300x197.jpg?resize=300%2C197\" alt=\"Aquiles Delgado, Presidente (s) de la C\u00e1mara de Comercio y Turismo de San Felipe.\" width=\"300\" height=\"197\" srcset=\"https:\/\/i0.wp.com\/eltrabajo.cl\/portal\/wp-content\/uploads\/2015\/12\/FOTO-1-Aquiles-Delgado-Presidente-s-de-la-Camara-de-Comercio-y-Turismo-de-San-Felipe.jpg?resize=300%2C197&amp;ssl=1 300w, https:\/\/i0.wp.com\/eltrabajo.cl\/portal\/wp-content\/uploads\/2015\/12\/FOTO-1-Aquiles-Delgado-Presidente-s-de-la-Camara-de-Comercio-y-Turismo-de-San-Felipe.jpg?resize=200%2C131&amp;ssl=1 200w, https:\/\/i0.wp.com\/eltrabajo.cl\/portal\/wp-content\/uploads\/2015\/12\/FOTO-1-Aquiles-Delgado-Presidente-s-de-la-Camara-de-Comercio-y-Turismo-de-San-Felipe.jpg?resize=228%2C150&amp;ssl=1 228w, https:\/\/i0.wp.com\/eltrabajo.cl\/portal\/wp-content\/uploads\/2015\/12\/FOTO-1-Aquiles-Delgado-Presidente-s-de-la-Camara-de-Comercio-y-Turismo-de-San-Felipe.jpg?resize=400%2C263&amp;ssl=1 400w, https:\/\/i0.wp.com\/eltrabajo.cl\/portal\/wp-content\/uploads\/2015\/12\/FOTO-1-Aquiles-Delgado-Presidente-s-de-la-Camara-de-Comercio-y-Turismo-de-San-Felipe.jpg?w=530&amp;ssl=1 530w\" sizes=\"auto, (max-width: 300px) 100vw, 300px\" \/><figcaption id=\"caption-attachment-64836\" class=\"wp-caption-text\">Aquiles Delgado, Presidente (s) de la C\u00e1mara de Comercio y Turismo de San Felipe.<\/figcaption><\/figure>\n<ul>\n<li><strong>El presidente (s) del organismo, Aquiles Delgado, se refiri\u00f3 a las garant\u00edas que gozan los comerciantes de otras ciudades y c\u00f3mo esto afecta a los consumidores sanfelipe\u00f1os.<\/strong><\/li>\n<\/ul>\n<p>El presidente subrogante de la C\u00e1mara de Comercio y Turismo de San Felipe Aquiles Delgado Araya, hizo un fuerte llamado a las autoridades locales a fiscalizar de forma m\u00e1s exhaustiva al comercio informal de la ciudad durante este per\u00edodo de finalizaci\u00f3n de a\u00f1o, fecha en la que aumentan la demanda y oferta, este \u00faltimo \u00edtem, muchas veces sin cumplir con las normativas legales que respalden y protejan al consumidor.<br \/>\nSeg\u00fan Delgado, el control debe enfocarse en aquellos comerciantes que no son de la zona y que llegan a la comuna a ofertar productos de dudosa calidad y procedencia. Ante esto, manifest\u00f3 que \u00abnosotros hemos solicitado a la autoridad competente que fiscalice todo este comercio que viene desde afuera, a mi no me molesta que se le d\u00e9 la oportunidad al comerciante establecido, a la persona que realmente vive ac\u00e1 en la comuna\u00bb, declar\u00f3.<br \/>\nEl dirigente agreg\u00f3 que la necesidad principal es respetar a los comerciantes asociados al organismo, argumentando que \u00abnosotros necesitamos que la gente que se sacrifica, que permanentemente est\u00e1n luchando contra la delincuencia, luchando contra toda esta gente que viene de Santiago con alg\u00fan producto que nadie sabe la procedencia, se pueda restringir a trav\u00e9s de Carabineros y nuestra autoridad\u00bb, puntualiz\u00f3<br \/>\nDelgado hizo menci\u00f3n a cu\u00e1les son las diferencias que existen entre el comercio establecido y aqu\u00e9l informal o transitorio que aparece s\u00f3lo en fechas espec\u00edficas y describi\u00f3 que \u00abnosotros pagamos patente, Iva, impuestos y estamos durante todo el a\u00f1o en la zona, por lo tanto, es muy conveniente que el comerciante que aparece para estas fechas est\u00e9 empadronado, nadie sabe de d\u00f3nde vienen, si son sanfelipe\u00f1os esta gente que se quiere ganar algunos pesos\u00bb, apunt\u00f3.<br \/>\nEn relaci\u00f3n con la forma en que el consumidor se ve afectado al preferir el comercio informal, Delgado fue tajante en recordar que \u00abac\u00e1 no se conoce la procedencia de la mercader\u00eda que esta gente vende, porque no hay control de nuestras autoridades\u2026de partida se est\u00e1 evadiendo Iva, ellos no entregan boleta como lo hacen nuestros asociados, en el comercio informal no existe ninguna responsabilidad, se cambian de puesto y la gente si tiene que reclamar porque el producto presenta alguna falla, nadie es responsable, Sernac no puede actuar porque no sabe a qui\u00e9n y contra qui\u00e9n\u00bb, enfatiz\u00f3.<br \/>\nPor \u00faltimo, el personero se refiri\u00f3 al tema delictual, que es un tema que preocupa recurrentemente a los comerciantes sanfelipe\u00f1os, pero que en esta oportunidad los tiene un poco m\u00e1s tranquilos con el Plan Navidad Segura que ha implementado Carabineros de San Felipe, mediante el cual se sienten un poco m\u00e1s protegidos al ver mayor presencia de efectivos policiales en las calles aconcag\u00fcinas.<\/p>\n","protected":false},"excerpt":{"rendered":"<p>El presidente (s) del organismo, Aquiles Delgado, se refiri\u00f3 a las garant\u00edas que gozan los comerciantes de otras ciudades y c\u00f3mo esto afecta a los consumidores sanfelipe\u00f1os. El presidente subrogante de la&#8230;<\/p>\n","protected":false},"author":482,"featured_media":64836,"comment_status":"open","ping_status":"open","sticky":false,"template":"","format":"standard","meta":{"advanced_seo_description":"","jetpack_seo_html_title":"","jetpack_seo_noindex":false,"_jetpack_memberships_contains_paid_content":false,"footnotes":""},"categories":[1],"tags":[],"class_list":["post-64835","post","type-post","status-publish","format-standard","has-post-thumbnail","hentry","category-cronica"],"jetpack_featured_media_url":"https:\/\/i0.wp.com\/eltrabajo.cl\/portal\/wp-content\/uploads\/2015\/12\/FOTO-1-Aquiles-Delgado-Presidente-s-de-la-Camara-de-Comercio-y-Turismo-de-San-Felipe.jpg?fit=530%2C348&ssl=1","jetpack_sharing_enabled":true,"jetpack_likes_enabled":true,"jetpack-related-posts":[],"_links":{"self":[{"href":"https:\/\/eltrabajo.cl\/portal\/wp-json\/wp\/v2\/posts\/64835","targetHints":{"allow":["GET"]}}],"collection":[{"href":"https:\/\/eltrabajo.cl\/portal\/wp-json\/wp\/v2\/posts"}],"about":[{"href":"https:\/\/eltrabajo.cl\/portal\/wp-json\/wp\/v2\/types\/post"}],"author":[{"embeddable":true,"href":"https:\/\/eltrabajo.cl\/portal\/wp-json\/wp\/v2\/users\/482"}],"replies":[{"embeddable":true,"href":"https:\/\/eltrabajo.cl\/portal\/wp-json\/wp\/v2\/comments?post=64835"}],"version-history":[{"count":0,"href":"https:\/\/eltrabajo.cl\/portal\/wp-json\/wp\/v2\/posts\/64835\/revisions"}],"wp:featuredmedia":[{"embeddable":true,"href":"https:\/\/eltrabajo.cl\/portal\/wp-json\/wp\/v2\/media\/64836"}],"wp:attachment":[{"href":"https:\/\/eltrabajo.cl\/portal\/wp-json\/wp\/v2\/media?parent=64835"}],"wp:term":[{"taxonomy":"category","embeddable":true,"href":"https:\/\/eltrabajo.cl\/portal\/wp-json\/wp\/v2\/categories?post=64835"},{"taxonomy":"post_tag","embeddable":true,"href":"https:\/\/eltrabajo.cl\/portal\/wp-json\/wp\/v2\/tags?post=64835"}],"curies":[{"name":"wp","href":"https:\/\/api.w.org\/{rel}","templated":true}]}}