{"id":64838,"date":"2015-12-15T14:44:46","date_gmt":"2015-12-15T17:44:46","guid":{"rendered":"http:\/\/www.eltrabajo.cl\/portal\/?p=64838"},"modified":"2015-12-15T14:44:46","modified_gmt":"2015-12-15T17:44:46","slug":"liceo-politecnico-roberto-humeres-tendra-clases-hasta-el-15-de-enero","status":"publish","type":"post","link":"https:\/\/eltrabajo.cl\/portal\/liceo-politecnico-roberto-humeres-tendra-clases-hasta-el-15-de-enero\/","title":{"rendered":"Liceo Polit\u00e9cnico Roberto Humeres tendr\u00e1 clases hasta el 15 de Enero"},"content":{"rendered":"<figure id=\"attachment_64839\" aria-describedby=\"caption-attachment-64839\" style=\"width: 300px\" class=\"wp-caption alignleft\"><img data-recalc-dims=\"1\" loading=\"lazy\" decoding=\"async\" class=\"wp-image-64839 size-medium\" src=\"https:\/\/i0.wp.com\/www.eltrabajo.cl\/portal\/wp-content\/uploads\/2015\/12\/FOTO-2-Ivan-Silva-Padilla-Director-DAEM-San-Felipe.-300x197.jpg?resize=300%2C197\" alt=\"Iv\u00e1n Silva Padilla, Director Daem San Felipe.\" width=\"300\" height=\"197\" srcset=\"https:\/\/i0.wp.com\/eltrabajo.cl\/portal\/wp-content\/uploads\/2015\/12\/FOTO-2-Ivan-Silva-Padilla-Director-DAEM-San-Felipe..jpg?resize=300%2C197&amp;ssl=1 300w, https:\/\/i0.wp.com\/eltrabajo.cl\/portal\/wp-content\/uploads\/2015\/12\/FOTO-2-Ivan-Silva-Padilla-Director-DAEM-San-Felipe..jpg?resize=200%2C131&amp;ssl=1 200w, https:\/\/i0.wp.com\/eltrabajo.cl\/portal\/wp-content\/uploads\/2015\/12\/FOTO-2-Ivan-Silva-Padilla-Director-DAEM-San-Felipe..jpg?resize=228%2C150&amp;ssl=1 228w, https:\/\/i0.wp.com\/eltrabajo.cl\/portal\/wp-content\/uploads\/2015\/12\/FOTO-2-Ivan-Silva-Padilla-Director-DAEM-San-Felipe..jpg?resize=400%2C263&amp;ssl=1 400w, https:\/\/i0.wp.com\/eltrabajo.cl\/portal\/wp-content\/uploads\/2015\/12\/FOTO-2-Ivan-Silva-Padilla-Director-DAEM-San-Felipe..jpg?w=530&amp;ssl=1 530w\" sizes=\"auto, (max-width: 300px) 100vw, 300px\" \/><figcaption id=\"caption-attachment-64839\" class=\"wp-caption-text\">Iv\u00e1n Silva Padilla, Director Daem San Felipe.<\/figcaption><\/figure>\n<ul>\n<li><strong>Escuela Jos\u00e9 de San Mart\u00edn termina su proceso educativo el 28 de Diciembre.<\/strong><\/li>\n<\/ul>\n<p>Cuando gran parte del alumnado del Valle de Aconcagua comienza a delinear junto a sus familias lo que ser\u00e1n las fiestas de fin de a\u00f1o y, por cierto, el momento y lugar en donde se tomar\u00e1n las merecidas vacaciones, los estudiantes del Liceo Polit\u00e9cnico Dr. Roberto Humeres tendr\u00e1n que resignarse a vestir uniforme hasta el 15 de enero de 2016, fecha hasta la que se extiende el Plan de recuperaci\u00f3n de clases, como consecuencia del paro docente que afect\u00f3 a la Educaci\u00f3n Municipal del pa\u00eds en Julio pasado y que se prolong\u00f3 por casi 60 d\u00edas.<br \/>\nAs\u00ed lo ratific\u00f3 el director de la Direcci\u00f3n de Administraci\u00f3n Municipal, Daem San Felipe, Iv\u00e1n Silva Padilla, quien asegur\u00f3 que cada escuela debe cumplir con un programa particular de recuperaci\u00f3n de clases, siendo este emblem\u00e1tico establecimiento municipal sanfelipe\u00f1o uno de los m\u00e1s afectados con la paralizaci\u00f3n de profesores.<br \/>\n\u00abEn primer lugar y por instrucciones precisas del Ministerio de Educaci\u00f3n, cada Escuela tuvo que presentar un plan de recuperaci\u00f3n, el cual fue analizado por el equipo t\u00e9cnico del Daem y en algunos casos se modific\u00f3, se cambi\u00f3 y en otros se mantuvo. Cada escuela tiene un plan diferente porque los d\u00edas que se perdieron por el paro fueron diferentes tambi\u00e9n y en ese caso hay escuelas que ya est\u00e1n terminando las clases, otros a fines de diciembre y otros el 15 de Enero\u00bb, sostuvo Silva.<br \/>\nEn relaci\u00f3n a la obligatoriedad de cumplir con este per\u00edodo de Recuperaci\u00f3n de clases, el profesional argument\u00f3 que \u00abes muy importante porque si no se realiza no nos env\u00edan los fondos, as\u00ed que era muy importante que el Ministerio aprobara la planificaci\u00f3n hecha para los d\u00edas de recuperaci\u00f3n\u2026 esto se est\u00e1 controlando, el gobierno manda fiscalizadores a las escuelas a ver si realmente se est\u00e1 recuperando o no, es un tema muy delicado\u00bb, detall\u00f3.<br \/>\nSilva asumi\u00f3 adem\u00e1s que en el caso de los establecimientos que terminar\u00e1n las clases en enero y conforme vayan pasando los d\u00edas, la presencia de alumnos no va a ser \u00f3ptima, sin embargo, cont\u00f3 que en algunos casos la recuperaci\u00f3n de clases no se enfoca s\u00f3lo en el cumplimiento de la asistencia, sino que adem\u00e1s est\u00e1n programadas pruebas y evaluaciones, de acuerdo a la necesidad de cada asignatura.<br \/>\nQuienes en su momento se sintieron afectados por este programa de recuperaci\u00f3n de clases, fueron los asistentes de la educaci\u00f3n (auxiliares), pues tuvieron que trabajar de forma normal durante el paro docente y ahora deben cumplir, al igual que los alumnos, el mismo r\u00e9gimen recuperativo.<br \/>\nEn cuanto a c\u00f3mo se resolver\u00e1 esta situaci\u00f3n, que en alg\u00fan momento amenaz\u00f3 con agudizarse a trav\u00e9s de una paralizaci\u00f3n de estos funcionarios, Silva explic\u00f3 que \u00abellos han llegado a un acuerdo con cada director, en algunos casos los asistentes est\u00e1n trabajando los d\u00edas s\u00e1bado y eso se les cancela como horas extraordinarias, hay un acuerdo entre el director y los funcionarios, que es informado al Daem y depende de cada Colegio\u00bb, expres\u00f3.<br \/>\nDe todas formas, el personero municipal le baj\u00f3 el perfil a la situaci\u00f3n aludiendo que el Liceo Roberto Humeres y la Escuela Jos\u00e9 de San Mart\u00edn son los casos que tienen un per\u00edodo mayor de recuperaci\u00f3n, esta \u00faltima hasta el 28 de Diciembre, pero que \u00e9ste no ha intervenido en el proceso de graduaci\u00f3n de sus alumnos, como ocurri\u00f3 en el Polit\u00e9cnico, donde los estudiantes ya recibieron sus licencias.<br \/>\nEn el caso de las Escuelas rurales, Silva agreg\u00f3 que algunas de ellas ya est\u00e1n terminando el r\u00e9gimen recuperativo, puesto que la adhesi\u00f3n de sus profesores a la paralizaci\u00f3n no implic\u00f3 una p\u00e9rdida de clases superior a los 15 d\u00edas.<\/p>\n","protected":false},"excerpt":{"rendered":"<p>Escuela Jos\u00e9 de San Mart\u00edn termina su proceso educativo el 28 de Diciembre. Cuando gran parte del alumnado del Valle de Aconcagua comienza a delinear junto a sus familias lo que ser\u00e1n&#8230;<\/p>\n","protected":false},"author":482,"featured_media":64839,"comment_status":"open","ping_status":"open","sticky":false,"template":"","format":"standard","meta":{"advanced_seo_description":"","jetpack_seo_html_title":"","jetpack_seo_noindex":false,"_jetpack_memberships_contains_paid_content":false,"footnotes":""},"categories":[1],"tags":[],"class_list":["post-64838","post","type-post","status-publish","format-standard","has-post-thumbnail","hentry","category-cronica"],"jetpack_featured_media_url":"https:\/\/i0.wp.com\/eltrabajo.cl\/portal\/wp-content\/uploads\/2015\/12\/FOTO-2-Ivan-Silva-Padilla-Director-DAEM-San-Felipe..jpg?fit=530%2C348&ssl=1","jetpack_sharing_enabled":true,"jetpack_likes_enabled":true,"jetpack-related-posts":[],"_links":{"self":[{"href":"https:\/\/eltrabajo.cl\/portal\/wp-json\/wp\/v2\/posts\/64838","targetHints":{"allow":["GET"]}}],"collection":[{"href":"https:\/\/eltrabajo.cl\/portal\/wp-json\/wp\/v2\/posts"}],"about":[{"href":"https:\/\/eltrabajo.cl\/portal\/wp-json\/wp\/v2\/types\/post"}],"author":[{"embeddable":true,"href":"https:\/\/eltrabajo.cl\/portal\/wp-json\/wp\/v2\/users\/482"}],"replies":[{"embeddable":true,"href":"https:\/\/eltrabajo.cl\/portal\/wp-json\/wp\/v2\/comments?post=64838"}],"version-history":[{"count":0,"href":"https:\/\/eltrabajo.cl\/portal\/wp-json\/wp\/v2\/posts\/64838\/revisions"}],"wp:featuredmedia":[{"embeddable":true,"href":"https:\/\/eltrabajo.cl\/portal\/wp-json\/wp\/v2\/media\/64839"}],"wp:attachment":[{"href":"https:\/\/eltrabajo.cl\/portal\/wp-json\/wp\/v2\/media?parent=64838"}],"wp:term":[{"taxonomy":"category","embeddable":true,"href":"https:\/\/eltrabajo.cl\/portal\/wp-json\/wp\/v2\/categories?post=64838"},{"taxonomy":"post_tag","embeddable":true,"href":"https:\/\/eltrabajo.cl\/portal\/wp-json\/wp\/v2\/tags?post=64838"}],"curies":[{"name":"wp","href":"https:\/\/api.w.org\/{rel}","templated":true}]}}