{"id":64841,"date":"2015-12-15T14:46:15","date_gmt":"2015-12-15T17:46:15","guid":{"rendered":"http:\/\/www.eltrabajo.cl\/portal\/?p=64841"},"modified":"2015-12-15T14:46:15","modified_gmt":"2015-12-15T17:46:15","slug":"mujer-habria-sido-violada-por-dos-bolivianos-en-una-fiesta","status":"publish","type":"post","link":"https:\/\/eltrabajo.cl\/portal\/mujer-habria-sido-violada-por-dos-bolivianos-en-una-fiesta\/","title":{"rendered":"Mujer habr\u00eda sido violada por dos bolivianos en una fiesta"},"content":{"rendered":"<figure id=\"attachment_64842\" aria-describedby=\"caption-attachment-64842\" style=\"width: 300px\" class=\"wp-caption alignleft\"><img data-recalc-dims=\"1\" loading=\"lazy\" decoding=\"async\" class=\"wp-image-64842 size-medium\" src=\"https:\/\/i0.wp.com\/www.eltrabajo.cl\/portal\/wp-content\/uploads\/2015\/12\/BOLIVIANOS-DETENIDOS-1-copia-300x197.jpg?resize=300%2C197\" alt=\"Los imputados de nacionalidad boliviana fueron detenidos por Carabineros para ser derivados hasta el Juzgado de Garant\u00eda siendo formalizados por el delito de violaci\u00f3n, quedando bajo la cautelar de prisi\u00f3n preventiva.\" width=\"300\" height=\"197\" srcset=\"https:\/\/i0.wp.com\/eltrabajo.cl\/portal\/wp-content\/uploads\/2015\/12\/BOLIVIANOS-DETENIDOS-1-copia.jpg?resize=300%2C197&amp;ssl=1 300w, https:\/\/i0.wp.com\/eltrabajo.cl\/portal\/wp-content\/uploads\/2015\/12\/BOLIVIANOS-DETENIDOS-1-copia.jpg?resize=200%2C131&amp;ssl=1 200w, https:\/\/i0.wp.com\/eltrabajo.cl\/portal\/wp-content\/uploads\/2015\/12\/BOLIVIANOS-DETENIDOS-1-copia.jpg?resize=228%2C150&amp;ssl=1 228w, https:\/\/i0.wp.com\/eltrabajo.cl\/portal\/wp-content\/uploads\/2015\/12\/BOLIVIANOS-DETENIDOS-1-copia.jpg?resize=400%2C263&amp;ssl=1 400w, https:\/\/i0.wp.com\/eltrabajo.cl\/portal\/wp-content\/uploads\/2015\/12\/BOLIVIANOS-DETENIDOS-1-copia.jpg?w=530&amp;ssl=1 530w\" sizes=\"auto, (max-width: 300px) 100vw, 300px\" \/><figcaption id=\"caption-attachment-64842\" class=\"wp-caption-text\">Los imputados de nacionalidad boliviana fueron detenidos por Carabineros para ser derivados hasta el Juzgado de Garant\u00eda siendo formalizados por el delito de violaci\u00f3n, quedando bajo la cautelar de prisi\u00f3n preventiva.<\/figcaption><\/figure>\n<ul>\n<li><strong>La v\u00edctima de 21 a\u00f1os de edad reconoci\u00f3 a sus agresores, quienes fueron detenidos y formalizados por la Fiscal\u00eda quedando bajo la cautelar de prisi\u00f3n preventiva.<\/strong><\/li>\n<\/ul>\n<p>La Fiscal\u00eda de San Felipe inici\u00f3 una investigaci\u00f3n tras la denuncia de una mujer de 21 a\u00f1os de edad que habr\u00eda sido violada por dos ciudadanos de nacionalidad boliviana. Los hechos se produjeron durante una fiesta en la casa de la afectada, en momentos que los sujetos aprovecharon el estado et\u00edlico de la mujer para cometer las agresiones durante las primeras horas del domingo en la comuna de Llay Llay.<br \/>\nEste delito habr\u00eda sido denunciado horas m\u00e1s tarde por la hermanastra de la v\u00edctima cuando la encontr\u00f3 llorando en el domicilio, revel\u00e1ndole que hab\u00eda invitado a dos hombres con los cuales consumi\u00f3 bebidas alcoh\u00f3licas hasta la madrugada.<br \/>\nSeg\u00fan su testimonio, cuando todos se encontraban ebrios, los hombres habr\u00edan abusado de ella y procedieron a violarla a eso de las 07:00 de la ma\u00f1ana, abandonando posteriormente la vivienda.<br \/>\nEstos sucesos fueron dados a conocer a Carabineros quienes procedieron a iniciar las investigaciones del caso, contact\u00e1ndose con la v\u00edctima quien proporcion\u00f3 algunos detalles del paradero de los sujetos, quienes fueron capturados en una residencial donde se encontraban hospedados en la comuna de Llay Llay.<br \/>\nLuego que la v\u00edctima reconociera a los autores del atentado sexual, Luis A.B. y Wilper M.P., ambos de nacionalidad boliviana, quedaron detenidos por el delito de violaci\u00f3n.<br \/>\nPor disposici\u00f3n del Fiscal de Turno el caso qued\u00f3 bajo las pericias de la Brigada de Delitos Sexuales de Los Andes para reunir m\u00e1s antecedentes del caso.<br \/>\nNo obstante ambos imputados fueron sometidos a control de detenci\u00f3n la ma\u00f1ana de este lunes en el Juzgado de Garant\u00eda de San Felipe, bajo los cargos de violaci\u00f3n.<br \/>\nLa Fiscal\u00eda requiri\u00f3 ante el Tribunal la cautelar de prisi\u00f3n preventiva por representar un serio peligro para la seguridad de la v\u00edctima y el resto de la sociedad, medida que fue concedida hasta el esclarecimiento de los hechos.<br \/>\n<strong>Pablo Salinas Sald\u00edas<\/strong><\/p>\n","protected":false},"excerpt":{"rendered":"<p>La v\u00edctima de 21 a\u00f1os de edad reconoci\u00f3 a sus agresores, quienes fueron detenidos y formalizados por la Fiscal\u00eda quedando bajo la cautelar de prisi\u00f3n preventiva. La Fiscal\u00eda de San Felipe inici\u00f3&#8230;<\/p>\n","protected":false},"author":482,"featured_media":64842,"comment_status":"open","ping_status":"open","sticky":false,"template":"","format":"standard","meta":{"advanced_seo_description":"","jetpack_seo_html_title":"","jetpack_seo_noindex":false,"_jetpack_memberships_contains_paid_content":false,"footnotes":""},"categories":[21],"tags":[],"class_list":["post-64841","post","type-post","status-publish","format-standard","has-post-thumbnail","hentry","category-policial"],"jetpack_featured_media_url":"https:\/\/i0.wp.com\/eltrabajo.cl\/portal\/wp-content\/uploads\/2015\/12\/BOLIVIANOS-DETENIDOS-1-copia.jpg?fit=530%2C348&ssl=1","jetpack_sharing_enabled":true,"jetpack_likes_enabled":true,"jetpack-related-posts":[],"_links":{"self":[{"href":"https:\/\/eltrabajo.cl\/portal\/wp-json\/wp\/v2\/posts\/64841","targetHints":{"allow":["GET"]}}],"collection":[{"href":"https:\/\/eltrabajo.cl\/portal\/wp-json\/wp\/v2\/posts"}],"about":[{"href":"https:\/\/eltrabajo.cl\/portal\/wp-json\/wp\/v2\/types\/post"}],"author":[{"embeddable":true,"href":"https:\/\/eltrabajo.cl\/portal\/wp-json\/wp\/v2\/users\/482"}],"replies":[{"embeddable":true,"href":"https:\/\/eltrabajo.cl\/portal\/wp-json\/wp\/v2\/comments?post=64841"}],"version-history":[{"count":0,"href":"https:\/\/eltrabajo.cl\/portal\/wp-json\/wp\/v2\/posts\/64841\/revisions"}],"wp:featuredmedia":[{"embeddable":true,"href":"https:\/\/eltrabajo.cl\/portal\/wp-json\/wp\/v2\/media\/64842"}],"wp:attachment":[{"href":"https:\/\/eltrabajo.cl\/portal\/wp-json\/wp\/v2\/media?parent=64841"}],"wp:term":[{"taxonomy":"category","embeddable":true,"href":"https:\/\/eltrabajo.cl\/portal\/wp-json\/wp\/v2\/categories?post=64841"},{"taxonomy":"post_tag","embeddable":true,"href":"https:\/\/eltrabajo.cl\/portal\/wp-json\/wp\/v2\/tags?post=64841"}],"curies":[{"name":"wp","href":"https:\/\/api.w.org\/{rel}","templated":true}]}}