{"id":64848,"date":"2015-12-16T14:32:29","date_gmt":"2015-12-16T17:32:29","guid":{"rendered":"http:\/\/www.eltrabajo.cl\/portal\/?p=64848"},"modified":"2015-12-16T14:32:29","modified_gmt":"2015-12-16T17:32:29","slug":"realizan-charla-innovacion-en-marketing-y-comercializacion-en-uac","status":"publish","type":"post","link":"https:\/\/eltrabajo.cl\/portal\/realizan-charla-innovacion-en-marketing-y-comercializacion-en-uac\/","title":{"rendered":"Realizan charla \u2018Innovaci\u00f3n en M\u00e1rketing y Comercializaci\u00f3n\u2019 en UAC"},"content":{"rendered":"<figure id=\"attachment_64849\" aria-describedby=\"caption-attachment-64849\" style=\"width: 300px\" class=\"wp-caption alignleft\"><img data-recalc-dims=\"1\" loading=\"lazy\" decoding=\"async\" class=\"wp-image-64849 size-medium\" src=\"https:\/\/i0.wp.com\/www.eltrabajo.cl\/portal\/wp-content\/uploads\/2015\/12\/Charla-UAC-300x199.jpg?resize=300%2C199\" alt=\"Durante la semana pasada se realiz\u00f3 la charla \u2018Innovaci\u00f3n en Marketing y Comercializaci\u00f3n dictada por el Ingeniero Agr\u00f3nomo, Master en Marketing don Mario Edgardo Kalergis Parra.\" width=\"300\" height=\"199\" srcset=\"https:\/\/i0.wp.com\/eltrabajo.cl\/portal\/wp-content\/uploads\/2015\/12\/Charla-UAC.jpg?resize=300%2C199&amp;ssl=1 300w, https:\/\/i0.wp.com\/eltrabajo.cl\/portal\/wp-content\/uploads\/2015\/12\/Charla-UAC.jpg?resize=200%2C133&amp;ssl=1 200w, https:\/\/i0.wp.com\/eltrabajo.cl\/portal\/wp-content\/uploads\/2015\/12\/Charla-UAC.jpg?resize=226%2C150&amp;ssl=1 226w, https:\/\/i0.wp.com\/eltrabajo.cl\/portal\/wp-content\/uploads\/2015\/12\/Charla-UAC.jpg?resize=400%2C265&amp;ssl=1 400w, https:\/\/i0.wp.com\/eltrabajo.cl\/portal\/wp-content\/uploads\/2015\/12\/Charla-UAC.jpg?w=528&amp;ssl=1 528w\" sizes=\"auto, (max-width: 300px) 100vw, 300px\" \/><figcaption id=\"caption-attachment-64849\" class=\"wp-caption-text\">Durante la semana pasada se realiz\u00f3 la charla \u2018Innovaci\u00f3n en Marketing y Comercializaci\u00f3n dictada por el Ingeniero Agr\u00f3nomo, Master en Marketing don Mario Edgardo Kalergis Parra.<\/figcaption><\/figure>\n<p>El pasado lunes a las 19 horas, el \u00e1rea de administraci\u00f3n de la Universidad de Aconcagua sede San Felipe en conjunto con el Centro de Emprendimiento e Innovaci\u00f3n de San Felipe desarrollaron, en dicha sede, una charla sobre \u2018Innovaci\u00f3n en Marketing y Comercializaci\u00f3n dictada por el Ingeniero Agr\u00f3nomo, Master en Marketing don Mario Edgardo Kalergis Parra quien ha desarrollado gran parte de su experiencia laboral en Comercializaci\u00f3n en Argentina, Uruguay, Paraguay y Chile.<br \/>\nLa charla cont\u00f3 con alumnos de Ingenier\u00eda Comercial; Auditor\u00eda y T\u00e9cnico en Administraci\u00f3n de Empresas de esta Universidad junto con docentes de la misma \u00e1rea.<br \/>\nLa exposici\u00f3n dur\u00f3 90 minutos donde se entregaron las nuevas tendencias del marketing. Especial importancia se dio a los nuevos medios tecnol\u00f3gicos y redes sociales, como elementos de informaci\u00f3n r\u00e1pida y personalizada.<br \/>\nPor otra parte, el jede de carrera del \u00c1rea de Administraci\u00f3n de la Universidad Sr. Robinson Bonilla D\u00edaz, manifest\u00f3 su inter\u00e9s por continuar durante el a\u00f1o 2016 desarrollando charlas apoyado con el Centro de Emprendimiento e Innovaci\u00f3n CEI San Felipe.<br \/>\nActualmente al \u00c1rea de Administraci\u00f3n mantiene abiertas las matr\u00edculas para el a\u00f1o 2016 en las carreras de T\u00e9cnico en Administraci\u00f3n de Empresas, Ingenier\u00eda Comercial en plan normal y plan especial; Auditor\u00eda PCE; Auditor\u00eda en Control de Gesti\u00f3n y Contabilidad General.<br \/>\nMayor informaci\u00f3n se encuentra en la p\u00e1gina de internet www.uac.cl sede San Felipe.<\/p>\n","protected":false},"excerpt":{"rendered":"<p>El pasado lunes a las 19 horas, el \u00e1rea de administraci\u00f3n de la Universidad de Aconcagua sede San Felipe en conjunto con el Centro de Emprendimiento e Innovaci\u00f3n de San Felipe desarrollaron,&#8230;<\/p>\n","protected":false},"author":482,"featured_media":64849,"comment_status":"open","ping_status":"open","sticky":false,"template":"","format":"standard","meta":{"advanced_seo_description":"","jetpack_seo_html_title":"","jetpack_seo_noindex":false,"_jetpack_memberships_contains_paid_content":false,"footnotes":""},"categories":[15],"tags":[],"class_list":["post-64848","post","type-post","status-publish","format-standard","has-post-thumbnail","hentry","category-comunidad"],"jetpack_featured_media_url":"https:\/\/i0.wp.com\/eltrabajo.cl\/portal\/wp-content\/uploads\/2015\/12\/Charla-UAC.jpg?fit=528%2C350&ssl=1","jetpack_sharing_enabled":true,"jetpack_likes_enabled":true,"jetpack-related-posts":[],"_links":{"self":[{"href":"https:\/\/eltrabajo.cl\/portal\/wp-json\/wp\/v2\/posts\/64848","targetHints":{"allow":["GET"]}}],"collection":[{"href":"https:\/\/eltrabajo.cl\/portal\/wp-json\/wp\/v2\/posts"}],"about":[{"href":"https:\/\/eltrabajo.cl\/portal\/wp-json\/wp\/v2\/types\/post"}],"author":[{"embeddable":true,"href":"https:\/\/eltrabajo.cl\/portal\/wp-json\/wp\/v2\/users\/482"}],"replies":[{"embeddable":true,"href":"https:\/\/eltrabajo.cl\/portal\/wp-json\/wp\/v2\/comments?post=64848"}],"version-history":[{"count":0,"href":"https:\/\/eltrabajo.cl\/portal\/wp-json\/wp\/v2\/posts\/64848\/revisions"}],"wp:featuredmedia":[{"embeddable":true,"href":"https:\/\/eltrabajo.cl\/portal\/wp-json\/wp\/v2\/media\/64849"}],"wp:attachment":[{"href":"https:\/\/eltrabajo.cl\/portal\/wp-json\/wp\/v2\/media?parent=64848"}],"wp:term":[{"taxonomy":"category","embeddable":true,"href":"https:\/\/eltrabajo.cl\/portal\/wp-json\/wp\/v2\/categories?post=64848"},{"taxonomy":"post_tag","embeddable":true,"href":"https:\/\/eltrabajo.cl\/portal\/wp-json\/wp\/v2\/tags?post=64848"}],"curies":[{"name":"wp","href":"https:\/\/api.w.org\/{rel}","templated":true}]}}