{"id":64854,"date":"2015-12-16T14:39:01","date_gmt":"2015-12-16T17:39:01","guid":{"rendered":"http:\/\/www.eltrabajo.cl\/portal\/?p=64854"},"modified":"2015-12-16T14:39:01","modified_gmt":"2015-12-16T17:39:01","slug":"cierran-programa-lector-con-cuenta-cuentos-en-hospital-san-camilo","status":"publish","type":"post","link":"https:\/\/eltrabajo.cl\/portal\/cierran-programa-lector-con-cuenta-cuentos-en-hospital-san-camilo\/","title":{"rendered":"Cierran programa lector con Cuenta Cuentos en Hospital San Camilo"},"content":{"rendered":"<figure id=\"attachment_64855\" aria-describedby=\"caption-attachment-64855\" style=\"width: 300px\" class=\"wp-caption alignleft\"><img data-recalc-dims=\"1\" loading=\"lazy\" decoding=\"async\" class=\"wp-image-64855 size-medium\" src=\"https:\/\/i0.wp.com\/www.eltrabajo.cl\/portal\/wp-content\/uploads\/2015\/12\/Cuenta-cuentos-Hospital-San-Camilo-1-300x198.jpg?resize=300%2C198\" alt=\"Los Cuenta Cuentos sorprendieron a los ni\u00f1os y adultos presentes con entretenidas historias.\" width=\"300\" height=\"198\" srcset=\"https:\/\/i0.wp.com\/eltrabajo.cl\/portal\/wp-content\/uploads\/2015\/12\/Cuenta-cuentos-Hospital-San-Camilo-1.jpg?resize=300%2C198&amp;ssl=1 300w, https:\/\/i0.wp.com\/eltrabajo.cl\/portal\/wp-content\/uploads\/2015\/12\/Cuenta-cuentos-Hospital-San-Camilo-1.jpg?resize=200%2C132&amp;ssl=1 200w, https:\/\/i0.wp.com\/eltrabajo.cl\/portal\/wp-content\/uploads\/2015\/12\/Cuenta-cuentos-Hospital-San-Camilo-1.jpg?resize=227%2C150&amp;ssl=1 227w, https:\/\/i0.wp.com\/eltrabajo.cl\/portal\/wp-content\/uploads\/2015\/12\/Cuenta-cuentos-Hospital-San-Camilo-1.jpg?resize=400%2C264&amp;ssl=1 400w, https:\/\/i0.wp.com\/eltrabajo.cl\/portal\/wp-content\/uploads\/2015\/12\/Cuenta-cuentos-Hospital-San-Camilo-1.jpg?w=530&amp;ssl=1 530w\" sizes=\"auto, (max-width: 300px) 100vw, 300px\" \/><figcaption id=\"caption-attachment-64855\" class=\"wp-caption-text\">Los Cuenta Cuentos sorprendieron a los ni\u00f1os y adultos presentes con entretenidas historias.<\/figcaption><\/figure>\n<ul>\n<li><strong>En una entretenida actividad donde los protagonistas fueron los ni\u00f1os se aprovech\u00f3 de entregar libros para los usuarios<\/strong><\/li>\n<\/ul>\n<p>En una colorida ceremonia realizada en el Hospital San Camilo, el Consejo Nacional de la Cultura y las Artes, Regi\u00f3n de Valpara\u00edso, dio t\u00e9rmino al programa anual de fomento lector inserto en el Plan Nacional de la Lectura 2015- 2020 a trav\u00e9s de divertidos cuenta cuentos.<br \/>\nEn la oportunidad, diversos artistas sorprendieron a los ni\u00f1os presentes con entretenidas historias relatadas de forma oral, ya que justamente el programa aplicado durante el presente a\u00f1o en el establecimiento de salud consisti\u00f3 en la visita durante 16 semanas de una cuenta cuentos profesional que en cada oportunidad visitaba las salas de espera de ni\u00f1os y adultos entreteni\u00e9ndolos con sus historias.<br \/>\nAsimismo, como parte del cierre de la campa\u00f1a se hizo entrega de una serie de libros destinados a los menores y tambi\u00e9n a los adultos, los cuales fueron entregados simb\u00f3licamente a Max Riquelme, presidente del Consejo Consultivo de los Usuarios en nombre de toda la comunidad que utiliza el centro asistencial.<br \/>\n\u201cEstamos muy contentos de que nuestros servicios p\u00fablicos realicen alianzas para entregar una atenci\u00f3n m\u00e1s completa y a la vez m\u00e1s entretenida ya que los \u00fanicos beneficiados aqu\u00ed son los usuarios que tambi\u00e9n reciben un poco de cultura mientras esperan su atenci\u00f3n en salud\u201d, destac\u00f3 el dirigente social.<br \/>\nPor su parte, Claudia Bravo, la Cuenta Cuentos profesional que visit\u00f3 el establecimiento destac\u00f3 la buena recepci\u00f3n obtenida de parte de los usuarios.<br \/>\n\u201cCada vez que vine me sent\u00ed s\u00faper bien acogida por los usuarios adultos y ni\u00f1os, lo que demuestra que esta es una iniciativa que al juntar a dos servicios p\u00fablicos como el Consejo de la Cultura y el Hospital San Camilo, da frutos concretos que debieran germinar en personas m\u00e1s cultas y motivadas por la lectura\u201d, sostuvo la profesional.<br \/>\nLa jornada finaliz\u00f3 durante la tarde con un curso destinado a usuarios y funcionarios en donde se les ense\u00f1\u00f3 t\u00e9cnicas para contar cuentos a los ni\u00f1os, de manera de incentivar dentro de los hogares la imaginaci\u00f3n y el amor por los libros.<\/p>\n","protected":false},"excerpt":{"rendered":"<p>En una entretenida actividad donde los protagonistas fueron los ni\u00f1os se aprovech\u00f3 de entregar libros para los usuarios En una colorida ceremonia realizada en el Hospital San Camilo, el Consejo Nacional de&#8230;<\/p>\n","protected":false},"author":482,"featured_media":64855,"comment_status":"open","ping_status":"open","sticky":false,"template":"","format":"standard","meta":{"advanced_seo_description":"","jetpack_seo_html_title":"","jetpack_seo_noindex":false,"_jetpack_memberships_contains_paid_content":false,"footnotes":""},"categories":[1],"tags":[],"class_list":["post-64854","post","type-post","status-publish","format-standard","has-post-thumbnail","hentry","category-cronica"],"jetpack_featured_media_url":"https:\/\/i0.wp.com\/eltrabajo.cl\/portal\/wp-content\/uploads\/2015\/12\/Cuenta-cuentos-Hospital-San-Camilo-1.jpg?fit=530%2C350&ssl=1","jetpack_sharing_enabled":true,"jetpack_likes_enabled":true,"jetpack-related-posts":[],"_links":{"self":[{"href":"https:\/\/eltrabajo.cl\/portal\/wp-json\/wp\/v2\/posts\/64854","targetHints":{"allow":["GET"]}}],"collection":[{"href":"https:\/\/eltrabajo.cl\/portal\/wp-json\/wp\/v2\/posts"}],"about":[{"href":"https:\/\/eltrabajo.cl\/portal\/wp-json\/wp\/v2\/types\/post"}],"author":[{"embeddable":true,"href":"https:\/\/eltrabajo.cl\/portal\/wp-json\/wp\/v2\/users\/482"}],"replies":[{"embeddable":true,"href":"https:\/\/eltrabajo.cl\/portal\/wp-json\/wp\/v2\/comments?post=64854"}],"version-history":[{"count":0,"href":"https:\/\/eltrabajo.cl\/portal\/wp-json\/wp\/v2\/posts\/64854\/revisions"}],"wp:featuredmedia":[{"embeddable":true,"href":"https:\/\/eltrabajo.cl\/portal\/wp-json\/wp\/v2\/media\/64855"}],"wp:attachment":[{"href":"https:\/\/eltrabajo.cl\/portal\/wp-json\/wp\/v2\/media?parent=64854"}],"wp:term":[{"taxonomy":"category","embeddable":true,"href":"https:\/\/eltrabajo.cl\/portal\/wp-json\/wp\/v2\/categories?post=64854"},{"taxonomy":"post_tag","embeddable":true,"href":"https:\/\/eltrabajo.cl\/portal\/wp-json\/wp\/v2\/tags?post=64854"}],"curies":[{"name":"wp","href":"https:\/\/api.w.org\/{rel}","templated":true}]}}