{"id":64868,"date":"2015-12-16T14:48:34","date_gmt":"2015-12-16T17:48:34","guid":{"rendered":"http:\/\/www.eltrabajo.cl\/portal\/?p=64868"},"modified":"2015-12-16T14:48:34","modified_gmt":"2015-12-16T17:48:34","slug":"codelco-andina-financiara-40-proyectos-sociales-de-la-provincia-de-san-felipe","status":"publish","type":"post","link":"https:\/\/eltrabajo.cl\/portal\/codelco-andina-financiara-40-proyectos-sociales-de-la-provincia-de-san-felipe\/","title":{"rendered":"Codelco Andina financiar\u00e1 40 proyectos sociales de la Provincia de San Felipe"},"content":{"rendered":"<figure id=\"attachment_64869\" aria-describedby=\"caption-attachment-64869\" style=\"width: 300px\" class=\"wp-caption alignleft\"><img data-recalc-dims=\"1\" loading=\"lazy\" decoding=\"async\" class=\"wp-image-64869 size-medium\" src=\"https:\/\/i0.wp.com\/www.eltrabajo.cl\/portal\/wp-content\/uploads\/2015\/12\/FOTO-3-Carlos-Rios-Director-de-Desarrollo-Comunitario-de-Division-Codelco-Andina-300x198.jpg?resize=300%2C198\" alt=\"Carlos R\u00edos, Director de Desarrollo Comunitario de Divisi\u00f3n Codelco Andina.\" width=\"300\" height=\"198\" srcset=\"https:\/\/i0.wp.com\/eltrabajo.cl\/portal\/wp-content\/uploads\/2015\/12\/FOTO-3-Carlos-Rios-Director-de-Desarrollo-Comunitario-de-Division-Codelco-Andina.jpg?resize=300%2C198&amp;ssl=1 300w, https:\/\/i0.wp.com\/eltrabajo.cl\/portal\/wp-content\/uploads\/2015\/12\/FOTO-3-Carlos-Rios-Director-de-Desarrollo-Comunitario-de-Division-Codelco-Andina.jpg?resize=200%2C132&amp;ssl=1 200w, https:\/\/i0.wp.com\/eltrabajo.cl\/portal\/wp-content\/uploads\/2015\/12\/FOTO-3-Carlos-Rios-Director-de-Desarrollo-Comunitario-de-Division-Codelco-Andina.jpg?resize=228%2C150&amp;ssl=1 228w, https:\/\/i0.wp.com\/eltrabajo.cl\/portal\/wp-content\/uploads\/2015\/12\/FOTO-3-Carlos-Rios-Director-de-Desarrollo-Comunitario-de-Division-Codelco-Andina.jpg?resize=400%2C263&amp;ssl=1 400w, https:\/\/i0.wp.com\/eltrabajo.cl\/portal\/wp-content\/uploads\/2015\/12\/FOTO-3-Carlos-Rios-Director-de-Desarrollo-Comunitario-de-Division-Codelco-Andina.jpg?w=530&amp;ssl=1 530w\" sizes=\"auto, (max-width: 300px) 100vw, 300px\" \/><figcaption id=\"caption-attachment-64869\" class=\"wp-caption-text\">Carlos R\u00edos, Director de Desarrollo Comunitario de Divisi\u00f3n Codelco Andina.<\/figcaption><\/figure>\n<ul>\n<li><strong>El total de proyectos beneficiados en cada comuna de la Provincia de San Felipe son: Santa Mar\u00eda 8, Putaendo 5, Panquehue 4, Llay-Llay 6, Catemu 4 y San Felipe 13.<\/strong><\/li>\n<\/ul>\n<p>Con una inversi\u00f3n total de 40.625.141 pesos, Codelco Divisi\u00f3n Andina hizo oficial la adjudicaci\u00f3n de recursos a 40 proyectos de distintas instituciones sociales de la Provincia de San Felipe, las cuales, gracias al apoyo de la Gobernaci\u00f3n Provincial lograron obtener los fondos que les permitir\u00e1n desarrollar distintas iniciativas.<br \/>\nCarlos R\u00edos, director de Desarrollo Comunitario de Divisi\u00f3n Codelco Andina destac\u00f3 el alto porcentaje de proyectos aprobados, aduciendo que \u201cM\u00e1s all\u00e1 de los resultados hemos tenido una modalidad distinta. Durante 2 d\u00edas recibimos los proyectos y del total de presentados eran casi todos elegibles, as\u00ed que tuvimos muy buenos resultados, de los 48 proyectos adjudicamos 40, es decir, estamos hablando de cerca de un 85 %\u201d, apunt\u00f3<br \/>\nRespecto de c\u00f3mo se define la adjudicaci\u00f3n de los proyectos, R\u00edos se\u00f1al\u00f3 que son distintas variables las que influyen en la determinaci\u00f3n final, incluyendo los argumentos presentados por los propios postulantes y explic\u00f3 que \u201cHay una elecci\u00f3n bastante r\u00edgida donde nosotros presentamos distintas formas, que tiene que ver con la cantidad de habitantes, con la vulnerabilidad, con el lugar, pero tambi\u00e9n hay una elecci\u00f3n \u00faltima que realizan las Uniones Comunales, Unco, de Juntas de Vecinos donde nosotros tambi\u00e9n respetamos las opciones que ellos tienen y que presentan otras razones para ser asignados con estos fondos\u201d, destac\u00f3<\/p>\n<figure id=\"attachment_64870\" aria-describedby=\"caption-attachment-64870\" style=\"width: 300px\" class=\"wp-caption alignright\"><img data-recalc-dims=\"1\" loading=\"lazy\" decoding=\"async\" class=\"wp-image-64870 size-medium\" src=\"https:\/\/i0.wp.com\/www.eltrabajo.cl\/portal\/wp-content\/uploads\/2015\/12\/FOTO-4-Eduardo-Leon-Gobernador-de-la-Provincia-de-San-Felipe-300x197.jpg?resize=300%2C197\" alt=\"Eduardo Le\u00f3n, Gobernador de la Provincia de San Felipe.\" width=\"300\" height=\"197\" srcset=\"https:\/\/i0.wp.com\/eltrabajo.cl\/portal\/wp-content\/uploads\/2015\/12\/FOTO-4-Eduardo-Leon-Gobernador-de-la-Provincia-de-San-Felipe.jpg?resize=300%2C197&amp;ssl=1 300w, https:\/\/i0.wp.com\/eltrabajo.cl\/portal\/wp-content\/uploads\/2015\/12\/FOTO-4-Eduardo-Leon-Gobernador-de-la-Provincia-de-San-Felipe.jpg?resize=200%2C131&amp;ssl=1 200w, https:\/\/i0.wp.com\/eltrabajo.cl\/portal\/wp-content\/uploads\/2015\/12\/FOTO-4-Eduardo-Leon-Gobernador-de-la-Provincia-de-San-Felipe.jpg?resize=228%2C150&amp;ssl=1 228w, https:\/\/i0.wp.com\/eltrabajo.cl\/portal\/wp-content\/uploads\/2015\/12\/FOTO-4-Eduardo-Leon-Gobernador-de-la-Provincia-de-San-Felipe.jpg?resize=400%2C263&amp;ssl=1 400w, https:\/\/i0.wp.com\/eltrabajo.cl\/portal\/wp-content\/uploads\/2015\/12\/FOTO-4-Eduardo-Leon-Gobernador-de-la-Provincia-de-San-Felipe.jpg?w=530&amp;ssl=1 530w\" sizes=\"auto, (max-width: 300px) 100vw, 300px\" \/><figcaption id=\"caption-attachment-64870\" class=\"wp-caption-text\">Eduardo Le\u00f3n, Gobernador de la Provincia de San Felipe.<\/figcaption><\/figure>\n<p>En relaci\u00f3n con la importancia que tiene para Codelco poder contribuir con las distintas instituciones sociales, el personero agreg\u00f3 que \u201cdentro de nuestra pol\u00edtica de responsabilidad social y de la vinculaci\u00f3n con nuestros vecinos de la Provincia de San Felipe, para nosotros es sumamente importante este tipo de iniciativas, esperamos seguir realiz\u00e1ndolas a pesar de la situaci\u00f3n puntual que est\u00e1 viviendo el cobre, La Divisi\u00f3n y la Corporaci\u00f3n Nacional del Cobre, nosotros estamos haciendo los mayores esfuerzos para mantener este tipo de programas en beneficio de la comunidad y que estos no se vean afectados\u201d narr\u00f3.<br \/>\nEn este \u00faltimo punto, el gobernador Eduardo Le\u00f3n hizo \u00e9nfasis en el esfuerzo realizado por Codelco para mantener la asignaci\u00f3n de los fondos y recalc\u00f3 que \u201cAgradecemos a Divisi\u00f3n Andina porque sabemos que hay un ajuste presupuestario en todos los frentes Sin embargo no hubo rebaja respecto del monto asignado al a\u00f1o anterior, lo que s\u00ed, se priorizaron proyectos de mayor valor, por lo tanto de mayor impacto para la comunidad\u201d, valor\u00f3.<br \/>\nJunto con esto la m\u00e1xima autoridad provincial destac\u00f3 la diversidad que alcanzaron los proyectos beneficiados, describiendo que \u201cestamos muy felices con los beneficiados en estos proyectos, hay premiados Juntas de Vecinos, Centros de Padres de Ni\u00f1os en situaci\u00f3n de Discapacidad, temas ambientales, en fin hay una caracter\u00edstica en com\u00fan que es el trabajo en Comunidad, necesitamos a los vecinos organizados, trabajando por sus ideales, por sus sue\u00f1os y esto es el reflejo que tenemos junto a Codelco Andina\u201d, enfatiz\u00f3.<br \/>\nEn relaci\u00f3n con el trabajo que realiza la Gobernaci\u00f3n en este tipo de instancias, Le\u00f3n detall\u00f3 que existe un importante trabajo en la recepci\u00f3n de proyectos y tambi\u00e9n en la presentaci\u00f3n de \u00e9stos, lo que finalmente entrega como consecuencia un alto porcentaje de proyectos aprobados.<br \/>\nPor su parte, los beneficiados se mostraron felices con los recursos obtenidos y muy agradecidos de Codelco y del apoyo de la Gobernaci\u00f3n Provincial. Albina Marambio, presidenta de la Uni\u00f3n Comunal de Juntas de Vecinos Santa Mar\u00eda, valor\u00f3 la importancia de contar con ayuda de la autoridad al momento de presentar sus proyectos ya que seg\u00fan dijo tendr\u00e1n un beneficio transversal para todos los vecinos de su comuna. \u201cNos adjudicamos un 100 % de los proyectos presentados, eran proyectos muy buenos, la mayor\u00eda est\u00e1n basados en mejoramiento de plazuelas, realmente de alto impacto en la comuna y que nos van a beneficiar a todos, no solo a la organizaci\u00f3n que lo presenta\u201d, destac\u00f3 la dirigente vecinal.<br \/>\nA su vez, Ren\u00e9 Reyes, presidente de la Uni\u00f3n Comunal de Putaendo, destac\u00f3 que este tipo de iniciativas no benefician solamente a las unidades vecinales sino que tienen llegada a distintas entidades sociales argumentando que \u201cganamos 5 proyectos, entre ellos club deportivo, Cuerpo de Bomberos y comit\u00e9s y se van a desarrollar durante estos meses que nosotros como Unco vamos a apoyar la ejecuci\u00f3n y supervisar que se realicen de la mejor forma para volver a postular el pr\u00f3ximo a\u00f1o y trabajar con las Juntas de Vecinos y las distintas organizaciones sociales, nosotros las apoyamos a todas\u201d, recalc\u00f3.<br \/>\nJunto con agradecer el compromiso de Codelco, Reyes se esperanz\u00f3 con que los recursos puedan ir en aumento para que de esta forma se siga proyectando el avance y crecimiento de las distintas organizaciones de las comunas rurales de la Provincia de San Felipe.<br \/>\nEl detalle de proyectos beneficiados en cada comuna de la Provincia de San Felipe es: Santa Mar\u00eda 8 proyectos asignados, Putaendo 5, Panquehue 4, Llay Llay 6, Catemu 4 y San Felipe 13.<\/p>\n","protected":false},"excerpt":{"rendered":"<p>El total de proyectos beneficiados en cada comuna de la Provincia de San Felipe son: Santa Mar\u00eda 8, Putaendo 5, Panquehue 4, Llay-Llay 6, Catemu 4 y San Felipe 13. Con una&#8230;<\/p>\n","protected":false},"author":482,"featured_media":64869,"comment_status":"open","ping_status":"open","sticky":false,"template":"","format":"standard","meta":{"advanced_seo_description":"","jetpack_seo_html_title":"","jetpack_seo_noindex":false,"_jetpack_memberships_contains_paid_content":false,"footnotes":""},"categories":[15],"tags":[],"class_list":["post-64868","post","type-post","status-publish","format-standard","has-post-thumbnail","hentry","category-comunidad"],"jetpack_featured_media_url":"https:\/\/i0.wp.com\/eltrabajo.cl\/portal\/wp-content\/uploads\/2015\/12\/FOTO-3-Carlos-Rios-Director-de-Desarrollo-Comunitario-de-Division-Codelco-Andina.jpg?fit=530%2C349&ssl=1","jetpack_sharing_enabled":true,"jetpack_likes_enabled":true,"jetpack-related-posts":[],"_links":{"self":[{"href":"https:\/\/eltrabajo.cl\/portal\/wp-json\/wp\/v2\/posts\/64868","targetHints":{"allow":["GET"]}}],"collection":[{"href":"https:\/\/eltrabajo.cl\/portal\/wp-json\/wp\/v2\/posts"}],"about":[{"href":"https:\/\/eltrabajo.cl\/portal\/wp-json\/wp\/v2\/types\/post"}],"author":[{"embeddable":true,"href":"https:\/\/eltrabajo.cl\/portal\/wp-json\/wp\/v2\/users\/482"}],"replies":[{"embeddable":true,"href":"https:\/\/eltrabajo.cl\/portal\/wp-json\/wp\/v2\/comments?post=64868"}],"version-history":[{"count":0,"href":"https:\/\/eltrabajo.cl\/portal\/wp-json\/wp\/v2\/posts\/64868\/revisions"}],"wp:featuredmedia":[{"embeddable":true,"href":"https:\/\/eltrabajo.cl\/portal\/wp-json\/wp\/v2\/media\/64869"}],"wp:attachment":[{"href":"https:\/\/eltrabajo.cl\/portal\/wp-json\/wp\/v2\/media?parent=64868"}],"wp:term":[{"taxonomy":"category","embeddable":true,"href":"https:\/\/eltrabajo.cl\/portal\/wp-json\/wp\/v2\/categories?post=64868"},{"taxonomy":"post_tag","embeddable":true,"href":"https:\/\/eltrabajo.cl\/portal\/wp-json\/wp\/v2\/tags?post=64868"}],"curies":[{"name":"wp","href":"https:\/\/api.w.org\/{rel}","templated":true}]}}