{"id":6487,"date":"2011-11-22T08:29:49","date_gmt":"2011-11-22T12:29:49","guid":{"rendered":"http:\/\/www.eltrabajo.cl\/portal\/?p=6487"},"modified":"2011-11-22T09:04:47","modified_gmt":"2011-11-22T13:04:47","slug":"instalado-primer-puesto-fronterizo-de-avanzada-en-vega-los-cienagos","status":"publish","type":"post","link":"https:\/\/eltrabajo.cl\/portal\/instalado-primer-puesto-fronterizo-de-avanzada-en-vega-los-cienagos\/","title":{"rendered":"Instalado primer puesto fronterizo de avanzada en Vega Los Ci\u00e9nagos"},"content":{"rendered":"<figure id=\"attachment_6488\" aria-describedby=\"caption-attachment-6488\" style=\"width: 600px\" class=\"wp-caption alignnone\"><a href=\"http:\/\/www.eltrabajo.cl\/portal\/archives\/6487\/alimentos1\" rel=\"attachment wp-att-6488\"><img data-recalc-dims=\"1\" loading=\"lazy\" decoding=\"async\" class=\"size-full wp-image-6488\" title=\"Alimentos1\" src=\"https:\/\/i0.wp.com\/www.eltrabajo.cl\/portal\/wp-content\/uploads\/2011\/11\/Alimentos1.jpg?resize=600%2C313\" alt=\"\" width=\"600\" height=\"313\" srcset=\"https:\/\/i0.wp.com\/eltrabajo.cl\/portal\/wp-content\/uploads\/2011\/11\/Alimentos1.jpg?w=600&amp;ssl=1 600w, https:\/\/i0.wp.com\/eltrabajo.cl\/portal\/wp-content\/uploads\/2011\/11\/Alimentos1.jpg?resize=200%2C104&amp;ssl=1 200w, https:\/\/i0.wp.com\/eltrabajo.cl\/portal\/wp-content\/uploads\/2011\/11\/Alimentos1.jpg?resize=300%2C156&amp;ssl=1 300w, https:\/\/i0.wp.com\/eltrabajo.cl\/portal\/wp-content\/uploads\/2011\/11\/Alimentos1.jpg?resize=150%2C78&amp;ssl=1 150w, https:\/\/i0.wp.com\/eltrabajo.cl\/portal\/wp-content\/uploads\/2011\/11\/Alimentos1.jpg?resize=400%2C208&amp;ssl=1 400w\" sizes=\"auto, (max-width: 600px) 100vw, 600px\" \/><\/a><figcaption id=\"caption-attachment-6488\" class=\"wp-caption-text\">Pertrechos, alimentos y una buena dosis de paciencia son los recursos con los que deben contar cada uno de los cuatro carabineros que desde ayer lunes patrullar\u00e1n nuestra frontera con Argentina en el Puesto Vega Los Ci\u00e9nagos.<\/figcaption><\/figure>\n<p>Roberto Gonz\u00e1lez Short &#8211; rgonzalez@eltrabajo.cl<\/p>\n<p>Ayer se inici\u00f3 la colocaci\u00f3n a nivel nacional de los puestos de Avanzada Fronteriza instalados por Carabineros de Chile. Las Prefecturas de Aconcagua y A\u00e9reo Policial se dieron a la tarea de realizar el traslado de personal, pertrechos y alimentaci\u00f3n por la v\u00eda a\u00e9rea hasta la zona lim\u00edtrofe con Argentina, Puesto Vega Los Ci\u00e9nagos.<\/p>\n<p>El per\u00edodo de funcionamiento programado de estos destacamentos para esta temporada se extiende desde ayer lunes hasta mediados de abril de 2012, y el prop\u00f3sito fundamental de dichas operaciones a nivel nacional es vigilar la soberan\u00eda del Estado de Chile en lugares apartados, adem\u00e1s de fiscalizar para hacer cumplir las leyes de extranjer\u00eda y evitar la acci\u00f3n de contrabandistas de ganado procedentes de Argentina, ya que los bovinos de ese pa\u00eds hermano representan un riesgo de contagio de la peligrosa Fiebre Aftosa.<\/p>\n<p>\u00abDesde el Puesto Los Patos en Putaendo iniciamos el trabajo de montar nuestro primer destacamento para dar desarrollo al rol primordial de la Soberan\u00eda. Carabineros patrullar\u00e1 la cordillera y dar\u00e1 validez a una serie de leyes establecidas en el sector fronterizo en la parte de Aduanas, drogas y trasiego de animales\u00bb, coment\u00f3 el Prefecto de Aconcagua, Coronel Manuel Letelier.<\/p>\n<p><strong>SOLEDAD Y MUCHO TRABAJO<\/strong><\/p>\n<p>Para transportar las frutas, granos, combustible, material para establecerse y mantas para soportar el fr\u00edo, fue necesario realizar siete vuelos entre Los Patos y Vega Los Ci\u00e9rnagos, lugar este \u00faltimo donde cuatro carabineros pernoctar\u00e1n y patrullar\u00e1n durante un mes completo hasta que sean relevados. Es la soledad, el fr\u00edo y el sentido de la responsabilidad lo que los atar\u00e1 a cada una de sus obligaciones por cumplir en esos 30 d\u00edas.<\/p>\n<p>Los cuatro oficiales destacados permanecen sin se\u00f1al para celular, televisi\u00f3n ni radio, solo usan alguna pel\u00edcula de DVD o libros en sus ratos libres. Una bater\u00eda de auto y la energ\u00eda solar les ayuda a poder iluminar sus habitaciones y algunos electrodom\u00e9sticos. El agua disponible es 100% pura, pues nace en las mismas monta\u00f1as en donde est\u00e1 el destacamento.<\/p>\n","protected":false},"excerpt":{"rendered":"<p>Roberto Gonz\u00e1lez Short &#8211; rgonzalez@eltrabajo.cl Ayer se inici\u00f3 la colocaci\u00f3n a nivel nacional de los puestos de Avanzada Fronteriza instalados por Carabineros de Chile. Las Prefecturas de Aconcagua y A\u00e9reo Policial se&#8230;<\/p>\n","protected":false},"author":482,"featured_media":6488,"comment_status":"open","ping_status":"open","sticky":false,"template":"","format":"standard","meta":{"advanced_seo_description":"","jetpack_seo_html_title":"","jetpack_seo_noindex":false,"_jetpack_memberships_contains_paid_content":false,"footnotes":""},"categories":[15],"tags":[],"class_list":["post-6487","post","type-post","status-publish","format-standard","has-post-thumbnail","hentry","category-comunidad"],"jetpack_featured_media_url":"https:\/\/i0.wp.com\/eltrabajo.cl\/portal\/wp-content\/uploads\/2011\/11\/Alimentos1.jpg?fit=600%2C313&ssl=1","jetpack_sharing_enabled":true,"jetpack_likes_enabled":true,"jetpack-related-posts":[],"_links":{"self":[{"href":"https:\/\/eltrabajo.cl\/portal\/wp-json\/wp\/v2\/posts\/6487","targetHints":{"allow":["GET"]}}],"collection":[{"href":"https:\/\/eltrabajo.cl\/portal\/wp-json\/wp\/v2\/posts"}],"about":[{"href":"https:\/\/eltrabajo.cl\/portal\/wp-json\/wp\/v2\/types\/post"}],"author":[{"embeddable":true,"href":"https:\/\/eltrabajo.cl\/portal\/wp-json\/wp\/v2\/users\/482"}],"replies":[{"embeddable":true,"href":"https:\/\/eltrabajo.cl\/portal\/wp-json\/wp\/v2\/comments?post=6487"}],"version-history":[{"count":0,"href":"https:\/\/eltrabajo.cl\/portal\/wp-json\/wp\/v2\/posts\/6487\/revisions"}],"wp:featuredmedia":[{"embeddable":true,"href":"https:\/\/eltrabajo.cl\/portal\/wp-json\/wp\/v2\/media\/6488"}],"wp:attachment":[{"href":"https:\/\/eltrabajo.cl\/portal\/wp-json\/wp\/v2\/media?parent=6487"}],"wp:term":[{"taxonomy":"category","embeddable":true,"href":"https:\/\/eltrabajo.cl\/portal\/wp-json\/wp\/v2\/categories?post=6487"},{"taxonomy":"post_tag","embeddable":true,"href":"https:\/\/eltrabajo.cl\/portal\/wp-json\/wp\/v2\/tags?post=6487"}],"curies":[{"name":"wp","href":"https:\/\/api.w.org\/{rel}","templated":true}]}}