{"id":64872,"date":"2015-12-16T14:50:27","date_gmt":"2015-12-16T17:50:27","guid":{"rendered":"http:\/\/www.eltrabajo.cl\/portal\/?p=64872"},"modified":"2015-12-16T14:50:27","modified_gmt":"2015-12-16T17:50:27","slug":"autoridades-aseguran-que-en-aconcagua-se-cumple-el-compromiso-de-reducir-la-lista-de-espera","status":"publish","type":"post","link":"https:\/\/eltrabajo.cl\/portal\/autoridades-aseguran-que-en-aconcagua-se-cumple-el-compromiso-de-reducir-la-lista-de-espera\/","title":{"rendered":"Autoridades aseguran que en Aconcagua se cumple el compromiso de reducir la lista de espera"},"content":{"rendered":"<figure id=\"attachment_64873\" aria-describedby=\"caption-attachment-64873\" style=\"width: 300px\" class=\"wp-caption alignleft\"><img data-recalc-dims=\"1\" loading=\"lazy\" decoding=\"async\" class=\"wp-image-64873 size-medium\" src=\"https:\/\/i0.wp.com\/www.eltrabajo.cl\/portal\/wp-content\/uploads\/2015\/12\/Lista-de-espera-Servicio-Salud-3-300x197.jpg?resize=300%2C197\" alt=\"La directora del Servicio de Salud, Dra. Vilma Olave junto a la gobernadora de Los Andes, Mar\u00eda Victoria Rodr\u00edguez, al alcalde de Rinconada de Los Andes, Pedro Caballer\u00eda, y al Jefe Provincial de la Seremi de Salud, Mario M\u00e9ndez, visitaron a usuarios que fueron intervenidos quir\u00fargicamente.\" width=\"300\" height=\"197\" srcset=\"https:\/\/i0.wp.com\/eltrabajo.cl\/portal\/wp-content\/uploads\/2015\/12\/Lista-de-espera-Servicio-Salud-3.jpg?resize=300%2C197&amp;ssl=1 300w, https:\/\/i0.wp.com\/eltrabajo.cl\/portal\/wp-content\/uploads\/2015\/12\/Lista-de-espera-Servicio-Salud-3.jpg?resize=200%2C131&amp;ssl=1 200w, https:\/\/i0.wp.com\/eltrabajo.cl\/portal\/wp-content\/uploads\/2015\/12\/Lista-de-espera-Servicio-Salud-3.jpg?resize=228%2C150&amp;ssl=1 228w, https:\/\/i0.wp.com\/eltrabajo.cl\/portal\/wp-content\/uploads\/2015\/12\/Lista-de-espera-Servicio-Salud-3.jpg?resize=400%2C263&amp;ssl=1 400w, https:\/\/i0.wp.com\/eltrabajo.cl\/portal\/wp-content\/uploads\/2015\/12\/Lista-de-espera-Servicio-Salud-3.jpg?w=530&amp;ssl=1 530w\" sizes=\"auto, (max-width: 300px) 100vw, 300px\" \/><figcaption id=\"caption-attachment-64873\" class=\"wp-caption-text\">La directora del Servicio de Salud, Dra. Vilma Olave junto a la gobernadora de Los Andes, Mar\u00eda Victoria Rodr\u00edguez, al alcalde de Rinconada de Los Andes, Pedro Caballer\u00eda, y al Jefe Provincial de la Seremi de Salud, Mario M\u00e9ndez, visitaron a usuarios que fueron intervenidos quir\u00fargicamente.<\/figcaption><\/figure>\n<ul>\n<li><strong>Junto a la gobernadora de Los Andes, Mar\u00eda Victoria Rodr\u00edguez, al alcalde de Rinconada de Los Andes, Pedro Caballer\u00eda, y al Jefe Provincial de la Seremi de Salud, Mario M\u00e9ndez, la Directora de Salud visit\u00f3 a usuarios que fueron intervenidos quir\u00fargicamente de acuerdo al compromiso de gobierno de disminuir la lista de espera.<\/strong><\/li>\n<\/ul>\n<p>\u201cMe cambi\u00f3 la vida\u201d, fue la expresi\u00f3n de la Sra. Mar\u00eda Santana Carrasco y la Sra. Benigna Trivi\u00f1o Le\u00f3n que entregaron a la prensa luego de ser visitada por la Dra. Vilma Olave y compartir su testimonio junto a autoridades y medios de comunicaciones del Valle de Aconcagua.<br \/>\nAmbas fueron intervenidas quir\u00fargicamente gracias al compromiso de gobierno de disminuir los tiempos de espera mediante la implementaci\u00f3n del \u2018Plan Extraordinario de Disminuci\u00f3n de Lista de Espera Quir\u00fargica\u2019, que la Ministra de Salud, Dra. Carmen Castillo, ha venido trabajando para que al 31 de diciembre de este a\u00f1o se hayan realizado las cirug\u00edas de personas que esperaban desde el a\u00f1o 2012 o antes de esa fecha.<br \/>\nDe esta forma, se explic\u00f3, se ir\u00e1 rejuveneciendo progresivamente el tiempo de espera y al t\u00e9rmino del gobierno, de los pr\u00f3ximos dos a\u00f1os, se hayan realizado todas las intervenciones quir\u00fargicas a los pacientes que a marzo del 2014 o antes est\u00e1n en espera de una cirug\u00eda.<br \/>\nLa Directora del Servicio de Salud Aconcagua, Dra. Vilma Olave, fue clara en destacar el cumplimiento del compromiso de gobierno, indicando que \u201cprimero se comenz\u00f3 con la normalizaci\u00f3n administrativa de las listas de espera cre\u00e1ndose un sistema \u00fanico de registro llamado \u2018Repositorio Nacional de Lista de Espera\u2019, avance que permite saber exactamente qui\u00e9nes est\u00e1n esperando, que est\u00e1n esperando y desde cu\u00e1ndo est\u00e1n esperando. Un segundo avance tiene que ver con el aumento de dotaci\u00f3n de m\u00e9dicos en la atenci\u00f3n primaria, fundamentalmente, a trav\u00e9s de los m\u00e9dicos generales de zona, el aumento de dotaci\u00f3n de especialistas y el aumento en la retenci\u00f3n de los especialistas dentro del sistema p\u00fablico. Y, tercero, el avance m\u00e1s importante, el aumento de la producci\u00f3n, lo que en nuestro Servicio de Salud se logr\u00f3 en alrededor de un 5% en las consultas de especialidades y en igual porcentaje en el total de cirug\u00edas que se han realizado durante este a\u00f1o respecto del a\u00f1o anterior.\u201d<br \/>\nLa Dra. Olave, agreg\u00f3 que \u201cen este minuto el \u00edndice de ocupaci\u00f3n de pabellones supera el 90 %, indicador alt\u00edsimo que nos permite asegurar que al 31 de diciembre vamos a cumplir con el compromiso de no tener pacientes esperando por un tiempo de cirug\u00eda desde el a\u00f1o 2012 o antes. En Aconcagua cumplimos este compromiso, y, obviamente, ser\u00e1 un desaf\u00edo que mantendremos el pr\u00f3ximo a\u00f1o para terminar r\u00e1pidamente con los tiempos de espera 2013 y 2014.\u201d<br \/>\n\u201cQuiero precisar, dijo la profesional, que la lista de espera siempre existir\u00e1 en salud. Basta que el m\u00e9dico indique una cirug\u00eda de ves\u00edcula que no revista ninguna urgencia, pero ingresa al sistema inform\u00e1tico, quedando de inmediato en lista de espera. Sin embargo, lo que nos interesa es que el usuario y\/o usuaria espere un tiempo prudente para resolver oportunamente el problema de salud que lo aqueja. Por eso, hablamos de tiempo de espera que es lo que nos importa resolver progresivamente.\u201d<br \/>\nPor \u00faltimo, la Dra. Vilma Olave asegur\u00f3 \u201cque vamos a seguir trabajando, vamos a seguir monitoreando en terreno, porque lo importante es que detr\u00e1s de un nombre o un n\u00famero registrado en el Repositorio Nacional hay un rostro, una persona y su familia.\u201d<br \/>\nPor su parte, el Director del Hospital San Juan de Dios de Los Andes, Jimmy Walker, agreg\u00f3 que \u201ctal como fue y ha sido el compromiso de la Presidenta Michelle Bachelet, de la Ministra de Salud y del Servicio de Salud de Aconcagua, podemos decir que estamos cumpliendo. En enero de este a\u00f1o hab\u00edan 800 personas en lista de espera y hoy d\u00eda nos quedan 70 personas, las que al 31 de diciembre tendr\u00e1n su problema resuelto.\u201d<br \/>\nEl profesional destac\u00f3 tambi\u00e9n el compromiso de los funcionarios, se\u00f1alando que \u201cel equipo m\u00e9dico y de salud ha trabajado en pabellones de lunes a s\u00e1bado, ma\u00f1ana y tarde, de 8:00 hasta las 19:00 horas. Ha sido la forma de cumplir la meta. Los funcionarios tienen un gran compromiso con la salud p\u00fablica, con resolver los problemas de las personas, lo que es muy destacable para este establecimiento.\u201d<br \/>\nFinalmente, la gobernadora de Los Andes, Mar\u00eda Victoria Rodr\u00edguez, se\u00f1al\u00f3 que \u201cestamos aqu\u00ed para dar un testimonio de los cumplimientos de los compromisos de los Programas de Gobierno de la Presidenta Michelle Bachelet, quien se propuso atender las situaciones m\u00e1s urgentes en disminuci\u00f3n de las listas o tiempos de espera. Felicito al Servicio de Salud Aconcagua, a su Directora Dra. Vilma Olave y a su equipo directivo, por avanzar en los derechos de salud de los habitantes de nuestro Valle de Aconcagua, con chilenos y chilenas que esperaban un poco desesperanzados la posibilidad de resolver su problema, que estaban en carpeta y que pasaban los a\u00f1os sin saber de ninguna soluci\u00f3n. Estamos muy contentos que la Sra. Mar\u00eda y la Sra. Benigna se encuentren felices. Ellas representan a muchas personas y hemos podido demostrar que con el compromiso y el trabajo de los profesionales, de los m\u00e9dicos, de la Direcci\u00f3n de Salud, se ha logrado impactar en el bienestar de nuestra poblaci\u00f3n.\u201d<\/p>\n","protected":false},"excerpt":{"rendered":"<p>Junto a la gobernadora de Los Andes, Mar\u00eda Victoria Rodr\u00edguez, al alcalde de Rinconada de Los Andes, Pedro Caballer\u00eda, y al Jefe Provincial de la Seremi de Salud, Mario M\u00e9ndez, la Directora&#8230;<\/p>\n","protected":false},"author":482,"featured_media":64873,"comment_status":"open","ping_status":"open","sticky":false,"template":"","format":"standard","meta":{"advanced_seo_description":"","jetpack_seo_html_title":"","jetpack_seo_noindex":false,"_jetpack_memberships_contains_paid_content":false,"footnotes":""},"categories":[1],"tags":[],"class_list":["post-64872","post","type-post","status-publish","format-standard","has-post-thumbnail","hentry","category-cronica"],"jetpack_featured_media_url":"https:\/\/i0.wp.com\/eltrabajo.cl\/portal\/wp-content\/uploads\/2015\/12\/Lista-de-espera-Servicio-Salud-3.jpg?fit=530%2C348&ssl=1","jetpack_sharing_enabled":true,"jetpack_likes_enabled":true,"jetpack-related-posts":[],"_links":{"self":[{"href":"https:\/\/eltrabajo.cl\/portal\/wp-json\/wp\/v2\/posts\/64872","targetHints":{"allow":["GET"]}}],"collection":[{"href":"https:\/\/eltrabajo.cl\/portal\/wp-json\/wp\/v2\/posts"}],"about":[{"href":"https:\/\/eltrabajo.cl\/portal\/wp-json\/wp\/v2\/types\/post"}],"author":[{"embeddable":true,"href":"https:\/\/eltrabajo.cl\/portal\/wp-json\/wp\/v2\/users\/482"}],"replies":[{"embeddable":true,"href":"https:\/\/eltrabajo.cl\/portal\/wp-json\/wp\/v2\/comments?post=64872"}],"version-history":[{"count":0,"href":"https:\/\/eltrabajo.cl\/portal\/wp-json\/wp\/v2\/posts\/64872\/revisions"}],"wp:featuredmedia":[{"embeddable":true,"href":"https:\/\/eltrabajo.cl\/portal\/wp-json\/wp\/v2\/media\/64873"}],"wp:attachment":[{"href":"https:\/\/eltrabajo.cl\/portal\/wp-json\/wp\/v2\/media?parent=64872"}],"wp:term":[{"taxonomy":"category","embeddable":true,"href":"https:\/\/eltrabajo.cl\/portal\/wp-json\/wp\/v2\/categories?post=64872"},{"taxonomy":"post_tag","embeddable":true,"href":"https:\/\/eltrabajo.cl\/portal\/wp-json\/wp\/v2\/tags?post=64872"}],"curies":[{"name":"wp","href":"https:\/\/api.w.org\/{rel}","templated":true}]}}