{"id":64878,"date":"2015-12-16T14:54:55","date_gmt":"2015-12-16T17:54:55","guid":{"rendered":"http:\/\/www.eltrabajo.cl\/portal\/?p=64878"},"modified":"2015-12-16T14:54:55","modified_gmt":"2015-12-16T17:54:55","slug":"capturan-a-delincuente-que-robaba-camioneta-frente-al-regimiento","status":"publish","type":"post","link":"https:\/\/eltrabajo.cl\/portal\/capturan-a-delincuente-que-robaba-camioneta-frente-al-regimiento\/","title":{"rendered":"Capturan a delincuente que robaba camioneta frente al regimiento"},"content":{"rendered":"<figure id=\"attachment_64879\" aria-describedby=\"caption-attachment-64879\" style=\"width: 300px\" class=\"wp-caption alignleft\"><img data-recalc-dims=\"1\" loading=\"lazy\" decoding=\"async\" class=\"wp-image-64879 size-medium\" src=\"https:\/\/i0.wp.com\/www.eltrabajo.cl\/portal\/wp-content\/uploads\/2015\/12\/militares_ladron-300x197.jpg?resize=300%2C197\" alt=\"El joven fue detenido, fijando una nueva fecha para otra audiencia donde deber\u00e1 aceptar su responsabilidad en el il\u00edcito. \" width=\"300\" height=\"197\" srcset=\"https:\/\/i0.wp.com\/eltrabajo.cl\/portal\/wp-content\/uploads\/2015\/12\/militares_ladron.jpg?resize=300%2C197&amp;ssl=1 300w, https:\/\/i0.wp.com\/eltrabajo.cl\/portal\/wp-content\/uploads\/2015\/12\/militares_ladron.jpg?resize=200%2C131&amp;ssl=1 200w, https:\/\/i0.wp.com\/eltrabajo.cl\/portal\/wp-content\/uploads\/2015\/12\/militares_ladron.jpg?resize=228%2C150&amp;ssl=1 228w, https:\/\/i0.wp.com\/eltrabajo.cl\/portal\/wp-content\/uploads\/2015\/12\/militares_ladron.jpg?resize=400%2C263&amp;ssl=1 400w, https:\/\/i0.wp.com\/eltrabajo.cl\/portal\/wp-content\/uploads\/2015\/12\/militares_ladron.jpg?w=530&amp;ssl=1 530w\" sizes=\"auto, (max-width: 300px) 100vw, 300px\" \/><figcaption id=\"caption-attachment-64879\" class=\"wp-caption-text\">El joven fue detenido, fijando una nueva fecha para otra audiencia donde deber\u00e1 aceptar su responsabilidad en el il\u00edcito.<\/figcaption><\/figure>\n<p><strong>LOS ANDES.-<\/strong> Efectivos del Ej\u00e9rcito sorprendieron pasado el mediod\u00eda del lunes a un sujeto en momentos en que sustra\u00eda especies desde el interior de una camioneta estacionada frente al regimiento Yungay.<br \/>\nSeg\u00fan inform\u00f3 el oficial de ronda de Carabineros, Capit\u00e1n Francisco Alvarado, el antisocial se acerc\u00f3 hasta el veh\u00edculo y con un tipo de herramienta comenz\u00f3 a tratar de forzar la puerta del veh\u00edculo para sustraer especies.<br \/>\nSin embargo, su acci\u00f3n fue observada por los uniformados quienes se acercaron al delincuente, ante lo cual el sujeto se dio a la fuga.<br \/>\nNo obstante, los militares llamaron a Carabineros entregando las caracter\u00edsticas f\u00edsicas del antisocial.<br \/>\nDe esta forma en una patrullaje por las inmediaciones se logr\u00f3 su captura, siendo trasladado hasta la Comisar\u00eda.<br \/>\nEl imputado, identificado con las iniciales A.W.A.P. de 25 a\u00f1os, que no mantiene antecedentes penales anteriores, qued\u00f3 a disposici\u00f3n del Tribunal de Garant\u00eda por el delito de robo de accesorio de veh\u00edculos.<br \/>\nUna vez controlada su detenci\u00f3n se realiz\u00f3 un requerimiento en su contra, fij\u00e1ndose una nueva fecha para otra audiencia donde deber\u00e1 aceptar o no su responsabilidad en los hechos.<\/p>\n","protected":false},"excerpt":{"rendered":"<p>LOS ANDES.- Efectivos del Ej\u00e9rcito sorprendieron pasado el mediod\u00eda del lunes a un sujeto en momentos en que sustra\u00eda especies desde el interior de una camioneta estacionada frente al regimiento Yungay. Seg\u00fan&#8230;<\/p>\n","protected":false},"author":482,"featured_media":64879,"comment_status":"open","ping_status":"open","sticky":false,"template":"","format":"standard","meta":{"advanced_seo_description":"","jetpack_seo_html_title":"","jetpack_seo_noindex":false,"_jetpack_memberships_contains_paid_content":false,"footnotes":""},"categories":[21],"tags":[],"class_list":["post-64878","post","type-post","status-publish","format-standard","has-post-thumbnail","hentry","category-policial"],"jetpack_featured_media_url":"https:\/\/i0.wp.com\/eltrabajo.cl\/portal\/wp-content\/uploads\/2015\/12\/militares_ladron.jpg?fit=530%2C348&ssl=1","jetpack_sharing_enabled":true,"jetpack_likes_enabled":true,"jetpack-related-posts":[],"_links":{"self":[{"href":"https:\/\/eltrabajo.cl\/portal\/wp-json\/wp\/v2\/posts\/64878","targetHints":{"allow":["GET"]}}],"collection":[{"href":"https:\/\/eltrabajo.cl\/portal\/wp-json\/wp\/v2\/posts"}],"about":[{"href":"https:\/\/eltrabajo.cl\/portal\/wp-json\/wp\/v2\/types\/post"}],"author":[{"embeddable":true,"href":"https:\/\/eltrabajo.cl\/portal\/wp-json\/wp\/v2\/users\/482"}],"replies":[{"embeddable":true,"href":"https:\/\/eltrabajo.cl\/portal\/wp-json\/wp\/v2\/comments?post=64878"}],"version-history":[{"count":0,"href":"https:\/\/eltrabajo.cl\/portal\/wp-json\/wp\/v2\/posts\/64878\/revisions"}],"wp:featuredmedia":[{"embeddable":true,"href":"https:\/\/eltrabajo.cl\/portal\/wp-json\/wp\/v2\/media\/64879"}],"wp:attachment":[{"href":"https:\/\/eltrabajo.cl\/portal\/wp-json\/wp\/v2\/media?parent=64878"}],"wp:term":[{"taxonomy":"category","embeddable":true,"href":"https:\/\/eltrabajo.cl\/portal\/wp-json\/wp\/v2\/categories?post=64878"},{"taxonomy":"post_tag","embeddable":true,"href":"https:\/\/eltrabajo.cl\/portal\/wp-json\/wp\/v2\/tags?post=64878"}],"curies":[{"name":"wp","href":"https:\/\/api.w.org\/{rel}","templated":true}]}}