{"id":64881,"date":"2015-12-16T14:57:20","date_gmt":"2015-12-16T17:57:20","guid":{"rendered":"http:\/\/www.eltrabajo.cl\/portal\/?p=64881"},"modified":"2015-12-16T14:57:20","modified_gmt":"2015-12-16T17:57:20","slug":"joven-detenido-por-amenazas-sostiene-que-lio-fue-originado-por-los-celos-de-su-expareja","status":"publish","type":"post","link":"https:\/\/eltrabajo.cl\/portal\/joven-detenido-por-amenazas-sostiene-que-lio-fue-originado-por-los-celos-de-su-expareja\/","title":{"rendered":"Joven detenido por amenazas sostiene que l\u00edo fue originado por los celos de su expareja"},"content":{"rendered":"<figure id=\"attachment_64882\" aria-describedby=\"caption-attachment-64882\" style=\"width: 300px\" class=\"wp-caption alignleft\"><img data-recalc-dims=\"1\" loading=\"lazy\" decoding=\"async\" class=\"wp-image-64882 size-medium\" src=\"https:\/\/i0.wp.com\/www.eltrabajo.cl\/portal\/wp-content\/uploads\/2015\/12\/JUAN-SALINAS-PULIDO-300x197.jpg?resize=300%2C197\" alt=\"Juan Salinas Pulido cuenta su versi\u00f3n de lo sucedido la tarde del s\u00e1bado cuando result\u00f3 detenido por Carabinero en los departamentos de La Parras\u00eda en San Felipe.\" width=\"300\" height=\"197\" srcset=\"https:\/\/i0.wp.com\/eltrabajo.cl\/portal\/wp-content\/uploads\/2015\/12\/JUAN-SALINAS-PULIDO.jpg?resize=300%2C197&amp;ssl=1 300w, https:\/\/i0.wp.com\/eltrabajo.cl\/portal\/wp-content\/uploads\/2015\/12\/JUAN-SALINAS-PULIDO.jpg?resize=200%2C131&amp;ssl=1 200w, https:\/\/i0.wp.com\/eltrabajo.cl\/portal\/wp-content\/uploads\/2015\/12\/JUAN-SALINAS-PULIDO.jpg?resize=228%2C150&amp;ssl=1 228w, https:\/\/i0.wp.com\/eltrabajo.cl\/portal\/wp-content\/uploads\/2015\/12\/JUAN-SALINAS-PULIDO.jpg?resize=400%2C263&amp;ssl=1 400w, https:\/\/i0.wp.com\/eltrabajo.cl\/portal\/wp-content\/uploads\/2015\/12\/JUAN-SALINAS-PULIDO.jpg?w=530&amp;ssl=1 530w\" sizes=\"auto, (max-width: 300px) 100vw, 300px\" \/><figcaption id=\"caption-attachment-64882\" class=\"wp-caption-text\">Juan Salinas Pulido cuenta su versi\u00f3n de lo sucedido la tarde del s\u00e1bado cuando result\u00f3 detenido por Carabinero en los departamentos de La Parras\u00eda en San Felipe.<\/figcaption><\/figure>\n<ul>\n<li><strong>Juan Alejandro Salinas Pulido sostiene que su exmujer de 23 a\u00f1os, actualmente embarazada, habr\u00eda iniciado una discusi\u00f3n por despecho. El joven descarta tener alg\u00fan v\u00ednculo sentimental con una menor de 15 a\u00f1os que se encontraba en el departamento de La Parras\u00eda en San Felipe.<\/strong><\/li>\n<\/ul>\n<p>Haciendo uso de su derecho a r\u00e9plica, Juan Alejandro Salinas Pulido, quien fue detenido por Carabineros la tarde del s\u00e1bado por el delito de amenazas, pretende establecer p\u00fablicamente por medio de una entrevista, que los hechos fueron originados por su expareja de 23 a\u00f1os de edad motivados por los celos tras una ruptura hace tres meses.<br \/>\nEl afectado aclara que el d\u00eda de los sucesos, cuando se encontraba junto a una menor de 15 a\u00f1os en su departamento del sector La Parras\u00eda de San Felipe, habr\u00eda concurrido su exmujer embarazada, originando una ri\u00f1a a golpes. Seg\u00fan su declaraci\u00f3n, desmiente todo v\u00ednculo sentimental con la menor de edad, asegurando que s\u00f3lo es una amiga y que debido a la llegada del contingente policial tras una denuncia, agobiado pretend\u00eda arrojarse desde la ventana del cuarto piso, temiendo que no creer\u00edan su versi\u00f3n de lo acaecido.<br \/>\n<strong>&#8211; \u00bfC\u00f3mo se originaron los hechos?<\/strong><br \/>\n<strong>&#8211;<\/strong> Mi expareja lleg\u00f3 el s\u00e1bado en la tarde al departamento, yo estaba con una amiguita haciendo el almuerzo. Ella (la ex) lleg\u00f3 prepotentemente pateando la puerta, yo abr\u00ed y tir\u00f3 unos golpes de pu\u00f1os hacia m\u00ed y en ese momento vio a mi amiga, se le tir\u00f3 encima y empezaron a pelear. Entonces ella form\u00f3 todo este problema y despu\u00e9s llam\u00f3 a Carabineros.<br \/>\n<strong>&#8211; \u00bfQu\u00e9 sucede cuando lleg\u00f3 Carabineros?<\/strong><br \/>\n<strong>&#8211;<\/strong> Reventaron la puerta, me gritaban delincuente tal por cual, yo no estaba bajo los efectos del alcohol y drogas, porque yo estoy luchando por mi hijo y estoy firmando todos los domingos porque estoy con beneficios.<br \/>\n<strong>&#8211; Tu ex pareja \u00bfqu\u00e9 edad tiene?<\/strong><br \/>\n<strong>&#8211;<\/strong> Tiene 23 a\u00f1os, ella dice que yo le levant\u00e9 la mano y no es as\u00ed. Ella despechada cree que ando con mi amiga menor de edad, y no es as\u00ed porque todo tenemos amigos en este mundo. Con mi ex hace tres meses que no tenemos nada.<br \/>\n&#8211; Entonces \u00bfreiteras que todo se origin\u00f3 por celos?<br \/>\n&#8211; Yo creo que s\u00ed, exactamente.<br \/>\n<strong>&#8211; \u00bfPor qu\u00e9 quer\u00edas lanzarte por la ventana?<\/strong><br \/>\n<strong>&#8211;<\/strong> Porque yo estaba ahogado, vi que ven\u00eda Carabineros, quer\u00edan sacarme a la fuerza. Ella dec\u00eda que yo ten\u00eda una escopeta, que yo la hab\u00eda amenazado de muerte, a su hija y su mam\u00e1. Yo no quiero m\u00e1s problemas, yo estuve privado de libertad. Yo quiero estar integrado a la sociedad.<br \/>\n<strong>&#8211; \u00bfFuiste formalizado por delito de amenazas?<\/strong><br \/>\n<strong>&#8211;<\/strong> Si, por amenazas contra mi expareja, tengo que esperar una nueva fecha de audiencia y no puedo acercarme a ella (\u2026) Para mi todo esto me duele mucho, porque yo tengo dos hijos y estoy luchando por ellos, yo ahora estoy trabajando.<br \/>\n<strong>Pablo Salinas Sald\u00edas<\/strong><\/p>\n","protected":false},"excerpt":{"rendered":"<p>Juan Alejandro Salinas Pulido sostiene que su exmujer de 23 a\u00f1os, actualmente embarazada, habr\u00eda iniciado una discusi\u00f3n por despecho. El joven descarta tener alg\u00fan v\u00ednculo sentimental con una menor de 15 a\u00f1os&#8230;<\/p>\n","protected":false},"author":482,"featured_media":64882,"comment_status":"open","ping_status":"open","sticky":false,"template":"","format":"standard","meta":{"advanced_seo_description":"","jetpack_seo_html_title":"","jetpack_seo_noindex":false,"_jetpack_memberships_contains_paid_content":false,"footnotes":""},"categories":[15],"tags":[],"class_list":["post-64881","post","type-post","status-publish","format-standard","has-post-thumbnail","hentry","category-comunidad"],"jetpack_featured_media_url":"https:\/\/i0.wp.com\/eltrabajo.cl\/portal\/wp-content\/uploads\/2015\/12\/JUAN-SALINAS-PULIDO.jpg?fit=530%2C348&ssl=1","jetpack_sharing_enabled":true,"jetpack_likes_enabled":true,"jetpack-related-posts":[],"_links":{"self":[{"href":"https:\/\/eltrabajo.cl\/portal\/wp-json\/wp\/v2\/posts\/64881","targetHints":{"allow":["GET"]}}],"collection":[{"href":"https:\/\/eltrabajo.cl\/portal\/wp-json\/wp\/v2\/posts"}],"about":[{"href":"https:\/\/eltrabajo.cl\/portal\/wp-json\/wp\/v2\/types\/post"}],"author":[{"embeddable":true,"href":"https:\/\/eltrabajo.cl\/portal\/wp-json\/wp\/v2\/users\/482"}],"replies":[{"embeddable":true,"href":"https:\/\/eltrabajo.cl\/portal\/wp-json\/wp\/v2\/comments?post=64881"}],"version-history":[{"count":0,"href":"https:\/\/eltrabajo.cl\/portal\/wp-json\/wp\/v2\/posts\/64881\/revisions"}],"wp:featuredmedia":[{"embeddable":true,"href":"https:\/\/eltrabajo.cl\/portal\/wp-json\/wp\/v2\/media\/64882"}],"wp:attachment":[{"href":"https:\/\/eltrabajo.cl\/portal\/wp-json\/wp\/v2\/media?parent=64881"}],"wp:term":[{"taxonomy":"category","embeddable":true,"href":"https:\/\/eltrabajo.cl\/portal\/wp-json\/wp\/v2\/categories?post=64881"},{"taxonomy":"post_tag","embeddable":true,"href":"https:\/\/eltrabajo.cl\/portal\/wp-json\/wp\/v2\/tags?post=64881"}],"curies":[{"name":"wp","href":"https:\/\/api.w.org\/{rel}","templated":true}]}}