{"id":64884,"date":"2015-12-16T14:58:42","date_gmt":"2015-12-16T17:58:42","guid":{"rendered":"http:\/\/www.eltrabajo.cl\/portal\/?p=64884"},"modified":"2015-12-16T14:58:42","modified_gmt":"2015-12-16T17:58:42","slug":"con-cuchillo-cocinero-apunalo-a-su-ex-pareja-tras-ruptura-de-convivencia-de-25-anos","status":"publish","type":"post","link":"https:\/\/eltrabajo.cl\/portal\/con-cuchillo-cocinero-apunalo-a-su-ex-pareja-tras-ruptura-de-convivencia-de-25-anos\/","title":{"rendered":"Con cuchillo cocinero apu\u00f1al\u00f3 a su ex pareja tras ruptura de convivencia de 25 a\u00f1os"},"content":{"rendered":"<figure id=\"attachment_64885\" aria-describedby=\"caption-attachment-64885\" style=\"width: 300px\" class=\"wp-caption alignleft\"><img data-recalc-dims=\"1\" loading=\"lazy\" decoding=\"async\" class=\"wp-image-64885 size-medium\" src=\"https:\/\/i0.wp.com\/www.eltrabajo.cl\/portal\/wp-content\/uploads\/2015\/12\/DETENIDO-VIF-1-300x198.jpg?resize=300%2C198\" alt=\"El imputado fue detenido por la PDI de San Felipe bajo los cargos de lesiones menos graves en contexto de violencia intrafamiliar quedando a disposici\u00f3n de la Fiscal\u00eda.\" width=\"300\" height=\"198\" srcset=\"https:\/\/i0.wp.com\/eltrabajo.cl\/portal\/wp-content\/uploads\/2015\/12\/DETENIDO-VIF-1.jpg?resize=300%2C198&amp;ssl=1 300w, https:\/\/i0.wp.com\/eltrabajo.cl\/portal\/wp-content\/uploads\/2015\/12\/DETENIDO-VIF-1.jpg?resize=200%2C132&amp;ssl=1 200w, https:\/\/i0.wp.com\/eltrabajo.cl\/portal\/wp-content\/uploads\/2015\/12\/DETENIDO-VIF-1.jpg?resize=227%2C150&amp;ssl=1 227w, https:\/\/i0.wp.com\/eltrabajo.cl\/portal\/wp-content\/uploads\/2015\/12\/DETENIDO-VIF-1.jpg?resize=400%2C264&amp;ssl=1 400w, https:\/\/i0.wp.com\/eltrabajo.cl\/portal\/wp-content\/uploads\/2015\/12\/DETENIDO-VIF-1.jpg?w=530&amp;ssl=1 530w\" sizes=\"auto, (max-width: 300px) 100vw, 300px\" \/><figcaption id=\"caption-attachment-64885\" class=\"wp-caption-text\">El imputado fue detenido por la PDI de San Felipe bajo los cargos de lesiones menos graves en contexto de violencia intrafamiliar quedando a disposici\u00f3n de la Fiscal\u00eda.<\/figcaption><\/figure>\n<p>La Comisario de la Polic\u00eda de Investigaciones, PDI San Felipe, Carolina Pineda, dio a conocer un hecho de violencia intrafamiliar que termin\u00f3 con una mujer de 43 a\u00f1os, concesionaria de un reconocido Restaurante del centro de la ciudad, con una herida corto punzante en la parte lateral de su abdomen.<br \/>\nEl hecho se produjo a eso de las 11 de la ma\u00f1ana del pasado lunes, cuando la v\u00edctima, identificada con las iniciales G.M.S lleg\u00f3 herida hasta el servicio de guardia de la PDI, ubicado en calle Freire esquina Coimas. Seg\u00fan el relato de la comisario \u201cdebido a una discusi\u00f3n originada por estos exconvivientes, aparentemente por situaciones econ\u00f3micas, la mujer fue atacada por su ex pareja, al interior de un restaurante del cual ella tiene la concesi\u00f3n\u201d, describi\u00f3.<br \/>\nRespecto de las causas que provocaron la agresi\u00f3n Pineda cont\u00f3 que \u201cLas diferencias surgir\u00edan a partir de los bienes adquiridos entre ambos durante los 25 a\u00f1os de convivencia, relaci\u00f3n que hab\u00eda llegado a su fin, seg\u00fan el relato de la v\u00edctima, con la separaci\u00f3n de la pareja hace una semana aproximadamente\u201d.<br \/>\nTras ver que la mujer presentaba una herida de unos 4 cm. de longitud, Pineda asegur\u00f3 que se comunicaron de inmediato con el servicio de Urgencias del Hospital San Camilo, lugar en el que se le brind\u00f3 la atenci\u00f3n necesaria, descart\u00e1ndose compromiso de \u00f3rganos y de esta forma quedando tipificado como \u2018agresi\u00f3n con lesiones de car\u00e1cter leve\u2019.<br \/>\nDe forma paralela, la PDI San Felipe efectu\u00f3 patrullajes por las distintas calles del centro de la ciudad para capturar al agresor, quien finalmente fue aprehendido en las inmediaciones del mismo cuartel, siendo identificado con las iniciales A.R.H de 50 a\u00f1os, tom\u00e1ndosele la declaraci\u00f3n correspondiente, en la cual confirm\u00f3 la autor\u00eda de los hechos.<br \/>\nUna vez concretada la declaraci\u00f3n del victimario y la condici\u00f3n de la v\u00edctima, se procedi\u00f3 con comunicar los hechos al Fiscal, quien seg\u00fan la misma Comisario \u201cinstruy\u00f3 que el sujeto pasara en condici\u00f3n de detenido esta ma\u00f1ana (ayer) por el delito de lesiones menos graves en contexto de Violencia Intrafamiliar\u201d, puntualiz\u00f3 la Comisario.<\/p>\n","protected":false},"excerpt":{"rendered":"<p>La Comisario de la Polic\u00eda de Investigaciones, PDI San Felipe, Carolina Pineda, dio a conocer un hecho de violencia intrafamiliar que termin\u00f3 con una mujer de 43 a\u00f1os, concesionaria de un reconocido&#8230;<\/p>\n","protected":false},"author":482,"featured_media":64885,"comment_status":"open","ping_status":"open","sticky":false,"template":"","format":"standard","meta":{"advanced_seo_description":"","jetpack_seo_html_title":"","jetpack_seo_noindex":false,"_jetpack_memberships_contains_paid_content":false,"footnotes":""},"categories":[21],"tags":[],"class_list":["post-64884","post","type-post","status-publish","format-standard","has-post-thumbnail","hentry","category-policial"],"jetpack_featured_media_url":"https:\/\/i0.wp.com\/eltrabajo.cl\/portal\/wp-content\/uploads\/2015\/12\/DETENIDO-VIF-1.jpg?fit=530%2C350&ssl=1","jetpack_sharing_enabled":true,"jetpack_likes_enabled":true,"jetpack-related-posts":[],"_links":{"self":[{"href":"https:\/\/eltrabajo.cl\/portal\/wp-json\/wp\/v2\/posts\/64884","targetHints":{"allow":["GET"]}}],"collection":[{"href":"https:\/\/eltrabajo.cl\/portal\/wp-json\/wp\/v2\/posts"}],"about":[{"href":"https:\/\/eltrabajo.cl\/portal\/wp-json\/wp\/v2\/types\/post"}],"author":[{"embeddable":true,"href":"https:\/\/eltrabajo.cl\/portal\/wp-json\/wp\/v2\/users\/482"}],"replies":[{"embeddable":true,"href":"https:\/\/eltrabajo.cl\/portal\/wp-json\/wp\/v2\/comments?post=64884"}],"version-history":[{"count":0,"href":"https:\/\/eltrabajo.cl\/portal\/wp-json\/wp\/v2\/posts\/64884\/revisions"}],"wp:featuredmedia":[{"embeddable":true,"href":"https:\/\/eltrabajo.cl\/portal\/wp-json\/wp\/v2\/media\/64885"}],"wp:attachment":[{"href":"https:\/\/eltrabajo.cl\/portal\/wp-json\/wp\/v2\/media?parent=64884"}],"wp:term":[{"taxonomy":"category","embeddable":true,"href":"https:\/\/eltrabajo.cl\/portal\/wp-json\/wp\/v2\/categories?post=64884"},{"taxonomy":"post_tag","embeddable":true,"href":"https:\/\/eltrabajo.cl\/portal\/wp-json\/wp\/v2\/tags?post=64884"}],"curies":[{"name":"wp","href":"https:\/\/api.w.org\/{rel}","templated":true}]}}