{"id":64889,"date":"2015-12-17T14:24:44","date_gmt":"2015-12-17T17:24:44","guid":{"rendered":"http:\/\/www.eltrabajo.cl\/portal\/?p=64889"},"modified":"2015-12-17T14:24:44","modified_gmt":"2015-12-17T17:24:44","slug":"convocan-a-participar-del-solsticio-de-verano-en-la-cumbre-del-cerro-mercacha","status":"publish","type":"post","link":"https:\/\/eltrabajo.cl\/portal\/convocan-a-participar-del-solsticio-de-verano-en-la-cumbre-del-cerro-mercacha\/","title":{"rendered":"Convocan a participar del solsticio de verano en la cumbre del Cerro Mercacha"},"content":{"rendered":"<figure id=\"attachment_64890\" aria-describedby=\"caption-attachment-64890\" style=\"width: 300px\" class=\"wp-caption alignleft\"><img data-recalc-dims=\"1\" loading=\"lazy\" decoding=\"async\" class=\"wp-image-64890 size-medium\" src=\"https:\/\/i0.wp.com\/www.eltrabajo.cl\/portal\/wp-content\/uploads\/2015\/12\/subida-mercacha-300x197.jpg?resize=300%2C197\" alt=\"Representantes de la agrupaci\u00f3n de Baile Chino y la academia de Ciencias de la escuela El Sauce est\u00e1n invitando a participar del solsticio de verano que se realizar\u00e1 en la cumbre del cerro Mercacha este s\u00e1bado 19 de diciembre.\" width=\"300\" height=\"197\" srcset=\"https:\/\/i0.wp.com\/eltrabajo.cl\/portal\/wp-content\/uploads\/2015\/12\/subida-mercacha.jpg?resize=300%2C197&amp;ssl=1 300w, https:\/\/i0.wp.com\/eltrabajo.cl\/portal\/wp-content\/uploads\/2015\/12\/subida-mercacha.jpg?resize=200%2C131&amp;ssl=1 200w, https:\/\/i0.wp.com\/eltrabajo.cl\/portal\/wp-content\/uploads\/2015\/12\/subida-mercacha.jpg?resize=228%2C150&amp;ssl=1 228w, https:\/\/i0.wp.com\/eltrabajo.cl\/portal\/wp-content\/uploads\/2015\/12\/subida-mercacha.jpg?resize=400%2C263&amp;ssl=1 400w, https:\/\/i0.wp.com\/eltrabajo.cl\/portal\/wp-content\/uploads\/2015\/12\/subida-mercacha.jpg?w=530&amp;ssl=1 530w\" sizes=\"auto, (max-width: 300px) 100vw, 300px\" \/><figcaption id=\"caption-attachment-64890\" class=\"wp-caption-text\">Representantes de la agrupaci\u00f3n de Baile Chino y la academia de Ciencias de la escuela El Sauce est\u00e1n invitando a participar del solsticio de verano que se realizar\u00e1 en la cumbre del cerro Mercacha este s\u00e1bado 19 de diciembre.<\/figcaption><\/figure>\n<p><strong>Actividad servir\u00e1 tambi\u00e9n para decir no a la instalaci\u00f3n de una antena de telefon\u00eda m\u00f3vil en ese lugar.<\/strong><\/p>\n<p><strong>LOS ANDES.-<\/strong> La Agrupaci\u00f3n de Baile Chino y la academia de Ciencias de la escuela El Sauce, est\u00e1n invitando a toda la comunidad de Los Andes a participar del solsticio de verano que se realizar\u00e1 en la cumbre del cerro Mercacha este s\u00e1bado 19 de diciembre.<br \/>\nEl profesor de ese establecimiento educacional y a la vez Alf\u00e9rez de la Agrupaci\u00f3n de Baile Chino Cerro Mercacha, Mario Mart\u00ednez, indic\u00f3 que en esta ocasi\u00f3n se ha querido dar una mayor difusi\u00f3n a esta actividad como una forma de rechazar la idea de instalar una antena de telefon\u00eda m\u00f3vil en el cerro, \u201clo que atenta contra el patrimonio arqueol\u00f3gico, cultural y natural de nuestras comuna y nuestro valle\u201d.<br \/>\nEl docente se\u00f1al\u00f3 que para ese d\u00eda el punto de encuentro ser\u00e1 en la escuela El Sauce a las 16 horas y desde all\u00ed un transporte los acercar\u00e1 hasta el cerro para caminar hasta la cima, pernoctar y luego la madrugada del 20 presenciar el solsticio.<br \/>\nMart\u00ednez dijo que a la llegada a la cima realizar\u00e1n una ceremonia en el atardecer en el altar de piedra que existe en ese lugar, \u201cy despu\u00e9s en la noche hacemos un chineo y luego en el amanecer viene la actividad culmine del solsticio\u201d.<br \/>\nMart\u00ednez aprovech\u00f3 la oportunidad para emplazar a las autoridades que manifestaron su apoyo a que la antena no se instale para que lleven adelante gestiones concretas en este sentido, \u201cpues tambi\u00e9n estamos esperando que la municipalidad coloque un recurso de amparo\u201d.<br \/>\nEl alf\u00e9rez insisti\u00f3 en la importancia de estas ceremonias ancestrales que son parte de la identidad de Aconcagua que debe ser recuperada, \u201cpues vivimos inmersos y celebraciones que no son nuestras y el solsticio de verano se celebra en nuestra zona desde hace por lo menos mil a\u00f1os y ojal\u00e1 que la comunidad se de cuenta\u201d.<br \/>\nAgreg\u00f3 que hoy d\u00eda el Valle de Aconcagua vive un momento complejo con la eventual instalaci\u00f3n de faenas mineras en Putaendo, la antena del cerro Mercacha y la destrucci\u00f3n de glaciares por parte de Andina, \u201cpor lo que a\u00fan estamos a tiempo para despertar, ya que si no lo hacemos son las generaciones futuras las que van a sufrir por la falta de agua y por eso debemos volver a los ciclos vitales de la tierra\u201d.<br \/>\nPor su parte, el encargado de la Academia de Astronom\u00eda de la escuela El Sauce, Profesor Carlos Montenegro remarc\u00f3 la necesidad de poder rescatar este lugar sagrado de nuestros antepasados para las observaciones astron\u00f3micas y de los cuerpos celestes, \u201cy mucha evidencia que hemos obtenido durante estos siete a\u00f1os que llevamos subiendo a la cumbre para los solsticios donde las investigaciones han arrojado cosas in\u00e9ditas que la comunidad deber\u00eda conocer\u201d.<br \/>\nEl docente se quej\u00f3 la poca importancia que como pa\u00eds le damos a nuestras culturas ancestrales, \u201cy por eso es la invitaci\u00f3n a cuidar este patrimonio de nuestros pasados y luchar en contra de la antena\u201d.<\/p>\n","protected":false},"excerpt":{"rendered":"<p>Actividad servir\u00e1 tambi\u00e9n para decir no a la instalaci\u00f3n de una antena de telefon\u00eda m\u00f3vil en ese lugar. LOS ANDES.- La Agrupaci\u00f3n de Baile Chino y la academia de Ciencias de la&#8230;<\/p>\n","protected":false},"author":482,"featured_media":64890,"comment_status":"open","ping_status":"open","sticky":false,"template":"","format":"standard","meta":{"advanced_seo_description":"","jetpack_seo_html_title":"","jetpack_seo_noindex":false,"_jetpack_memberships_contains_paid_content":false,"footnotes":""},"categories":[15],"tags":[],"class_list":["post-64889","post","type-post","status-publish","format-standard","has-post-thumbnail","hentry","category-comunidad"],"jetpack_featured_media_url":"https:\/\/i0.wp.com\/eltrabajo.cl\/portal\/wp-content\/uploads\/2015\/12\/subida-mercacha.jpg?fit=530%2C348&ssl=1","jetpack_sharing_enabled":true,"jetpack_likes_enabled":true,"jetpack-related-posts":[],"_links":{"self":[{"href":"https:\/\/eltrabajo.cl\/portal\/wp-json\/wp\/v2\/posts\/64889","targetHints":{"allow":["GET"]}}],"collection":[{"href":"https:\/\/eltrabajo.cl\/portal\/wp-json\/wp\/v2\/posts"}],"about":[{"href":"https:\/\/eltrabajo.cl\/portal\/wp-json\/wp\/v2\/types\/post"}],"author":[{"embeddable":true,"href":"https:\/\/eltrabajo.cl\/portal\/wp-json\/wp\/v2\/users\/482"}],"replies":[{"embeddable":true,"href":"https:\/\/eltrabajo.cl\/portal\/wp-json\/wp\/v2\/comments?post=64889"}],"version-history":[{"count":0,"href":"https:\/\/eltrabajo.cl\/portal\/wp-json\/wp\/v2\/posts\/64889\/revisions"}],"wp:featuredmedia":[{"embeddable":true,"href":"https:\/\/eltrabajo.cl\/portal\/wp-json\/wp\/v2\/media\/64890"}],"wp:attachment":[{"href":"https:\/\/eltrabajo.cl\/portal\/wp-json\/wp\/v2\/media?parent=64889"}],"wp:term":[{"taxonomy":"category","embeddable":true,"href":"https:\/\/eltrabajo.cl\/portal\/wp-json\/wp\/v2\/categories?post=64889"},{"taxonomy":"post_tag","embeddable":true,"href":"https:\/\/eltrabajo.cl\/portal\/wp-json\/wp\/v2\/tags?post=64889"}],"curies":[{"name":"wp","href":"https:\/\/api.w.org\/{rel}","templated":true}]}}