{"id":64892,"date":"2015-12-17T14:26:37","date_gmt":"2015-12-17T17:26:37","guid":{"rendered":"http:\/\/www.eltrabajo.cl\/portal\/?p=64892"},"modified":"2015-12-17T14:26:37","modified_gmt":"2015-12-17T17:26:37","slug":"trabajadores-de-andina-celebraran-navidad-junto-a-comunidad-pehuenche","status":"publish","type":"post","link":"https:\/\/eltrabajo.cl\/portal\/trabajadores-de-andina-celebraran-navidad-junto-a-comunidad-pehuenche\/","title":{"rendered":"Trabajadores de Andina celebrar\u00e1n navidad junto a comunidad Pehuenche"},"content":{"rendered":"<figure id=\"attachment_64893\" aria-describedby=\"caption-attachment-64893\" style=\"width: 300px\" class=\"wp-caption alignleft\"><img data-recalc-dims=\"1\" loading=\"lazy\" decoding=\"async\" class=\"wp-image-64893 size-medium\" src=\"https:\/\/i0.wp.com\/www.eltrabajo.cl\/portal\/wp-content\/uploads\/2015\/12\/Entrega-regalos-comunidad-Pehuenche-2-300x198.jpg?resize=300%2C198\" alt=\"Cerca de 100 ni\u00f1os y adultos se ver\u00e1n beneficiados con la entrega de regalos y ayuda que trabajadores de Andina llevar\u00e1n para que puedan celebrar esta navidad.\" width=\"300\" height=\"198\" srcset=\"https:\/\/i0.wp.com\/eltrabajo.cl\/portal\/wp-content\/uploads\/2015\/12\/Entrega-regalos-comunidad-Pehuenche-2.jpg?resize=300%2C198&amp;ssl=1 300w, https:\/\/i0.wp.com\/eltrabajo.cl\/portal\/wp-content\/uploads\/2015\/12\/Entrega-regalos-comunidad-Pehuenche-2.jpg?resize=200%2C132&amp;ssl=1 200w, https:\/\/i0.wp.com\/eltrabajo.cl\/portal\/wp-content\/uploads\/2015\/12\/Entrega-regalos-comunidad-Pehuenche-2.jpg?resize=227%2C150&amp;ssl=1 227w, https:\/\/i0.wp.com\/eltrabajo.cl\/portal\/wp-content\/uploads\/2015\/12\/Entrega-regalos-comunidad-Pehuenche-2.jpg?resize=400%2C264&amp;ssl=1 400w, https:\/\/i0.wp.com\/eltrabajo.cl\/portal\/wp-content\/uploads\/2015\/12\/Entrega-regalos-comunidad-Pehuenche-2.jpg?w=530&amp;ssl=1 530w\" sizes=\"auto, (max-width: 300px) 100vw, 300px\" \/><figcaption id=\"caption-attachment-64893\" class=\"wp-caption-text\">Cerca de 100 ni\u00f1os y adultos se ver\u00e1n beneficiados con la entrega de regalos y ayuda que trabajadores de Andina llevar\u00e1n para que puedan celebrar esta navidad.<\/figcaption><\/figure>\n<ul>\n<li><strong>Llevan a la provincia de Alto Bio Bio regalos y ayuda para cerca de 100 ni\u00f1os y adultos de muy escasos recursos, tras una campa\u00f1a en que participaron cerca de 80 trabajadores que se movieron por la solidaridad.<\/strong><\/li>\n<\/ul>\n<p><strong>LOS ANDES.<\/strong>&#8211; Luego de una primera visita en el mes de octubre, un grupo de trabajadores de la divisi\u00f3n Andina del grupo N\u00b0 2 se propusieron tras la experiencia vivida, viajar nuevamente hasta la comunidad Pehuenche de Alto Bio Bio en la octava regi\u00f3n, con la idea de entregarles una navidad a cerca de 100 ni\u00f1os de dos colegios del sector.<br \/>\nLa idea principal es que estos ni\u00f1os con pocas oportunidades y muy escasos recursos puedan tener la alegr\u00eda de vivir una once de navidad y recibir un peque\u00f1o obsequio. Es as\u00ed que durante cerca de dos meses se hizo una campa\u00f1a para recolectar dinero para comprarles buzos a todos los ni\u00f1os de un colegio de la zona y celebrarles la navidad, para lo cual un grupo de aproximadamente 80 trabajadores de Andina don\u00f3 parte de sus colaciones e hizo aporte que permitieron reunir todo para ir en ayuda de estos ni\u00f1os y gente del sur.<br \/>\nLa primera parada de hoy jueves ser\u00e1 en la localidad de Guayal\u00ed donde se les har\u00e1 un desayuno a estudiantes de un colegio y posteriormente se ir\u00e1 a Puka Ralco a celebrar con 62 ni\u00f1os a los cuales se les llevan uniformes.<br \/>\nSeg\u00fan coment\u00f3 el organizador de esta cruzada solidaria, Genaro Villalobos Ch\u00e1vez \u00abac\u00e1 cooperaron compa\u00f1eros de las diversas \u00e1reas de la divisi\u00f3n y gente particular, m\u00e1s otro que pusieron la movilizaci\u00f3n o aportaron con dinero, cercanos a los trabajadores de Andina, lo que nos permiti\u00f3 llevar todo lo necesario para ir en ayuda de estos ni\u00f1os\u00bb.<br \/>\nEn esta ocasi\u00f3n fue un grupo de aproximadamente 10 trabajadores quienes apoyados por su familia, hipotecaron su descanso para ir a entregar la colaboraci\u00f3n, pero llevan la fuerza de los cerca de 40 miembros del grupo que siempre est\u00e1 prestando este tipo de ayuda solidaria.<br \/>\nTras esta entrega de colaboraci\u00f3n, este grupo sin duda que pretender\u00e1 volver y realizar otras campa\u00f1as para otras comunidades o zonas, ya que nunca han estado ajenos a los vaivenes de la vida, como lo han hecho con gente afectada por el mega incendio de Valpara\u00edso, los damnificados por el Terremoto el 2010 en Iloca y el aluvi\u00f3n en El Salvador<br \/>\n\u00abEsperamos que este grupo de ayuda siga creciendo y colaborar con gente que quiz\u00e1s no ha tenido oportunidades y son en este tipo de ocasiones que se nota el esp\u00edritu solidario de los trabajadores de la divisi\u00f3n Andina\u00bb, finaliz\u00f3 Villalobos.<\/p>\n","protected":false},"excerpt":{"rendered":"<p>Llevan a la provincia de Alto Bio Bio regalos y ayuda para cerca de 100 ni\u00f1os y adultos de muy escasos recursos, tras una campa\u00f1a en que participaron cerca de 80 trabajadores&#8230;<\/p>\n","protected":false},"author":482,"featured_media":64893,"comment_status":"open","ping_status":"open","sticky":false,"template":"","format":"standard","meta":{"advanced_seo_description":"","jetpack_seo_html_title":"","jetpack_seo_noindex":false,"_jetpack_memberships_contains_paid_content":false,"footnotes":""},"categories":[15],"tags":[],"class_list":["post-64892","post","type-post","status-publish","format-standard","has-post-thumbnail","hentry","category-comunidad"],"jetpack_featured_media_url":"https:\/\/i0.wp.com\/eltrabajo.cl\/portal\/wp-content\/uploads\/2015\/12\/Entrega-regalos-comunidad-Pehuenche-2.jpg?fit=530%2C350&ssl=1","jetpack_sharing_enabled":true,"jetpack_likes_enabled":true,"jetpack-related-posts":[],"_links":{"self":[{"href":"https:\/\/eltrabajo.cl\/portal\/wp-json\/wp\/v2\/posts\/64892","targetHints":{"allow":["GET"]}}],"collection":[{"href":"https:\/\/eltrabajo.cl\/portal\/wp-json\/wp\/v2\/posts"}],"about":[{"href":"https:\/\/eltrabajo.cl\/portal\/wp-json\/wp\/v2\/types\/post"}],"author":[{"embeddable":true,"href":"https:\/\/eltrabajo.cl\/portal\/wp-json\/wp\/v2\/users\/482"}],"replies":[{"embeddable":true,"href":"https:\/\/eltrabajo.cl\/portal\/wp-json\/wp\/v2\/comments?post=64892"}],"version-history":[{"count":0,"href":"https:\/\/eltrabajo.cl\/portal\/wp-json\/wp\/v2\/posts\/64892\/revisions"}],"wp:featuredmedia":[{"embeddable":true,"href":"https:\/\/eltrabajo.cl\/portal\/wp-json\/wp\/v2\/media\/64893"}],"wp:attachment":[{"href":"https:\/\/eltrabajo.cl\/portal\/wp-json\/wp\/v2\/media?parent=64892"}],"wp:term":[{"taxonomy":"category","embeddable":true,"href":"https:\/\/eltrabajo.cl\/portal\/wp-json\/wp\/v2\/categories?post=64892"},{"taxonomy":"post_tag","embeddable":true,"href":"https:\/\/eltrabajo.cl\/portal\/wp-json\/wp\/v2\/tags?post=64892"}],"curies":[{"name":"wp","href":"https:\/\/api.w.org\/{rel}","templated":true}]}}