{"id":64895,"date":"2015-12-17T14:28:05","date_gmt":"2015-12-17T17:28:05","guid":{"rendered":"http:\/\/www.eltrabajo.cl\/portal\/?p=64895"},"modified":"2015-12-17T14:28:05","modified_gmt":"2015-12-17T17:28:05","slug":"extienden-programa-habilidades-para-la-vida-a-estudiantes-de-hasta-octavo-basico","status":"publish","type":"post","link":"https:\/\/eltrabajo.cl\/portal\/extienden-programa-habilidades-para-la-vida-a-estudiantes-de-hasta-octavo-basico\/","title":{"rendered":"Extienden programa \u2018Habilidades para la Vida\u2019 a estudiantes de hasta octavo b\u00e1sico"},"content":{"rendered":"<figure id=\"attachment_64896\" aria-describedby=\"caption-attachment-64896\" style=\"width: 300px\" class=\"wp-caption alignleft\"><img data-recalc-dims=\"1\" loading=\"lazy\" decoding=\"async\" class=\"wp-image-64896 size-medium\" src=\"https:\/\/i0.wp.com\/www.eltrabajo.cl\/portal\/wp-content\/uploads\/2015\/12\/equipo-de-profesionales-300x198.jpg?resize=300%2C198\" alt=\"El programa \u2018Habilidades para la Vida\u2019 se lleva a cabo a trav\u00e9s de la intervenci\u00f3n de un equipo interdisciplinario en cada establecimiento educacional.\" width=\"300\" height=\"198\" srcset=\"https:\/\/i0.wp.com\/eltrabajo.cl\/portal\/wp-content\/uploads\/2015\/12\/equipo-de-profesionales.jpg?resize=300%2C198&amp;ssl=1 300w, https:\/\/i0.wp.com\/eltrabajo.cl\/portal\/wp-content\/uploads\/2015\/12\/equipo-de-profesionales.jpg?resize=200%2C132&amp;ssl=1 200w, https:\/\/i0.wp.com\/eltrabajo.cl\/portal\/wp-content\/uploads\/2015\/12\/equipo-de-profesionales.jpg?resize=228%2C150&amp;ssl=1 228w, https:\/\/i0.wp.com\/eltrabajo.cl\/portal\/wp-content\/uploads\/2015\/12\/equipo-de-profesionales.jpg?resize=400%2C263&amp;ssl=1 400w, https:\/\/i0.wp.com\/eltrabajo.cl\/portal\/wp-content\/uploads\/2015\/12\/equipo-de-profesionales.jpg?w=530&amp;ssl=1 530w\" sizes=\"auto, (max-width: 300px) 100vw, 300px\" \/><figcaption id=\"caption-attachment-64896\" class=\"wp-caption-text\">El programa \u2018Habilidades para la Vida\u2019 se lleva a cabo a trav\u00e9s de la intervenci\u00f3n de un equipo interdisciplinario en cada establecimiento educacional.<\/figcaption><\/figure>\n<ul>\n<li><strong>Iniciativa que se ejecutar\u00e1 en nueve establecimientos educacionales municipalizados, pretende cubrir en 2017 a un total de 20 escuelas de San Felipe.<\/strong><\/li>\n<\/ul>\n<p>Alumnos de quinto hasta octavo b\u00e1sico de nueve establecimientos de San Felipe, se ver\u00e1n beneficiados con la ampliaci\u00f3n del programa \u2018Habilidades para la Vida\u2019, iniciativa que se ejecuta con recursos de la Junaeb por parte de un equipo dependiente de la municipalidad a cargo del sic\u00f3logo Claudio Chamorro.<br \/>\nEl programa Habilidades para la Vida consiste en la intervenci\u00f3n de profesionales en los establecimientos, donde se entregan herramientas orientadas a fortalecer a los ni\u00f1os y ni\u00f1as, para enfrentar las dificultades que se presentan en sus procesos formativos y de desarrollo integral.<br \/>\nSeg\u00fan explic\u00f3 Claudio Chamorro, la idea es ir progresivamente trabajando con las escuelas, partiendo con los estudiantes de quinto a\u00f1o b\u00e1sico y as\u00ed avanzar hasta el octavo b\u00e1sico, esperando que ya en enero de 2017 puedan estar incorporados 20 establecimientos de la comuna.<br \/>\n\u201cEs continuo y progresivo, porque estamos empezando nuestro trabajo con los alumnos de quinto b\u00e1sico y esperamos as\u00ed acompa\u00f1arlos hasta octavo b\u00e1sico. Con ellos hacemos un fuerte trabajo de promoci\u00f3n de habilidades para la vida, ingresando ellos a una serie de talleres preventivos, con diez sesiones en cada escuela. En cada escuela hacemos alrededor de 187 visitas a lo largo del a\u00f1o\u201d, se\u00f1al\u00f3 el sic\u00f3logo a cargo de este programa.<br \/>\nSeg\u00fan explic\u00f3 el director jur\u00eddico de la Municipalidad, Jorge Jara, el alcalde Patricio Freire ha enfatizado la necesidad de desarrollar un trabajo de acompa\u00f1amiento a los alumnos del sistema municipalizado, que permita prepararlos para la vida adulta, pero adem\u00e1s, que favorezca en ellos una actitud positiva para enfrentar sus distintas etapas de desarrollo y de interacci\u00f3n con sus pares.<br \/>\nEn esa l\u00ednea, manifest\u00f3 que \u201cla gesti\u00f3n del alcalde apunta a aprovechar todas las oportunidades para mejorar la educaci\u00f3n municipalizada de San Felipe y creemos que este programa de Junaeb favorece la entrega de herramientas e instrumentos para un mejor pasar en la vida, comprometiendo a un sinn\u00famero de profesionales que trabajan con ellos\u201d.<br \/>\nEn este mismo sentido, el gobernador Eduardo Le\u00f3n afirm\u00f3 que este programa no solo da cuenta del inter\u00e9s de la presidenta Michelle Bachelet para mejorar la educaci\u00f3n p\u00fablica, sino tambi\u00e9n de apoyar a los ni\u00f1os para que su desarrollo sea pleno y sobre todo feliz.<\/p>\n","protected":false},"excerpt":{"rendered":"<p>Iniciativa que se ejecutar\u00e1 en nueve establecimientos educacionales municipalizados, pretende cubrir en 2017 a un total de 20 escuelas de San Felipe. Alumnos de quinto hasta octavo b\u00e1sico de nueve establecimientos de&#8230;<\/p>\n","protected":false},"author":482,"featured_media":64896,"comment_status":"open","ping_status":"open","sticky":false,"template":"","format":"standard","meta":{"advanced_seo_description":"","jetpack_seo_html_title":"","jetpack_seo_noindex":false,"_jetpack_memberships_contains_paid_content":false,"footnotes":""},"categories":[15],"tags":[],"class_list":["post-64895","post","type-post","status-publish","format-standard","has-post-thumbnail","hentry","category-comunidad"],"jetpack_featured_media_url":"https:\/\/i0.wp.com\/eltrabajo.cl\/portal\/wp-content\/uploads\/2015\/12\/equipo-de-profesionales.jpg?fit=530%2C349&ssl=1","jetpack_sharing_enabled":true,"jetpack_likes_enabled":true,"jetpack-related-posts":[],"_links":{"self":[{"href":"https:\/\/eltrabajo.cl\/portal\/wp-json\/wp\/v2\/posts\/64895","targetHints":{"allow":["GET"]}}],"collection":[{"href":"https:\/\/eltrabajo.cl\/portal\/wp-json\/wp\/v2\/posts"}],"about":[{"href":"https:\/\/eltrabajo.cl\/portal\/wp-json\/wp\/v2\/types\/post"}],"author":[{"embeddable":true,"href":"https:\/\/eltrabajo.cl\/portal\/wp-json\/wp\/v2\/users\/482"}],"replies":[{"embeddable":true,"href":"https:\/\/eltrabajo.cl\/portal\/wp-json\/wp\/v2\/comments?post=64895"}],"version-history":[{"count":0,"href":"https:\/\/eltrabajo.cl\/portal\/wp-json\/wp\/v2\/posts\/64895\/revisions"}],"wp:featuredmedia":[{"embeddable":true,"href":"https:\/\/eltrabajo.cl\/portal\/wp-json\/wp\/v2\/media\/64896"}],"wp:attachment":[{"href":"https:\/\/eltrabajo.cl\/portal\/wp-json\/wp\/v2\/media?parent=64895"}],"wp:term":[{"taxonomy":"category","embeddable":true,"href":"https:\/\/eltrabajo.cl\/portal\/wp-json\/wp\/v2\/categories?post=64895"},{"taxonomy":"post_tag","embeddable":true,"href":"https:\/\/eltrabajo.cl\/portal\/wp-json\/wp\/v2\/tags?post=64895"}],"curies":[{"name":"wp","href":"https:\/\/api.w.org\/{rel}","templated":true}]}}