{"id":64901,"date":"2015-12-17T14:31:56","date_gmt":"2015-12-17T17:31:56","guid":{"rendered":"http:\/\/www.eltrabajo.cl\/portal\/?p=64901"},"modified":"2015-12-17T14:31:56","modified_gmt":"2015-12-17T17:31:56","slug":"fortalezas-de-aconcagua-mostro-todo-su-poderio-en-anfi","status":"publish","type":"post","link":"https:\/\/eltrabajo.cl\/portal\/fortalezas-de-aconcagua-mostro-todo-su-poderio-en-anfi\/","title":{"rendered":"Fortalezas de Aconcagua mostr\u00f3 todo su poder\u00edo en Anfi"},"content":{"rendered":"<figure id=\"attachment_64902\" aria-describedby=\"caption-attachment-64902\" style=\"width: 300px\" class=\"wp-caption alignleft\"><img data-recalc-dims=\"1\" loading=\"lazy\" decoding=\"async\" class=\"wp-image-64902 size-medium\" src=\"https:\/\/i0.wp.com\/www.eltrabajo.cl\/portal\/wp-content\/uploads\/2015\/12\/FOTO-2-LOS-INTEGRANTES-DE-LA-ESCUELA-DE-F%C3%9ATBOL-FORTALEZAS-DE-ACONCAGUA-QUE-DURANTE-EL-2015-PARTICIPARON-DEL-TORNEO-ANFI-300x198.jpg?resize=300%2C198\" alt=\"Los integrantes de la escuela de f\u00fatbol Fortalezas de Aconcagua que durante el 2015 participaron del torneo Anfi\" width=\"300\" height=\"198\" srcset=\"https:\/\/i0.wp.com\/eltrabajo.cl\/portal\/wp-content\/uploads\/2015\/12\/FOTO-2-LOS-INTEGRANTES-DE-LA-ESCUELA-DE-F%C3%9ATBOL-FORTALEZAS-DE-ACONCAGUA-QUE-DURANTE-EL-2015-PARTICIPARON-DEL-TORNEO-ANFI.jpg?resize=300%2C198&amp;ssl=1 300w, https:\/\/i0.wp.com\/eltrabajo.cl\/portal\/wp-content\/uploads\/2015\/12\/FOTO-2-LOS-INTEGRANTES-DE-LA-ESCUELA-DE-F%C3%9ATBOL-FORTALEZAS-DE-ACONCAGUA-QUE-DURANTE-EL-2015-PARTICIPARON-DEL-TORNEO-ANFI.jpg?resize=200%2C132&amp;ssl=1 200w, https:\/\/i0.wp.com\/eltrabajo.cl\/portal\/wp-content\/uploads\/2015\/12\/FOTO-2-LOS-INTEGRANTES-DE-LA-ESCUELA-DE-F%C3%9ATBOL-FORTALEZAS-DE-ACONCAGUA-QUE-DURANTE-EL-2015-PARTICIPARON-DEL-TORNEO-ANFI.jpg?resize=228%2C150&amp;ssl=1 228w, https:\/\/i0.wp.com\/eltrabajo.cl\/portal\/wp-content\/uploads\/2015\/12\/FOTO-2-LOS-INTEGRANTES-DE-LA-ESCUELA-DE-F%C3%9ATBOL-FORTALEZAS-DE-ACONCAGUA-QUE-DURANTE-EL-2015-PARTICIPARON-DEL-TORNEO-ANFI.jpg?resize=400%2C263&amp;ssl=1 400w, https:\/\/i0.wp.com\/eltrabajo.cl\/portal\/wp-content\/uploads\/2015\/12\/FOTO-2-LOS-INTEGRANTES-DE-LA-ESCUELA-DE-F%C3%9ATBOL-FORTALEZAS-DE-ACONCAGUA-QUE-DURANTE-EL-2015-PARTICIPARON-DEL-TORNEO-ANFI.jpg?w=530&amp;ssl=1 530w\" sizes=\"auto, (max-width: 300px) 100vw, 300px\" \/><figcaption id=\"caption-attachment-64902\" class=\"wp-caption-text\">Los integrantes de la escuela de f\u00fatbol Fortalezas de Aconcagua que durante el 2015 participaron del torneo Anfi<\/figcaption><\/figure>\n<ul>\n<li><strong>Escuela de f\u00fatbol sanfelipe\u00f1a consigui\u00f3 destacada participaci\u00f3n en torneo nacional donde participaban las filiales de los principales clubes profesionales de la Regi\u00f3n Metropolitana.<\/strong><\/li>\n<\/ul>\n<p>La Escuela de F\u00fatbol Fortalezas de Aconcagua, dirigida por el profesor Mario Vilches, obtuvo una destacad\u00edsima participaci\u00f3n en el Campeonato Asociaci\u00f3n Nacional de F\u00fatbol Infantil, Anfi, que se organiza anualmente en Santiago y que esta temporada coron\u00f3 a los pupilos de Vilches como campeones de la Categor\u00eda sub 17, 4\u00ba lugar en serie sub 15, 3\u00ba puesto en sub 11, 4\u00aa ubicaci\u00f3n en la tabla general y el premio al goleador del torneo en la persona del joven Felipe Flores, quien anotara 20 goles a lo largo del certamen.<br \/>\nEsta es la tercera vez que los muchachos de \u2018Fortalezas\u2019 participan de esta competencia, en la cual se presentan las filiales de los principales equipos profesionales de la Regi\u00f3n Metropolitana, por lo que Vilches valor\u00f3 el hecho de poder medirse e imponerse ante escuelas que tienen mucho m\u00e1s trabajo y recursos para preparar este certamen.<br \/>\n\u201cFue una apuesta importante sacar a los chicos de San Felipe, m\u00e1s para una escuela como la nuestra que es netamente formativa, ellos ahora han aprendido a competir, nos hemos puesto a la altura de los equipos grandes de Santiago, como la filial de Cobreloa, Cat\u00f3lica de Quilicura, que hemos peleado el campeonato con ellos en todas las series, y ha resultado bien\u201d, destac\u00f3 el director de la Escuela.<\/p>\n<figure id=\"attachment_64903\" aria-describedby=\"caption-attachment-64903\" style=\"width: 300px\" class=\"wp-caption alignright\"><img data-recalc-dims=\"1\" loading=\"lazy\" decoding=\"async\" class=\"wp-image-64903 size-medium\" src=\"https:\/\/i0.wp.com\/www.eltrabajo.cl\/portal\/wp-content\/uploads\/2015\/12\/FOTO-1-MARIO-VILCHES-JUNTO-A-CLAUDIO-VILLARROEL-PROFESORES-DE-LA-ESCUELA-DE-F%C3%9ATBOL-FORTALEZAS-DE-ACONCAGUA-300x197.jpg?resize=300%2C197\" alt=\"Mario Vilches junto a Claudio Villarroel, profesores de la escuela de f\u00fatbol Fortalezas de Aconcagua.\" width=\"300\" height=\"197\" srcset=\"https:\/\/i0.wp.com\/eltrabajo.cl\/portal\/wp-content\/uploads\/2015\/12\/FOTO-1-MARIO-VILCHES-JUNTO-A-CLAUDIO-VILLARROEL-PROFESORES-DE-LA-ESCUELA-DE-F%C3%9ATBOL-FORTALEZAS-DE-ACONCAGUA.jpg?resize=300%2C197&amp;ssl=1 300w, https:\/\/i0.wp.com\/eltrabajo.cl\/portal\/wp-content\/uploads\/2015\/12\/FOTO-1-MARIO-VILCHES-JUNTO-A-CLAUDIO-VILLARROEL-PROFESORES-DE-LA-ESCUELA-DE-F%C3%9ATBOL-FORTALEZAS-DE-ACONCAGUA.jpg?resize=200%2C131&amp;ssl=1 200w, https:\/\/i0.wp.com\/eltrabajo.cl\/portal\/wp-content\/uploads\/2015\/12\/FOTO-1-MARIO-VILCHES-JUNTO-A-CLAUDIO-VILLARROEL-PROFESORES-DE-LA-ESCUELA-DE-F%C3%9ATBOL-FORTALEZAS-DE-ACONCAGUA.jpg?resize=228%2C150&amp;ssl=1 228w, https:\/\/i0.wp.com\/eltrabajo.cl\/portal\/wp-content\/uploads\/2015\/12\/FOTO-1-MARIO-VILCHES-JUNTO-A-CLAUDIO-VILLARROEL-PROFESORES-DE-LA-ESCUELA-DE-F%C3%9ATBOL-FORTALEZAS-DE-ACONCAGUA.jpg?resize=400%2C263&amp;ssl=1 400w, https:\/\/i0.wp.com\/eltrabajo.cl\/portal\/wp-content\/uploads\/2015\/12\/FOTO-1-MARIO-VILCHES-JUNTO-A-CLAUDIO-VILLARROEL-PROFESORES-DE-LA-ESCUELA-DE-F%C3%9ATBOL-FORTALEZAS-DE-ACONCAGUA.jpg?w=530&amp;ssl=1 530w\" sizes=\"auto, (max-width: 300px) 100vw, 300px\" \/><figcaption id=\"caption-attachment-64903\" class=\"wp-caption-text\">Mario Vilches junto a Claudio Villarroel, profesores de la escuela de f\u00fatbol Fortalezas de Aconcagua.<\/figcaption><\/figure>\n<p>De este mismo modo, Vilches se preocup\u00f3 de recordar que este logro es producto del esfuerzo de los propios muchachos y de todo un equipo de trabajo, analizando que \u201chay un tema econ\u00f3mico de por medio, social, esto de las copas es el esfuerzo de todos, de los profesores Claudio Villarroel como preparador de arqueros, Antonio Rod\u00f3 en la preparaci\u00f3n f\u00edsica y, por supuesto los pap\u00e1s, las copas es algo simb\u00f3lico, pero el tema humano es esencial y el que nos ha llevado a estar en esta\u201d, sentenci\u00f3.<\/p>\n<p><strong>HISTORIA Y FUNCIONAMIENTO<\/strong><br \/>\nCon 12 a\u00f1os de funcionamiento, la escuela Fortalezas de Aconcagua hoy cuenta con la participaci\u00f3n de casi 100 ni\u00f1os, tal como lo mencion\u00f3 su director, tiene como esencia el \u00e1mbito formativo y recibe a muchachos desde 5 a\u00f1os y hasta los 17, en 6 diferentes categor\u00edas. No es un espacio en el que se realicen prueba de jugadores, sino que es una iniciativa que permite recibir a muchachos que quieran aprender y desarrollar t\u00e9cnicas de f\u00fatbol.<br \/>\nVilches junto a su grupo de trabajo se re\u00fanen a entrenar a las categor\u00edas sub 7 y sub 9 los d\u00edas viernes en la cancha del Club Manuel Rodr\u00edguez, ubicada al interior de la Poblaci\u00f3n Casas de Quilpu\u00e9, mientras que las series mayores los s\u00e1bados a partir de las 9 de la ma\u00f1ana, en el mismo recinto deportivo.<br \/>\nRespecto del costo econ\u00f3mico que conlleva para los padres el que sus hijos puedan participar de esta instancia deportiva, Vilches detall\u00f3 que \u201cnosotros cobramos una mensualidad, que cubre en cierta forma parte tambi\u00e9n del campeonato que jugamos en Santiago, pero ac\u00e1 lo principal es que todo chico que llega, la motivaci\u00f3n es que aprenda a jugar y todos tienen la oportunidad de jugar y competir, nosotros los hacemos jugar a todos, por eso tenemos tantos chicos, a Fortalezas no siempre llegan los mejores, sino los que quieren aprender\u2026 quiero dejar bien en claro que no somos la mejor escuela, pero si la m\u00e1s formativa del Valle de Aconcagua\u201d, enfatiz\u00f3.<\/p>\n<p><strong>EL FUTURO<\/strong><br \/>\nEn enero, la categor\u00eda sub 17 de esta escuela, tendr\u00e1 que hacer gala de su t\u00edtulo en el Con-Con CUP, certamen internacional al cual se clasificaron tras coronarse campeones del torneo Anfi y a partir del 30 de enero, viajan a un Campeonato Internacional en la Patagonia Argentina.<br \/>\nRespecto de c\u00f3mo financiar\u00e1n la participaci\u00f3n en ambos cert\u00e1menes, Vilches cont\u00f3 que \u201charemos actividades, plato \u00fanicos, rifas, colectas y la Municipalidad de San Felipe siempre nos apoya con algunos viajes, siempre hacen un aporte con el bus de los chicos, as\u00ed que tambi\u00e9n estamos muy agradecidos y esperamos que ahora para el viaje a Argentina tambi\u00e9n nos puedan dar una mano\u201d, puntualiz\u00f3.<\/p>\n","protected":false},"excerpt":{"rendered":"<p>Escuela de f\u00fatbol sanfelipe\u00f1a consigui\u00f3 destacada participaci\u00f3n en torneo nacional donde participaban las filiales de los principales clubes profesionales de la Regi\u00f3n Metropolitana. La Escuela de F\u00fatbol Fortalezas de Aconcagua, dirigida por&#8230;<\/p>\n","protected":false},"author":482,"featured_media":64902,"comment_status":"open","ping_status":"open","sticky":false,"template":"","format":"standard","meta":{"advanced_seo_description":"","jetpack_seo_html_title":"","jetpack_seo_noindex":false,"_jetpack_memberships_contains_paid_content":false,"footnotes":""},"categories":[15],"tags":[],"class_list":["post-64901","post","type-post","status-publish","format-standard","has-post-thumbnail","hentry","category-comunidad"],"jetpack_featured_media_url":"https:\/\/i0.wp.com\/eltrabajo.cl\/portal\/wp-content\/uploads\/2015\/12\/FOTO-2-LOS-INTEGRANTES-DE-LA-ESCUELA-DE-F%C3%9ATBOL-FORTALEZAS-DE-ACONCAGUA-QUE-DURANTE-EL-2015-PARTICIPARON-DEL-TORNEO-ANFI.jpg?fit=530%2C349&ssl=1","jetpack_sharing_enabled":true,"jetpack_likes_enabled":true,"jetpack-related-posts":[],"_links":{"self":[{"href":"https:\/\/eltrabajo.cl\/portal\/wp-json\/wp\/v2\/posts\/64901","targetHints":{"allow":["GET"]}}],"collection":[{"href":"https:\/\/eltrabajo.cl\/portal\/wp-json\/wp\/v2\/posts"}],"about":[{"href":"https:\/\/eltrabajo.cl\/portal\/wp-json\/wp\/v2\/types\/post"}],"author":[{"embeddable":true,"href":"https:\/\/eltrabajo.cl\/portal\/wp-json\/wp\/v2\/users\/482"}],"replies":[{"embeddable":true,"href":"https:\/\/eltrabajo.cl\/portal\/wp-json\/wp\/v2\/comments?post=64901"}],"version-history":[{"count":0,"href":"https:\/\/eltrabajo.cl\/portal\/wp-json\/wp\/v2\/posts\/64901\/revisions"}],"wp:featuredmedia":[{"embeddable":true,"href":"https:\/\/eltrabajo.cl\/portal\/wp-json\/wp\/v2\/media\/64902"}],"wp:attachment":[{"href":"https:\/\/eltrabajo.cl\/portal\/wp-json\/wp\/v2\/media?parent=64901"}],"wp:term":[{"taxonomy":"category","embeddable":true,"href":"https:\/\/eltrabajo.cl\/portal\/wp-json\/wp\/v2\/categories?post=64901"},{"taxonomy":"post_tag","embeddable":true,"href":"https:\/\/eltrabajo.cl\/portal\/wp-json\/wp\/v2\/tags?post=64901"}],"curies":[{"name":"wp","href":"https:\/\/api.w.org\/{rel}","templated":true}]}}