{"id":64905,"date":"2015-12-17T14:35:29","date_gmt":"2015-12-17T17:35:29","guid":{"rendered":"http:\/\/www.eltrabajo.cl\/portal\/?p=64905"},"modified":"2015-12-17T14:35:29","modified_gmt":"2015-12-17T17:35:29","slug":"cuatro-estudiantes-egresan-de-la-escuela-especial-sagrado-corazon","status":"publish","type":"post","link":"https:\/\/eltrabajo.cl\/portal\/cuatro-estudiantes-egresan-de-la-escuela-especial-sagrado-corazon\/","title":{"rendered":"Cuatro estudiantes egresan de la Escuela Especial Sagrado Coraz\u00f3n"},"content":{"rendered":"<figure id=\"attachment_64906\" aria-describedby=\"caption-attachment-64906\" style=\"width: 300px\" class=\"wp-caption alignleft\"><img data-recalc-dims=\"1\" loading=\"lazy\" decoding=\"async\" class=\"wp-image-64906 size-medium\" src=\"https:\/\/i0.wp.com\/www.eltrabajo.cl\/portal\/wp-content\/uploads\/2015\/12\/Familiar33-300x198.jpg?resize=300%2C198\" alt=\"FAMILIA FELIZ.- Ellos son la familia Vald\u00e9s, alegres y tristes a la vez, pues la regalona Mar\u00eda Alejandra Vald\u00e9s Crocco ahora termin\u00f3 sus estudios.\" width=\"300\" height=\"198\" srcset=\"https:\/\/i0.wp.com\/eltrabajo.cl\/portal\/wp-content\/uploads\/2015\/12\/Familiar33.jpg?resize=300%2C198&amp;ssl=1 300w, https:\/\/i0.wp.com\/eltrabajo.cl\/portal\/wp-content\/uploads\/2015\/12\/Familiar33.jpg?resize=200%2C132&amp;ssl=1 200w, https:\/\/i0.wp.com\/eltrabajo.cl\/portal\/wp-content\/uploads\/2015\/12\/Familiar33.jpg?resize=227%2C150&amp;ssl=1 227w, https:\/\/i0.wp.com\/eltrabajo.cl\/portal\/wp-content\/uploads\/2015\/12\/Familiar33.jpg?resize=400%2C264&amp;ssl=1 400w, https:\/\/i0.wp.com\/eltrabajo.cl\/portal\/wp-content\/uploads\/2015\/12\/Familiar33.jpg?w=530&amp;ssl=1 530w\" sizes=\"auto, (max-width: 300px) 100vw, 300px\" \/><figcaption id=\"caption-attachment-64906\" class=\"wp-caption-text\">FAMILIA FELIZ.- Ellos son la familia Vald\u00e9s, alegres y tristes a la vez, pues la regalona Mar\u00eda Alejandra Vald\u00e9s Crocco ahora termin\u00f3 sus estudios.<\/figcaption><\/figure>\n<p>Cuatro fueron los estudiantes de la Escuela Especial Sagrado Coraz\u00f3n, los que egresaron ayer de ese centro educativo. Se trata de Mar\u00eda Alejandra Vald\u00e9s Crocco; Hugo Edgardo Zamora Salinas, Christi\u00e1n Eduardo Gonz\u00e1lez Aliaga y Francisco Andr\u00e9s Mart\u00ednez Zelaya, quienes desde que eran ni\u00f1os se incorporaron en distintos centros educativos especiales, culminando a sus 26 a\u00f1os en este centro sanfelipe\u00f1o.<\/p>\n<p><strong>TRISTE Y FELIZ<\/strong><br \/>\nEs un proceso que termina a esa edad, en virtud de los decretos de Gobierno que as\u00ed lo exige, situaci\u00f3n que en parte desanima a los apoderados. Diario El Trabajo habl\u00f3 con el pap\u00e1 de Alejandra, Miguel \u00c1ngel Vald\u00e9s, quien coment\u00f3 a nuestro medio que \u00aba nuestra hija, desde sus cinco a\u00f1os la tenemos estudiando, es muy inteligente y ahora pues nos sentimos alegres, y tristes a la vez, pues ella debi\u00f3 dejar ya la escuela, agradecemos mucho a todos quienes le han apoyado en estos a\u00f1os\u00bb.<br \/>\nA la gala de egreso asistieron autoridades como el Core Rolando Stevenson, el Gobernador Eduardo Le\u00f3n, la Comisario de Carabineros Maureen Espinoza y destacados directores de establecimientos educativos de la comuna.<br \/>\nCada uno de los j\u00f3venes present\u00f3 un data musical, en el que compartieron foto-recuerdos de su experiencia escolar, las profesoras encargadas de esta jornada y del proceso de formaci\u00f3n de los ahora egresados son Mar\u00eda Ximena P\u00e9rez y Nelly Alb\u00e1n Spencer.<br \/>\nImportante resulta se\u00f1alar, que de estos j\u00f3venes, algunos, ya est\u00e1n incorporados en un ambiente laboral, pero otros a\u00fan est\u00e1n en espera a que alg\u00fan empresario o instituci\u00f3n de la comuna les pueda y quiera brindar una oportunidad para trabajar, pues ellos son capaces de grandes responsabilidades, y s\u00f3lo falta ese voto de confianza.<br \/>\n<strong>Roberto Gonz\u00e1lez Short<\/strong><br \/>\n<strong>rgonzalez@eltrabajo.cl<\/strong><\/p>\n<div class=\"tiled-gallery type-rectangular tiled-gallery-unresized\" data-original-width=\"640\" data-carousel-extra='null' itemscope itemtype=\"http:\/\/schema.org\/ImageGallery\" > <div class=\"gallery-row\" style=\"width: 640px; height: 283px;\" data-original-width=\"640\" data-original-height=\"283\" > <div class=\"gallery-group images-1\" style=\"width: 428px; height: 283px;\" data-original-width=\"428\" data-original-height=\"283\" > <div class=\"tiled-gallery-item tiled-gallery-item-large\" itemprop=\"associatedMedia\" itemscope itemtype=\"http:\/\/schema.org\/ImageObject\"> <a href=\"https:\/\/eltrabajo.cl\/portal\/cuatro-estudiantes-egresan-de-la-escuela-especial-sagrado-corazon\/huguito33\/\" border=\"0\" itemprop=\"url\"> <meta itemprop=\"width\" content=\"424\"> <meta itemprop=\"height\" content=\"279\"> <img decoding=\"async\" class=\"\" data-attachment-id=\"64910\" data-orig-file=\"https:\/\/eltrabajo.cl\/portal\/wp-content\/uploads\/2015\/12\/Huguito33.jpg\" data-orig-size=\"530,348\" data-comments-opened=\"1\" data-image-meta=\"{&quot;aperture&quot;:&quot;0&quot;,&quot;credit&quot;:&quot;&quot;,&quot;camera&quot;:&quot;&quot;,&quot;caption&quot;:&quot;&quot;,&quot;created_timestamp&quot;:&quot;0&quot;,&quot;copyright&quot;:&quot;&quot;,&quot;focal_length&quot;:&quot;0&quot;,&quot;iso&quot;:&quot;0&quot;,&quot;shutter_speed&quot;:&quot;0&quot;,&quot;title&quot;:&quot;&quot;,&quot;orientation&quot;:&quot;0&quot;}\" data-image-title=\"Huguito33\" data-image-description=\"&lt;p&gt;LISTO PARA TRABAJAR.- Hugo Edgardo Zamora Salinas, egresado de la Escuela Especial Sagrado Coraz\u00f3n.&lt;\/p&gt; \" data-medium-file=\"https:\/\/i0.wp.com\/eltrabajo.cl\/portal\/wp-content\/uploads\/2015\/12\/Huguito33.jpg?fit=300%2C197&#038;ssl=1\" data-large-file=\"https:\/\/i0.wp.com\/eltrabajo.cl\/portal\/wp-content\/uploads\/2015\/12\/Huguito33.jpg?fit=530%2C348&#038;ssl=1\" src=\"https:\/\/i0.wp.com\/eltrabajo.cl\/portal\/wp-content\/uploads\/2015\/12\/Huguito33.jpg?w=424&#038;h=279&#038;ssl=1\" srcset=\"https:\/\/i0.wp.com\/eltrabajo.cl\/portal\/wp-content\/uploads\/2015\/12\/Huguito33.jpg?w=530&amp;ssl=1 530w, https:\/\/i0.wp.com\/eltrabajo.cl\/portal\/wp-content\/uploads\/2015\/12\/Huguito33.jpg?resize=200%2C131&amp;ssl=1 200w, https:\/\/i0.wp.com\/eltrabajo.cl\/portal\/wp-content\/uploads\/2015\/12\/Huguito33.jpg?resize=300%2C197&amp;ssl=1 300w, https:\/\/i0.wp.com\/eltrabajo.cl\/portal\/wp-content\/uploads\/2015\/12\/Huguito33.jpg?resize=228%2C150&amp;ssl=1 228w, https:\/\/i0.wp.com\/eltrabajo.cl\/portal\/wp-content\/uploads\/2015\/12\/Huguito33.jpg?resize=400%2C263&amp;ssl=1 400w\" width=\"424\" height=\"279\" loading=\"lazy\" data-original-width=\"424\" data-original-height=\"279\" itemprop=\"http:\/\/schema.org\/image\" title=\"Huguito33\" alt=\"LISTO PARA TRABAJAR.- Hugo Edgardo Zamora Salinas, egresado de la Escuela Especial Sagrado Coraz\u00f3n.\" style=\"width: 424px; height: 279px;\" \/> <\/a> <div class=\"tiled-gallery-caption\" itemprop=\"caption description\"> LISTO PARA TRABAJAR.- Hugo Edgardo Zamora Salinas, egresado de la Escuela Especial Sagrado Coraz\u00f3n. <\/div> <\/div> <\/div> <!-- close group --> <div class=\"gallery-group images-2\" style=\"width: 212px; height: 283px;\" data-original-width=\"212\" data-original-height=\"283\" > <div class=\"tiled-gallery-item tiled-gallery-item-small\" itemprop=\"associatedMedia\" itemscope itemtype=\"http:\/\/schema.org\/ImageObject\"> <a href=\"https:\/\/eltrabajo.cl\/portal\/cuatro-estudiantes-egresan-de-la-escuela-especial-sagrado-corazon\/aliaga33\/\" border=\"0\" itemprop=\"url\"> <meta itemprop=\"width\" content=\"208\"> <meta itemprop=\"height\" content=\"138\"> <img decoding=\"async\" class=\"\" data-attachment-id=\"64908\" data-orig-file=\"https:\/\/eltrabajo.cl\/portal\/wp-content\/uploads\/2015\/12\/Aliaga33.jpg\" data-orig-size=\"530,350\" data-comments-opened=\"1\" data-image-meta=\"{&quot;aperture&quot;:&quot;0&quot;,&quot;credit&quot;:&quot;&quot;,&quot;camera&quot;:&quot;&quot;,&quot;caption&quot;:&quot;&quot;,&quot;created_timestamp&quot;:&quot;0&quot;,&quot;copyright&quot;:&quot;&quot;,&quot;focal_length&quot;:&quot;0&quot;,&quot;iso&quot;:&quot;0&quot;,&quot;shutter_speed&quot;:&quot;0&quot;,&quot;title&quot;:&quot;&quot;,&quot;orientation&quot;:&quot;0&quot;}\" data-image-title=\"Aliaga33\" data-image-description=\"&lt;p&gt;DISPONIBLE.- \u00c9l es Christi\u00e1n Eduardo Gonz\u00e1lez Aliaga, muy inteligente y dispuesto a trabajar, si le dan la oportunidad.&lt;\/p&gt; \" data-medium-file=\"https:\/\/i0.wp.com\/eltrabajo.cl\/portal\/wp-content\/uploads\/2015\/12\/Aliaga33.jpg?fit=300%2C198&#038;ssl=1\" data-large-file=\"https:\/\/i0.wp.com\/eltrabajo.cl\/portal\/wp-content\/uploads\/2015\/12\/Aliaga33.jpg?fit=530%2C350&#038;ssl=1\" src=\"https:\/\/i0.wp.com\/eltrabajo.cl\/portal\/wp-content\/uploads\/2015\/12\/Aliaga33.jpg?w=208&#038;h=138&#038;ssl=1\" srcset=\"https:\/\/i0.wp.com\/eltrabajo.cl\/portal\/wp-content\/uploads\/2015\/12\/Aliaga33.jpg?w=530&amp;ssl=1 530w, https:\/\/i0.wp.com\/eltrabajo.cl\/portal\/wp-content\/uploads\/2015\/12\/Aliaga33.jpg?resize=200%2C132&amp;ssl=1 200w, https:\/\/i0.wp.com\/eltrabajo.cl\/portal\/wp-content\/uploads\/2015\/12\/Aliaga33.jpg?resize=300%2C198&amp;ssl=1 300w, https:\/\/i0.wp.com\/eltrabajo.cl\/portal\/wp-content\/uploads\/2015\/12\/Aliaga33.jpg?resize=227%2C150&amp;ssl=1 227w, https:\/\/i0.wp.com\/eltrabajo.cl\/portal\/wp-content\/uploads\/2015\/12\/Aliaga33.jpg?resize=400%2C264&amp;ssl=1 400w\" width=\"208\" height=\"138\" loading=\"lazy\" data-original-width=\"208\" data-original-height=\"138\" itemprop=\"http:\/\/schema.org\/image\" title=\"Aliaga33\" alt=\"DISPONIBLE.- \u00c9l es Christi\u00e1n Eduardo Gonz\u00e1lez Aliaga, muy inteligente y dispuesto a trabajar, si le dan la oportunidad.\" style=\"width: 208px; height: 138px;\" \/> <\/a> <div class=\"tiled-gallery-caption\" itemprop=\"caption description\"> DISPONIBLE.- \u00c9l es Christi\u00e1n Eduardo Gonz\u00e1lez Aliaga, muy inteligente y dispuesto a trabajar, si le dan la oportunidad. <\/div> <\/div> <div class=\"tiled-gallery-item tiled-gallery-item-small\" itemprop=\"associatedMedia\" itemscope itemtype=\"http:\/\/schema.org\/ImageObject\"> <a href=\"https:\/\/eltrabajo.cl\/portal\/cuatro-estudiantes-egresan-de-la-escuela-especial-sagrado-corazon\/autoridades1-30\/\" border=\"0\" itemprop=\"url\"> <meta itemprop=\"width\" content=\"208\"> <meta itemprop=\"height\" content=\"137\"> <img decoding=\"async\" class=\"\" data-attachment-id=\"64909\" data-orig-file=\"https:\/\/eltrabajo.cl\/portal\/wp-content\/uploads\/2015\/12\/Autoridades1.jpg\" data-orig-size=\"530,350\" data-comments-opened=\"1\" data-image-meta=\"{&quot;aperture&quot;:&quot;0&quot;,&quot;credit&quot;:&quot;&quot;,&quot;camera&quot;:&quot;&quot;,&quot;caption&quot;:&quot;&quot;,&quot;created_timestamp&quot;:&quot;0&quot;,&quot;copyright&quot;:&quot;&quot;,&quot;focal_length&quot;:&quot;0&quot;,&quot;iso&quot;:&quot;0&quot;,&quot;shutter_speed&quot;:&quot;0&quot;,&quot;title&quot;:&quot;&quot;,&quot;orientation&quot;:&quot;0&quot;}\" data-image-title=\"Autoridades1\" data-image-description=\"&lt;p&gt;A la gala de egreso asistieron autoridades como el Core Rolando Stevenson, el gobernador Eduardo Le\u00f3n, la Comisario de Carabineros Maureen Espinoza y destacados directores de establecimientos educativos de la comuna.&lt;\/p&gt; \" data-medium-file=\"https:\/\/i0.wp.com\/eltrabajo.cl\/portal\/wp-content\/uploads\/2015\/12\/Autoridades1.jpg?fit=300%2C198&#038;ssl=1\" data-large-file=\"https:\/\/i0.wp.com\/eltrabajo.cl\/portal\/wp-content\/uploads\/2015\/12\/Autoridades1.jpg?fit=530%2C350&#038;ssl=1\" src=\"https:\/\/i0.wp.com\/eltrabajo.cl\/portal\/wp-content\/uploads\/2015\/12\/Autoridades1.jpg?w=208&#038;h=137&#038;ssl=1\" srcset=\"https:\/\/i0.wp.com\/eltrabajo.cl\/portal\/wp-content\/uploads\/2015\/12\/Autoridades1.jpg?w=530&amp;ssl=1 530w, https:\/\/i0.wp.com\/eltrabajo.cl\/portal\/wp-content\/uploads\/2015\/12\/Autoridades1.jpg?resize=200%2C132&amp;ssl=1 200w, https:\/\/i0.wp.com\/eltrabajo.cl\/portal\/wp-content\/uploads\/2015\/12\/Autoridades1.jpg?resize=300%2C198&amp;ssl=1 300w, https:\/\/i0.wp.com\/eltrabajo.cl\/portal\/wp-content\/uploads\/2015\/12\/Autoridades1.jpg?resize=227%2C150&amp;ssl=1 227w, https:\/\/i0.wp.com\/eltrabajo.cl\/portal\/wp-content\/uploads\/2015\/12\/Autoridades1.jpg?resize=400%2C264&amp;ssl=1 400w\" width=\"208\" height=\"137\" loading=\"lazy\" data-original-width=\"208\" data-original-height=\"137\" itemprop=\"http:\/\/schema.org\/image\" title=\"Autoridades1\" alt=\"A la gala de egreso asistieron autoridades como el Core Rolando Stevenson, el gobernador Eduardo Le\u00f3n, la Comisario de Carabineros Maureen Espinoza y destacados directores de establecimientos educativos de la comuna.\" style=\"width: 208px; height: 137px;\" \/> <\/a> <div class=\"tiled-gallery-caption\" itemprop=\"caption description\"> A la gala de egreso asistieron autoridades como el Core Rolando Stevenson, el gobernador Eduardo Le\u00f3n, la Comisario de Carabineros Maureen Espinoza y destacados directores de establecimientos educativos de la comuna. <\/div> <\/div> <\/div> <!-- close group --> <\/div> <!-- close row --> <\/div>\n","protected":false},"excerpt":{"rendered":"<p>Cuatro fueron los estudiantes de la Escuela Especial Sagrado Coraz\u00f3n, los que egresaron ayer de ese centro educativo. Se trata de Mar\u00eda Alejandra Vald\u00e9s Crocco; Hugo Edgardo Zamora Salinas, Christi\u00e1n Eduardo Gonz\u00e1lez&#8230;<\/p>\n","protected":false},"author":482,"featured_media":64906,"comment_status":"open","ping_status":"open","sticky":false,"template":"","format":"standard","meta":{"advanced_seo_description":"","jetpack_seo_html_title":"","jetpack_seo_noindex":false,"_jetpack_memberships_contains_paid_content":false,"footnotes":""},"categories":[15],"tags":[],"class_list":["post-64905","post","type-post","status-publish","format-standard","has-post-thumbnail","hentry","category-comunidad"],"jetpack_featured_media_url":"https:\/\/i0.wp.com\/eltrabajo.cl\/portal\/wp-content\/uploads\/2015\/12\/Familiar33.jpg?fit=530%2C350&ssl=1","jetpack_sharing_enabled":true,"jetpack_likes_enabled":true,"jetpack-related-posts":[],"_links":{"self":[{"href":"https:\/\/eltrabajo.cl\/portal\/wp-json\/wp\/v2\/posts\/64905","targetHints":{"allow":["GET"]}}],"collection":[{"href":"https:\/\/eltrabajo.cl\/portal\/wp-json\/wp\/v2\/posts"}],"about":[{"href":"https:\/\/eltrabajo.cl\/portal\/wp-json\/wp\/v2\/types\/post"}],"author":[{"embeddable":true,"href":"https:\/\/eltrabajo.cl\/portal\/wp-json\/wp\/v2\/users\/482"}],"replies":[{"embeddable":true,"href":"https:\/\/eltrabajo.cl\/portal\/wp-json\/wp\/v2\/comments?post=64905"}],"version-history":[{"count":0,"href":"https:\/\/eltrabajo.cl\/portal\/wp-json\/wp\/v2\/posts\/64905\/revisions"}],"wp:featuredmedia":[{"embeddable":true,"href":"https:\/\/eltrabajo.cl\/portal\/wp-json\/wp\/v2\/media\/64906"}],"wp:attachment":[{"href":"https:\/\/eltrabajo.cl\/portal\/wp-json\/wp\/v2\/media?parent=64905"}],"wp:term":[{"taxonomy":"category","embeddable":true,"href":"https:\/\/eltrabajo.cl\/portal\/wp-json\/wp\/v2\/categories?post=64905"},{"taxonomy":"post_tag","embeddable":true,"href":"https:\/\/eltrabajo.cl\/portal\/wp-json\/wp\/v2\/tags?post=64905"}],"curies":[{"name":"wp","href":"https:\/\/api.w.org\/{rel}","templated":true}]}}