{"id":6491,"date":"2011-11-22T08:34:12","date_gmt":"2011-11-22T12:34:12","guid":{"rendered":"http:\/\/www.eltrabajo.cl\/portal\/?p=6491"},"modified":"2011-11-22T08:34:12","modified_gmt":"2011-11-22T12:34:12","slug":"escuela-21-de-mayo-rindio-homenaje-a-los-abuelitos-del-sector","status":"publish","type":"post","link":"https:\/\/eltrabajo.cl\/portal\/escuela-21-de-mayo-rindio-homenaje-a-los-abuelitos-del-sector\/","title":{"rendered":"Escuela 21 de Mayo rindi\u00f3 homenaje a los abuelitos del sector"},"content":{"rendered":"<figure id=\"attachment_6492\" aria-describedby=\"caption-attachment-6492\" style=\"width: 600px\" class=\"wp-caption alignnone\"><a href=\"http:\/\/www.eltrabajo.cl\/portal\/archives\/6491\/abuelitos-21-de-mayo-2\" rel=\"attachment wp-att-6492\"><img data-recalc-dims=\"1\" loading=\"lazy\" decoding=\"async\" class=\"size-full wp-image-6492\" title=\"abuelitos 21 de mayo (2)\" src=\"https:\/\/i0.wp.com\/www.eltrabajo.cl\/portal\/wp-content\/uploads\/2011\/11\/abuelitos-21-de-mayo-2.jpg?resize=600%2C450\" alt=\"\" width=\"600\" height=\"450\" srcset=\"https:\/\/i0.wp.com\/eltrabajo.cl\/portal\/wp-content\/uploads\/2011\/11\/abuelitos-21-de-mayo-2.jpg?w=600&amp;ssl=1 600w, https:\/\/i0.wp.com\/eltrabajo.cl\/portal\/wp-content\/uploads\/2011\/11\/abuelitos-21-de-mayo-2.jpg?resize=200%2C150&amp;ssl=1 200w, https:\/\/i0.wp.com\/eltrabajo.cl\/portal\/wp-content\/uploads\/2011\/11\/abuelitos-21-de-mayo-2.jpg?resize=300%2C225&amp;ssl=1 300w, https:\/\/i0.wp.com\/eltrabajo.cl\/portal\/wp-content\/uploads\/2011\/11\/abuelitos-21-de-mayo-2.jpg?resize=150%2C112&amp;ssl=1 150w, https:\/\/i0.wp.com\/eltrabajo.cl\/portal\/wp-content\/uploads\/2011\/11\/abuelitos-21-de-mayo-2.jpg?resize=400%2C300&amp;ssl=1 400w\" sizes=\"auto, (max-width: 600px) 100vw, 600px\" \/><\/a><figcaption id=\"caption-attachment-6492\" class=\"wp-caption-text\">Los abuelitos comparten un delicioso y contundente desayuno.<\/figcaption><\/figure>\n<p>Un emotivo y sentido homenaje rindieron los alumnos de la Escuela 21 de Mayo y toda la unidad educativa encabezada por su Director, Manuel Araya Carvallo, a los abuelitos del sector.<\/p>\n<p>Los alumnos se prepararon con gran entusiasmo para homenajear a aquellos que fueron colonizando los terrenos pedregosos alrededor del r\u00edo Putaendo, visionarios j\u00f3venes de entonces que en los crudos d\u00edas de invierno deb\u00edan cruzar el bad\u00e9n para conseguir v\u00edveres y que con sus propias manos acarrearon piedras del r\u00edo para construir las primeras salas de la hoy en d\u00eda m\u00e1s grande escuelita rural de la comuna de San Felipe.<\/p>\n<p>Debido a lo mismo, la Profesora Uberlinda Gonz\u00e1lez, Sandra G\u00f3mez y el Profesor Jorge Clavero, organizaron un acto muy emotivo donde se destac\u00f3 la participaci\u00f3n de los m\u00e1s peque\u00f1itos, adem\u00e1s los ni\u00f1os con mucho esfuerzo y entusiasmo donaron golosinas para acompa\u00f1ar en el desayuno que les ofrecieron a todos los abuelitos presentes.<\/p>\n","protected":false},"excerpt":{"rendered":"<p>Un emotivo y sentido homenaje rindieron los alumnos de la Escuela 21 de Mayo y toda la unidad educativa encabezada por su Director, Manuel Araya Carvallo, a los abuelitos del sector. Los&#8230;<\/p>\n","protected":false},"author":482,"featured_media":6492,"comment_status":"open","ping_status":"open","sticky":false,"template":"","format":"standard","meta":{"advanced_seo_description":"","jetpack_seo_html_title":"","jetpack_seo_noindex":false,"_jetpack_memberships_contains_paid_content":false,"footnotes":""},"categories":[15],"tags":[],"class_list":["post-6491","post","type-post","status-publish","format-standard","has-post-thumbnail","hentry","category-comunidad"],"jetpack_featured_media_url":"https:\/\/i0.wp.com\/eltrabajo.cl\/portal\/wp-content\/uploads\/2011\/11\/abuelitos-21-de-mayo-2.jpg?fit=600%2C450&ssl=1","jetpack_sharing_enabled":true,"jetpack_likes_enabled":true,"jetpack-related-posts":[],"_links":{"self":[{"href":"https:\/\/eltrabajo.cl\/portal\/wp-json\/wp\/v2\/posts\/6491","targetHints":{"allow":["GET"]}}],"collection":[{"href":"https:\/\/eltrabajo.cl\/portal\/wp-json\/wp\/v2\/posts"}],"about":[{"href":"https:\/\/eltrabajo.cl\/portal\/wp-json\/wp\/v2\/types\/post"}],"author":[{"embeddable":true,"href":"https:\/\/eltrabajo.cl\/portal\/wp-json\/wp\/v2\/users\/482"}],"replies":[{"embeddable":true,"href":"https:\/\/eltrabajo.cl\/portal\/wp-json\/wp\/v2\/comments?post=6491"}],"version-history":[{"count":0,"href":"https:\/\/eltrabajo.cl\/portal\/wp-json\/wp\/v2\/posts\/6491\/revisions"}],"wp:featuredmedia":[{"embeddable":true,"href":"https:\/\/eltrabajo.cl\/portal\/wp-json\/wp\/v2\/media\/6492"}],"wp:attachment":[{"href":"https:\/\/eltrabajo.cl\/portal\/wp-json\/wp\/v2\/media?parent=6491"}],"wp:term":[{"taxonomy":"category","embeddable":true,"href":"https:\/\/eltrabajo.cl\/portal\/wp-json\/wp\/v2\/categories?post=6491"},{"taxonomy":"post_tag","embeddable":true,"href":"https:\/\/eltrabajo.cl\/portal\/wp-json\/wp\/v2\/tags?post=6491"}],"curies":[{"name":"wp","href":"https:\/\/api.w.org\/{rel}","templated":true}]}}